{"id":4313,"date":"2024-04-24T19:10:28","date_gmt":"2024-04-24T17:10:28","guid":{"rendered":"https:\/\/wordpress.nibis.de\/gsfinken\/?p=4313"},"modified":"2024-04-24T19:10:28","modified_gmt":"2024-04-24T17:10:28","slug":"besuch-der-kunsthalle-in-emden","status":"publish","type":"post","link":"https:\/\/wordpress.nibis.de\/gsfinken\/besuch-der-kunsthalle-in-emden\/","title":{"rendered":"Besuch der Kunsthalle in Emden"},"content":{"rendered":"<p style=\"text-align: left\"><span style=\"color: #1a1a1a;font-family: 'Open Sans', Arial, sans-serif;font-size: 14px\">Die Sch\u00fcler und Sch\u00fclerinnen der vierten Klassen hatten die M\u00f6glichkeit die Kunsthalle in Emden zu besuchen. Vor Ort erhielten die Kinder eine F\u00fchrung durch die aktuelle Ausstellung mit Erl\u00e4uterungen zu den Kunstwerken und den K\u00fcnstlern und nat\u00fcrlich gab es viel Zeit f\u00fcr Nachfragen. Das genaue Hinschauen und Entdecken von Einzelheiten auf den &#8222;echten Kunstwerken&#8220; machte den Kindern sehr viel Spa\u00df. Ebenfalls auf dem Programm stand eine Stunde im &#8222;K\u00fcnstleratelier&#8220;. Thema hier war das Gestalten von Phantasietieren. In einem kleinen Workshop wurden nach dem Entwerfen von Skizzen gro\u00dfe W\u00e4nde bemalt und gestaltet. Der Ausflug wurde durch die Einnahmen des Kunstwettbewerbs &#8222;jugend creativ&#8220; der Volksbank Raiffeisenbank mit finanziert.<\/span><\/p>\n<p><img loading=\"lazy\" decoding=\"async\" class=\"alignnone size-medium wp-image-4300\" src=\"https:\/\/wordpress.nibis.de\/gsfinken\/files\/20240416_094137-300x225.jpg\" alt=\"\" width=\"300\" height=\"225\" srcset=\"https:\/\/wordpress.nibis.de\/gsfinken\/files\/20240416_094137-300x225.jpg 300w, https:\/\/wordpress.nibis.de\/gsfinken\/files\/20240416_094137-800x600.jpg 800w, https:\/\/wordpress.nibis.de\/gsfinken\/files\/20240416_094137-768x576.jpg 768w, https:\/\/wordpress.nibis.de\/gsfinken\/files\/20240416_094137-1536x1152.jpg 1536w, https:\/\/wordpress.nibis.de\/gsfinken\/files\/20240416_094137-2048x1536.jpg 2048w\" sizes=\"auto, (max-width: 300px) 100vw, 300px\" \/><\/p>\n<p><img loading=\"lazy\" decoding=\"async\" class=\"alignnone size-medium wp-image-4303\" src=\"https:\/\/wordpress.nibis.de\/gsfinken\/files\/20240416_100417-1-225x300.jpg\" alt=\"\" width=\"225\" height=\"300\" srcset=\"https:\/\/wordpress.nibis.de\/gsfinken\/files\/20240416_100417-1-225x300.jpg 225w, https:\/\/wordpress.nibis.de\/gsfinken\/files\/20240416_100417-1-450x600.jpg 450w, https:\/\/wordpress.nibis.de\/gsfinken\/files\/20240416_100417-1-768x1024.jpg 768w, https:\/\/wordpress.nibis.de\/gsfinken\/files\/20240416_100417-1-1152x1536.jpg 1152w, https:\/\/wordpress.nibis.de\/gsfinken\/files\/20240416_100417-1-1536x2048.jpg 1536w, https:\/\/wordpress.nibis.de\/gsfinken\/files\/20240416_100417-1-scaled.jpg 1920w\" sizes=\"auto, (max-width: 225px) 100vw, 225px\" \/><\/p>\n<p><img loading=\"lazy\" decoding=\"async\" class=\"alignnone size-medium wp-image-4299\" src=\"https:\/\/wordpress.nibis.de\/gsfinken\/files\/20240416_110903-300x225.jpg\" alt=\"\" width=\"300\" height=\"225\" srcset=\"https:\/\/wordpress.nibis.de\/gsfinken\/files\/20240416_110903-300x225.jpg 300w, https:\/\/wordpress.nibis.de\/gsfinken\/files\/20240416_110903-800x600.jpg 800w, https:\/\/wordpress.nibis.de\/gsfinken\/files\/20240416_110903-768x576.jpg 768w, https:\/\/wordpress.nibis.de\/gsfinken\/files\/20240416_110903-1536x1152.jpg 1536w, https:\/\/wordpress.nibis.de\/gsfinken\/files\/20240416_110903-2048x1536.jpg 2048w\" sizes=\"auto, (max-width: 300px) 100vw, 300px\" \/><\/p>\n<p><img loading=\"lazy\" decoding=\"async\" class=\"alignnone size-medium wp-image-4304\" src=\"https:\/\/wordpress.nibis.de\/gsfinken\/files\/20240416_110923-300x225.jpg\" alt=\"\" width=\"300\" height=\"225\" srcset=\"https:\/\/wordpress.nibis.de\/gsfinken\/files\/20240416_110923-300x225.jpg 300w, https:\/\/wordpress.nibis.de\/gsfinken\/files\/20240416_110923-800x600.jpg 800w, https:\/\/wordpress.nibis.de\/gsfinken\/files\/20240416_110923-768x576.jpg 768w, https:\/\/wordpress.nibis.de\/gsfinken\/files\/20240416_110923-1536x1152.jpg 1536w, https:\/\/wordpress.nibis.de\/gsfinken\/files\/20240416_110923-2048x1536.jpg 2048w\" sizes=\"auto, (max-width: 300px) 100vw, 300px\" \/><\/p>\n<p>&nbsp;<\/p>\n","protected":false},"excerpt":{"rendered":"<p>Die Sch\u00fcler und Sch\u00fclerinnen der vierten Klassen hatten die M\u00f6glichkeit die Kunsthalle in Emden zu besuchen. Vor Ort erhielten die Kinder eine F\u00fchrung durch die aktuelle Ausstellung mit Erl\u00e4uterungen zu den Kunstwerken und den K\u00fcnstlern und nat\u00fcrlich gab es viel &hellip; <a href=\"https:\/\/wordpress.nibis.de\/gsfinken\/besuch-der-kunsthalle-in-emden\/\">Weiterlesen <span class=\"meta-nav\">&rarr;<\/span><\/a><\/p>\n","protected":false},"author":393,"featured_media":0,"comment_status":"closed","ping_status":"closed","sticky":false,"template":"","format":"standard","meta":{"footnotes":""},"categories":[1],"tags":[],"class_list":["post-4313","post","type-post","status-publish","format-standard","hentry","category-leitbild"],"_links":{"self":[{"href":"https:\/\/wordpress.nibis.de\/gsfinken\/wp-json\/wp\/v2\/posts\/4313","targetHints":{"allow":["GET"]}}],"collection":[{"href":"https:\/\/wordpress.nibis.de\/gsfinken\/wp-json\/wp\/v2\/posts"}],"about":[{"href":"https:\/\/wordpress.nibis.de\/gsfinken\/wp-json\/wp\/v2\/types\/post"}],"author":[{"embeddable":true,"href":"https:\/\/wordpress.nibis.de\/gsfinken\/wp-json\/wp\/v2\/users\/393"}],"replies":[{"embeddable":true,"href":"https:\/\/wordpress.nibis.de\/gsfinken\/wp-json\/wp\/v2\/comments?post=4313"}],"version-history":[{"count":1,"href":"https:\/\/wordpress.nibis.de\/gsfinken\/wp-json\/wp\/v2\/posts\/4313\/revisions"}],"predecessor-version":[{"id":4314,"href":"https:\/\/wordpress.nibis.de\/gsfinken\/wp-json\/wp\/v2\/posts\/4313\/revisions\/4314"}],"wp:attachment":[{"href":"https:\/\/wordpress.nibis.de\/gsfinken\/wp-json\/wp\/v2\/media?parent=4313"}],"wp:term":[{"taxonomy":"category","embeddable":true,"href":"https:\/\/wordpress.nibis.de\/gsfinken\/wp-json\/wp\/v2\/categories?post=4313"},{"taxonomy":"post_tag","embeddable":true,"href":"https:\/\/wordpress.nibis.de\/gsfinken\/wp-json\/wp\/v2\/tags?post=4313"}],"curies":[{"name":"wp","href":"https:\/\/api.w.org\/{rel}","templated":true}]}}