{"id":131,"date":"2025-09-11T08:53:33","date_gmt":"2025-09-11T06:53:33","guid":{"rendered":"https:\/\/wordpress.nibis.de\/gsh\/?p=131"},"modified":"2026-04-10T08:05:56","modified_gmt":"2026-04-10T06:05:56","slug":"kollegium","status":"publish","type":"post","link":"https:\/\/wordpress.nibis.de\/gsh\/2025\/09\/11\/kollegium\/","title":{"rendered":"KOLLEGIUM"},"content":{"rendered":"\n<h2 class=\"wp-block-heading\">Das sind wir \u2013 das Team unserer Schule<\/h2>\n\n\n\n<p>An unserer Schule sind wir <strong>mehr als nur Lehrerinnen und Lehrer<\/strong> \u2013 wir sind ein engagiertes Team aus <strong>p\u00e4dagogischen Fachkr\u00e4ften, Lehrkr\u00e4ften, Mitarbeitenden im Sekretariat<\/strong> und einem <strong>Hausmeister<\/strong>, die jeden Tag mit Herz, Verstand und Humor daf\u00fcr sorgen, dass sich unsere Sch\u00fclerinnen und Sch\u00fcler <strong>wohlf\u00fchlen, lernen und wachsen<\/strong> k\u00f6nnen.<\/p>\n\n\n\n<p>Ob im Unterricht, auf dem Pausenhof, im B\u00fcro oder hinter den Kulissen \u2013 <strong>jeder von uns tr\u00e4gt dazu bei<\/strong>, dass das Schulleben bunt, lebendig und gut organisiert ist.<\/p>\n\n\n\n<p>Wir arbeiten <strong>Hand in Hand<\/strong>, um unsere Schule zu einem Ort zu machen, an dem <strong>Lernen Freude macht, Kinder stark werden und Gemeinschaft gelebt wird<\/strong>.<\/p>\n\n\n\n<p>Hier stellen wir uns vor: <\/p>\n\n\n\n<h3 class=\"wp-block-heading\">Das Schulleitungsteam<\/h3>\n\n\n\n<p>Unsere Schule wird von einem starken Leitungsteam gef\u00fchrt, das mit viel Engagement und Herz f\u00fcr ein gutes Miteinander sorgt:<\/p>\n\n\n\n<ul class=\"wp-block-list\">\n<li><strong>Frau McLaren<\/strong><br>Sie \u00fcbernimmt derzeit die kommissarische Schulleitung und steht mit viel Kompetenz und Offenheit an der Spitze unserer Schule.<\/li>\n\n\n\n<li><strong>Frau Sender<\/strong><br>Als Mitglied des Schulleitungsteams unterst\u00fctzt sie Frau McLaren und setzt sich mit viel Herz f\u00fcr unsere Schulgemeinschaft ein.<\/li>\n<\/ul>\n\n\n\n<p>Gemeinsam arbeiten sie daran, dass unsere Schule ein Ort ist, an dem Kinder gerne lernen und alle sich wohlf\u00fchlen.<\/p>\n\n\n\n<hr class=\"wp-block-separator has-css-opacity\" \/>\n\n\n\n<h3 class=\"wp-block-heading\">Unsere Klassenlehrerinnen und Klassenlehrer<\/h3>\n\n\n\n<p><strong>1. Jahrgang<\/strong><\/p>\n\n\n\n<ul class=\"wp-block-list\">\n<li>Klasse 1a: Frau Ilman<\/li>\n\n\n\n<li>Klasse 1b: Frau Jahnke<\/li>\n\n\n\n<li>Klasse 1c: Herr Nielsen<\/li>\n<\/ul>\n\n\n\n<p><strong>2. Jahrgang<\/strong><\/p>\n\n\n\n<ul class=\"wp-block-list\">\n<li>Klasse 2a: Frau Weinberger<\/li>\n\n\n\n<li>Klasse 2b: Frau Brockmann<\/li>\n\n\n\n<li>Klasse 2c: Frau Graj<\/li>\n<\/ul>\n\n\n\n<p><strong>3. Jahrgang<\/strong><\/p>\n\n\n\n<ul class=\"wp-block-list\">\n<li>Klasse 3a: Herr L\u00f6sche<\/li>\n\n\n\n<li>Klasse 3b: Frau Berkenheide<\/li>\n\n\n\n<li>Klasse 3c: Frau Wroblewski<\/li>\n<\/ul>\n\n\n\n<p><strong>4. Jahrgang<\/strong><\/p>\n\n\n\n<ul class=\"wp-block-list\">\n<li>Klasse 4a: Frau McLaren<\/li>\n\n\n\n<li>Klasse 4b: Frau Sender<\/li>\n<\/ul>\n\n\n\n<p><strong>Weitere Lehrkr\u00e4fte<\/strong><\/p>\n\n\n\n<ul class=\"wp-block-list\">\n<li>Frau Marx<\/li>\n\n\n\n<li>Herr Riechers<\/li>\n\n\n\n<li>Frau Hochmuth<\/li>\n\n\n\n<li>Frau Destanovic<\/li>\n\n\n\n<li>Frau Locker-Richter<\/li>\n<\/ul>\n\n\n\n<hr class=\"wp-block-separator has-css-opacity\" \/>\n\n\n\n<h3 class=\"wp-block-heading\">Unsere p\u00e4dagogischen Fachkr\u00e4fte<\/h3>\n\n\n\n<p>Mit viel Einf\u00fchlungsverm\u00f6gen und individueller Unterst\u00fctzung begleiten Frau Schomburg, Frau Leistner und Frau L\u00fcder unsere Sch\u00fclerinnen und Sch\u00fcler auf ihrem Weg.<\/p>\n\n\n\n<hr class=\"wp-block-separator has-css-opacity\" \/>\n\n\n\n<h3 class=\"wp-block-heading\">Unser F\u00f6rderteam<\/h3>\n\n\n\n<p>F\u00fcr besondere F\u00f6rderung und Unterst\u00fctzung ist Frau Schmiemann-Bald da \u2013 damit jedes Kind bestm\u00f6glich gef\u00f6rdert wird.<\/p>\n\n\n\n<hr class=\"wp-block-separator has-css-opacity\" \/>\n\n\n\n<h3 class=\"wp-block-heading\">Unser Team hinter den Kulissen<\/h3>\n\n\n\n<p><strong>Sekretariat<\/strong><br>Frau Maicher ist die freundliche Stimme und das offene Ohr unserer Schule. Sie hilft Ihnen gerne bei allen Fragen und Anliegen.<\/p>\n\n\n\n<p><strong>Hausmeister<\/strong><br>Herr Natho, Herr Henseler und Herr Schwarz sorgen mit viel Engagement daf\u00fcr, dass unsere Schule ein sicherer, sauberer und einladender Ort zum Lernen und Leben ist.<\/p>\n\n\n\n<hr class=\"wp-block-separator has-css-opacity\" \/>\n\n\n\n<p>Wir freuen uns auf eine vertrauensvolle Zusammenarbeit mit Ihnen und Ihren Kindern!<\/p>\n\n\n\n<hr class=\"wp-block-separator has-css-opacity\" \/>\n","protected":false},"excerpt":{"rendered":"<p>Das sind wir \u2013 das Team unserer Schule An unserer Schule sind wir mehr als nur Lehrerinnen und Lehrer \u2013 wir sind ein engagiertes Team aus p\u00e4dagogischen Fachkr\u00e4ften, Lehrkr\u00e4ften, Mitarbeitenden im Sekretariat und einem Hausmeister, die jeden Tag mit Herz, Verstand und Humor daf\u00fcr sorgen, dass sich unsere Sch\u00fclerinnen und Sch\u00fcler wohlf\u00fchlen, lernen und wachsen [&hellip;]<\/p>\n","protected":false},"author":9194667,"featured_media":0,"comment_status":"closed","ping_status":"closed","sticky":false,"template":"","format":"standard","meta":{"footnotes":""},"categories":[1],"tags":[],"class_list":["post-131","post","type-post","status-publish","format-standard","hentry","category-allgemein"],"_links":{"self":[{"href":"https:\/\/wordpress.nibis.de\/gsh\/wp-json\/wp\/v2\/posts\/131","targetHints":{"allow":["GET"]}}],"collection":[{"href":"https:\/\/wordpress.nibis.de\/gsh\/wp-json\/wp\/v2\/posts"}],"about":[{"href":"https:\/\/wordpress.nibis.de\/gsh\/wp-json\/wp\/v2\/types\/post"}],"author":[{"embeddable":true,"href":"https:\/\/wordpress.nibis.de\/gsh\/wp-json\/wp\/v2\/users\/9194667"}],"replies":[{"embeddable":true,"href":"https:\/\/wordpress.nibis.de\/gsh\/wp-json\/wp\/v2\/comments?post=131"}],"version-history":[{"count":13,"href":"https:\/\/wordpress.nibis.de\/gsh\/wp-json\/wp\/v2\/posts\/131\/revisions"}],"predecessor-version":[{"id":447,"href":"https:\/\/wordpress.nibis.de\/gsh\/wp-json\/wp\/v2\/posts\/131\/revisions\/447"}],"wp:attachment":[{"href":"https:\/\/wordpress.nibis.de\/gsh\/wp-json\/wp\/v2\/media?parent=131"}],"wp:term":[{"taxonomy":"category","embeddable":true,"href":"https:\/\/wordpress.nibis.de\/gsh\/wp-json\/wp\/v2\/categories?post=131"},{"taxonomy":"post_tag","embeddable":true,"href":"https:\/\/wordpress.nibis.de\/gsh\/wp-json\/wp\/v2\/tags?post=131"}],"curies":[{"name":"wp","href":"https:\/\/api.w.org\/{rel}","templated":true}]}}