{"id":185,"date":"2025-09-11T09:48:05","date_gmt":"2025-09-11T07:48:05","guid":{"rendered":"https:\/\/wordpress.nibis.de\/gsh\/?p=185"},"modified":"2026-04-27T10:21:29","modified_gmt":"2026-04-27T08:21:29","slug":"projekt-brueckenjahr","status":"publish","type":"post","link":"https:\/\/wordpress.nibis.de\/gsh\/2025\/09\/11\/projekt-brueckenjahr\/","title":{"rendered":"PROJEKT BR\u00dcCKENJAHR"},"content":{"rendered":"\n<h2 class=\"wp-block-heading\">Gemeinsam stark f\u00fcrs Br\u00fcckenjahr \u2013 Ein guter Start in die Schulzeit<\/h2>\n\n\n\n<p>Die enge Zusammenarbeit zwischen der <strong>Grundschule M\u00fchlenfeld<\/strong> und dem <strong>Kindergarten M\u00fchlenfeld<\/strong> besteht seit vielen Jahren \u2013 entstanden im Rahmen des Modellprojekts <strong>\u201eBr\u00fcckenjahr\u201c<\/strong>. Ziel dieser Kooperation ist es, allen Kindern den \u00dcbergang vom Kindergarten in die Schule m\u00f6glichst sanft, sicher und erfolgreich zu gestalten.<\/p>\n\n\n\n<h3 class=\"wp-block-heading\">Was braucht mein Kind f\u00fcr einen guten Schulstart?<\/h3>\n\n\n\n<p>Die folgende \u00dcbersicht zeigt wichtige F\u00e4higkeiten und Voraussetzungen, die Kindern helfen, gut in der Schule anzukommen \u2013 und langfristig erfolgreich zu lernen.<br>Fr\u00fcher lag der Fokus vor allem auf kognitiven F\u00e4higkeiten. Heute wissen wir: Auch <strong>k\u00f6rperliche Entwicklung<\/strong> und <strong>soziale Kompetenzen<\/strong> sind entscheidend f\u00fcr die Schulreife.<\/p>\n\n\n\n<p>Dabei gilt: <strong>Jedes Kind ist einzigartig.<\/strong> Kein Kind muss alles perfekt k\u00f6nnen \u2013 aber gemeinsam k\u00f6nnen Eltern und p\u00e4dagogische Fachkr\u00e4fte die Entwicklung gezielt f\u00f6rdern.<\/p>\n\n\n\n<hr class=\"wp-block-separator has-css-opacity\" \/>\n\n\n\n<h2 class=\"wp-block-heading\">Drei wichtige Entwicklungsbereiche<\/h2>\n\n\n\n<h3 class=\"wp-block-heading\"><strong>1. Kognitiver Bereich<\/strong><\/h3>\n\n\n\n<p>Ihr Kind \u2026<\/p>\n\n\n\n<ul class=\"wp-block-list\">\n<li>kann Regelspiele spielen (z.\u202fB. <em>Mensch \u00e4rgere dich nicht<\/em>, <em>Memory<\/em>, <em>Quartett<\/em>)<\/li>\n\n\n\n<li>konzentriert sich auf Aufgaben oder Spiele<\/li>\n\n\n\n<li>beendet begonnene Aktivit\u00e4ten<\/li>\n\n\n\n<li>erz\u00e4hlt Erlebnisse logisch und in der richtigen Reihenfolge<\/li>\n\n\n\n<li>spricht deutlich und verst\u00e4ndlich<\/li>\n\n\n\n<li>versteht und befolgt einfache Anweisungen<\/li>\n\n\n\n<li>kennt Begriffe wie <em>gestern<\/em>, <em>heute<\/em> und <em>morgen<\/em><\/li>\n\n\n\n<li>unterscheidet <em>oben<\/em>, <em>unten<\/em>, <em>rechts<\/em> und <em>links<\/em><\/li>\n\n\n\n<li>merkt sich Inhalte (z.\u202fB. in Reimspielen oder Liedern)<\/li>\n\n\n\n<li>kennt Abz\u00e4hlverse, Reime oder Kinderlieder<\/li>\n\n\n\n<li>zeigt Handlungskompetenz:\n<ul class=\"wp-block-list\">\n<li>holt sich bei Bedarf Hilfe<\/li>\n\n\n\n<li>zieht sich selbstst\u00e4ndig an und aus<\/li>\n\n\n\n<li>bindet die Schuhe selbst<\/li>\n\n\n\n<li>nutzt die Toilette eigenst\u00e4ndig und hygienisch<\/li>\n<\/ul>\n<\/li>\n<\/ul>\n\n\n\n<hr class=\"wp-block-separator has-css-opacity\" \/>\n\n\n\n<h3 class=\"wp-block-heading\"><strong>2. K\u00f6rperlicher Bereich<\/strong><\/h3>\n\n\n\n<p>Ihr Kind \u2026<\/p>\n\n\n\n<ul class=\"wp-block-list\">\n<li>h\u00f6rt und sieht gut<\/li>\n\n\n\n<li>hat Ausdauer und ist belastbar<\/li>\n\n\n\n<li>bewegt sich sicher drinnen und drau\u00dfen<\/li>\n\n\n\n<li>kennt und spielt Fangspiele<\/li>\n\n\n\n<li>kann Hindernissen ausweichen<\/li>\n\n\n\n<li>f\u00e4llt nicht \u00fcberm\u00e4\u00dfig oft<\/li>\n\n\n\n<li>kann balancieren und das Gleichgewicht halten<\/li>\n\n\n\n<li>beherrscht den \u201eHampelmann\u201c<\/li>\n\n\n\n<li>f\u00e4hrt Roller oder Laufrad<\/li>\n\n\n\n<li>h\u00e4lt den Stift mit drei Fingern<\/li>\n\n\n\n<li>schneidet mit der Schere<\/li>\n\n\n\n<li>knetet oder rei\u00dft Papier mit Kraft in den Fingern<\/li>\n<\/ul>\n\n\n\n<hr class=\"wp-block-separator has-css-opacity\" \/>\n\n\n\n<h3 class=\"wp-block-heading\"><strong>3. Sozial-emotionaler Bereich<\/strong><\/h3>\n\n\n\n<p>Ihr Kind \u2026<\/p>\n\n\n\n<ul class=\"wp-block-list\">\n<li>nimmt Kontakt zu anderen Kindern und Erwachsenen auf<\/li>\n\n\n\n<li>zeigt h\u00f6fliches Verhalten<\/li>\n\n\n\n<li>dr\u00fcckt eigene Gef\u00fchle aus<\/li>\n\n\n\n<li>hilft gerne<\/li>\n\n\n\n<li>kann abwarten und zuh\u00f6ren<\/li>\n\n\n\n<li>trifft einfache Entscheidungen selbst<\/li>\n\n\n\n<li>ist neugierig und interessiert<\/li>\n\n\n\n<li>spielt oder bastelt in einer Gruppe<\/li>\n\n\n\n<li>achtet auf eigenes und fremdes Eigentum<\/li>\n\n\n\n<li>zeigt Selbstbewusstsein und Mut<\/li>\n\n\n\n<li>vertritt die eigene Meinung<\/li>\n\n\n\n<li>kommt mit Misserfolgen klar<\/li>\n\n\n\n<li>l\u00f6st Konflikte (mit Unterst\u00fctzung)<\/li>\n\n\n\n<li>kommuniziert sprachlich in Konfliktsituationen<\/li>\n\n\n\n<li>zeigt Kompromissbereitschaft<\/li>\n<\/ul>\n\n\n\n<hr class=\"wp-block-separator has-css-opacity\" \/>\n\n\n\n<h2 class=\"wp-block-heading\">Eltern als wichtigste Wegbegleiter<\/h2>\n\n\n\n<p>Als Beauftragte des Br\u00fcckenjahres m\u00f6chten wir betonen:<br><strong>Kein Kind muss alle Punkte vollst\u00e4ndig beherrschen<\/strong>, bevor es eingeschult wird.<br>Aber: <strong>Sie als Eltern kennen Ihr Kind am besten<\/strong> und k\u00f6nnen einsch\u00e4tzen, in welchen Bereichen noch Unterst\u00fctzung hilfreich ist.<\/p>\n\n\n\n<p>Gemeinsam \u2013 mit Ihnen, dem Kindergarten und der Grundschule \u2013 begleiten wir Ihr Kind auf dem Weg in einen gelungenen Schulstart.<\/p>\n","protected":false},"excerpt":{"rendered":"<p>Gemeinsam stark f\u00fcrs Br\u00fcckenjahr \u2013 Ein guter Start in die Schulzeit Die enge Zusammenarbeit zwischen der Grundschule M\u00fchlenfeld und dem Kindergarten M\u00fchlenfeld besteht seit vielen Jahren \u2013 entstanden im Rahmen des Modellprojekts \u201eBr\u00fcckenjahr\u201c. Ziel dieser Kooperation ist es, allen Kindern den \u00dcbergang vom Kindergarten in die Schule m\u00f6glichst sanft, sicher und erfolgreich zu gestalten. Was [&hellip;]<\/p>\n","protected":false},"author":9194667,"featured_media":0,"comment_status":"closed","ping_status":"closed","sticky":false,"template":"","format":"standard","meta":{"footnotes":""},"categories":[1],"tags":[],"class_list":["post-185","post","type-post","status-publish","format-standard","hentry","category-allgemein"],"_links":{"self":[{"href":"https:\/\/wordpress.nibis.de\/gsh\/wp-json\/wp\/v2\/posts\/185","targetHints":{"allow":["GET"]}}],"collection":[{"href":"https:\/\/wordpress.nibis.de\/gsh\/wp-json\/wp\/v2\/posts"}],"about":[{"href":"https:\/\/wordpress.nibis.de\/gsh\/wp-json\/wp\/v2\/types\/post"}],"author":[{"embeddable":true,"href":"https:\/\/wordpress.nibis.de\/gsh\/wp-json\/wp\/v2\/users\/9194667"}],"replies":[{"embeddable":true,"href":"https:\/\/wordpress.nibis.de\/gsh\/wp-json\/wp\/v2\/comments?post=185"}],"version-history":[{"count":3,"href":"https:\/\/wordpress.nibis.de\/gsh\/wp-json\/wp\/v2\/posts\/185\/revisions"}],"predecessor-version":[{"id":444,"href":"https:\/\/wordpress.nibis.de\/gsh\/wp-json\/wp\/v2\/posts\/185\/revisions\/444"}],"wp:attachment":[{"href":"https:\/\/wordpress.nibis.de\/gsh\/wp-json\/wp\/v2\/media?parent=185"}],"wp:term":[{"taxonomy":"category","embeddable":true,"href":"https:\/\/wordpress.nibis.de\/gsh\/wp-json\/wp\/v2\/categories?post=185"},{"taxonomy":"post_tag","embeddable":true,"href":"https:\/\/wordpress.nibis.de\/gsh\/wp-json\/wp\/v2\/tags?post=185"}],"curies":[{"name":"wp","href":"https:\/\/api.w.org\/{rel}","templated":true}]}}