{"id":187,"date":"2025-09-11T09:52:32","date_gmt":"2025-09-11T07:52:32","guid":{"rendered":"https:\/\/wordpress.nibis.de\/gsh\/?p=187"},"modified":"2026-01-29T12:15:15","modified_gmt":"2026-01-29T11:15:15","slug":"veranstaltungen","status":"publish","type":"post","link":"https:\/\/wordpress.nibis.de\/gsh\/2025\/09\/11\/veranstaltungen\/","title":{"rendered":"VERANSTALTUNGEN"},"content":{"rendered":"\n<h2 class=\"wp-block-heading\">Das Schuljahr bei uns \u2013 Wiederkehrende H\u00f6hepunkte<\/h2>\n\n\n\n<p>Ein Schuljahr an der <strong>Grundschule M\u00fchlenfeld<\/strong> ist bunt, abwechslungsreich und voller besonderer Momente. Viele Veranstaltungen haben bei uns Tradition \u2013 sie finden jedes Jahr statt und schaffen f\u00fcr die Kinder sch\u00f6ne Erinnerungen, wertvolle Erfahrungen und ein starkes Gemeinschaftsgef\u00fchl.<\/p>\n\n\n\n<p>Hier ein \u00dcberblick \u00fcber die <strong>wiederkehrenden Aktivit\u00e4ten<\/strong>, die unseren Schulalltag bereichern:<\/p>\n\n\n\n<hr class=\"wp-block-separator has-css-opacity\" \/>\n\n\n\n<h3 class=\"wp-block-heading\"><strong>\u00dcberg\u00e4nge &amp; Kooperationen<\/strong><\/h3>\n\n\n\n<ul class=\"wp-block-list\">\n<li><strong>Fahrradpr\u00fcfung<\/strong> f\u00fcr die 4. Klassen<\/li>\n\n\n\n<li><strong>Erste-Hilfe-Schnupperkurs<\/strong> f\u00fcr die 4. Klassen<\/li>\n\n\n\n<li><strong>Kontaktbesuche der Vorschulkinder<\/strong> aus dem Kindergarten (im Rahmen des Br\u00fcckenjahres)<\/li>\n\n\n\n<li><strong>Vorlesestunden der Schulkinder im Kindergarten<\/strong><\/li>\n\n\n\n<li><strong>Einschulungsfeier<\/strong> f\u00fcr unsere neuen Erstkl\u00e4ssler*innen<\/li>\n<\/ul>\n\n\n\n<hr class=\"wp-block-separator has-css-opacity\" \/>\n\n\n\n<h3 class=\"wp-block-heading\"><strong>Lernen au\u00dferhalb des Klassenzimmers<\/strong><\/h3>\n\n\n\n<ul class=\"wp-block-list\">\n<li><strong>Unterrichtsg\u00e4nge<\/strong> zu au\u00dferschulischen Lernorten (z.\u202fB. M\u00fchle in Wennigsen, Polizei, Feuerwehr, Zoo, B\u00e4ckerei, Museen \u2026)<\/li>\n\n\n\n<li><strong>Wandertage<\/strong> mit der Klasse<\/li>\n\n\n\n<li><strong>Klassenfahrten<\/strong> in Jahrgang 2, 3 und 4 (je nach Situation der Klasse)<\/li>\n\n\n\n<li><strong>Besuch der Stadtteilb\u00fccherei<\/strong> in Hannover-Badenstedt, Seelze<\/li>\n\n\n\n<li><strong>B\u00fccherausleihe in der schuleigenen B\u00fccherei<\/strong> (w\u00f6chentlich)<\/li>\n\n\n\n<li><strong>Autorenlesungen &amp; Teilnahme an der Jugendbuchwoche<\/strong><\/li>\n\n\n\n<li><strong>K\u00e4nguru-Wettbewerb<\/strong> in Mathematik (freiwillige Teilnahme)<\/li>\n\n\n\n<li><strong>Landfrauen-Projekt<\/strong> in Klassen 3 und 4 zu Themen wie Getreide, Obst oder Kartoffeln<\/li>\n<\/ul>\n\n\n\n<hr class=\"wp-block-separator has-css-opacity\" \/>\n\n\n\n<h3 class=\"wp-block-heading\"><strong>Lesen &amp; Sprache<\/strong><\/h3>\n\n\n\n<ul class=\"wp-block-list\">\n<li><strong>Lesewettbewerb<\/strong> der Klassen 1 bis 4<\/li>\n\n\n\n<li><strong>Vorleseaktionen<\/strong> in Kooperation mit dem Kindergarten<\/li>\n\n\n\n<li><strong>W\u00f6chentliche B\u00fccherausleihe<\/strong> f\u00fcr alle Klassen<\/li>\n<\/ul>\n\n\n\n<hr class=\"wp-block-separator has-css-opacity\" \/>\n\n\n\n<h3 class=\"wp-block-heading\"><strong>Feiern &amp; Rituale im Jahresverlauf<\/strong><\/h3>\n\n\n\n<ul class=\"wp-block-list\">\n<li><strong>Weihnachtsm\u00e4rchen<\/strong> f\u00fcr alle Klassen<\/li>\n\n\n\n<li><strong>Klassenweihnachtsfeiern<\/strong> mit Eltern \u2013 mit Liedern, Gedichten und kleinen Auff\u00fchrungen<\/li>\n\n\n\n<li><strong>Pl\u00e4tzchen backen<\/strong> in der Adventszeit<\/li>\n\n\n\n<li><strong>\u201eWir schm\u00fccken unsere Schule\u201c<\/strong> \u2013 gro\u00dfe Bastelaktion am Freitag vor dem 1. Advent<\/li>\n\n\n\n<li><strong>Besinnliche Adventsmontage<\/strong>: gemeinsamer Start in die Woche mit allen Klassen<\/li>\n\n\n\n<li><strong>Schulfeiern zum Ferienbeginn<\/strong> (z.\u202fB. zu Erntedank, Weihnachten, Ostern, Schuljahresende) mit Fr\u00fchst\u00fcck und Beitr\u00e4gen aus den Klassen<\/li>\n\n\n\n<li><strong>Jahresabschlussfeiern<\/strong> der Klassen \u2013 z.\u202fB. mit Grillfest<\/li>\n<\/ul>\n\n\n\n<hr class=\"wp-block-separator has-css-opacity\" \/>\n\n\n\n<h3 class=\"wp-block-heading\"><strong>Spa\u00df &amp; Bewegung<\/strong><\/h3>\n\n\n\n<ul class=\"wp-block-list\">\n<li><strong>Fasching<\/strong> \u2013 unser allj\u00e4hrlicher, bunter Schultag im Februar<\/li>\n\n\n\n<li><strong>Projektwoche oder Projekttage<\/strong> zu wechselnden, spannenden Themen<\/li>\n\n\n\n<li><strong>Spa\u00dfolympiade<\/strong> f\u00fcr die Klassen 1 und 2<\/li>\n\n\n\n<li><strong>Bundesjugendspiele<\/strong> f\u00fcr die Klassen 3 und 4 im Leinestadion in Seelze-Letter<\/li>\n<\/ul>\n\n\n\n<hr class=\"wp-block-separator has-css-opacity\" \/>\n\n\n\n<p>Diese Bestandteile des Schuljahres f\u00f6rdern nicht nur fachliches Lernen, sondern auch Kreativit\u00e4t, Bewegung, Gemeinschaft und Freude \u2013 Werte, die uns an der Grundschule M\u00fchlenfeld besonders wichtig sind.<\/p>\n","protected":false},"excerpt":{"rendered":"<p>Das Schuljahr bei uns \u2013 Wiederkehrende H\u00f6hepunkte Ein Schuljahr an der Grundschule M\u00fchlenfeld ist bunt, abwechslungsreich und voller besonderer Momente. Viele Veranstaltungen haben bei uns Tradition \u2013 sie finden jedes Jahr statt und schaffen f\u00fcr die Kinder sch\u00f6ne Erinnerungen, wertvolle Erfahrungen und ein starkes Gemeinschaftsgef\u00fchl. Hier ein \u00dcberblick \u00fcber die wiederkehrenden Aktivit\u00e4ten, die unseren Schulalltag [&hellip;]<\/p>\n","protected":false},"author":9194667,"featured_media":0,"comment_status":"closed","ping_status":"closed","sticky":false,"template":"","format":"standard","meta":{"footnotes":""},"categories":[1],"tags":[],"class_list":["post-187","post","type-post","status-publish","format-standard","hentry","category-allgemein"],"_links":{"self":[{"href":"https:\/\/wordpress.nibis.de\/gsh\/wp-json\/wp\/v2\/posts\/187","targetHints":{"allow":["GET"]}}],"collection":[{"href":"https:\/\/wordpress.nibis.de\/gsh\/wp-json\/wp\/v2\/posts"}],"about":[{"href":"https:\/\/wordpress.nibis.de\/gsh\/wp-json\/wp\/v2\/types\/post"}],"author":[{"embeddable":true,"href":"https:\/\/wordpress.nibis.de\/gsh\/wp-json\/wp\/v2\/users\/9194667"}],"replies":[{"embeddable":true,"href":"https:\/\/wordpress.nibis.de\/gsh\/wp-json\/wp\/v2\/comments?post=187"}],"version-history":[{"count":3,"href":"https:\/\/wordpress.nibis.de\/gsh\/wp-json\/wp\/v2\/posts\/187\/revisions"}],"predecessor-version":[{"id":372,"href":"https:\/\/wordpress.nibis.de\/gsh\/wp-json\/wp\/v2\/posts\/187\/revisions\/372"}],"wp:attachment":[{"href":"https:\/\/wordpress.nibis.de\/gsh\/wp-json\/wp\/v2\/media?parent=187"}],"wp:term":[{"taxonomy":"category","embeddable":true,"href":"https:\/\/wordpress.nibis.de\/gsh\/wp-json\/wp\/v2\/categories?post=187"},{"taxonomy":"post_tag","embeddable":true,"href":"https:\/\/wordpress.nibis.de\/gsh\/wp-json\/wp\/v2\/tags?post=187"}],"curies":[{"name":"wp","href":"https:\/\/api.w.org\/{rel}","templated":true}]}}