{"id":204,"date":"2025-09-11T11:45:24","date_gmt":"2025-09-11T09:45:24","guid":{"rendered":"https:\/\/wordpress.nibis.de\/gsh\/?p=204"},"modified":"2026-04-27T10:20:53","modified_gmt":"2026-04-27T08:20:53","slug":"projekte-projekttage-projektwochen","status":"publish","type":"post","link":"https:\/\/wordpress.nibis.de\/gsh\/2025\/09\/11\/projekte-projekttage-projektwochen\/","title":{"rendered":"PROJEKTE \/ PROJEKTTAGE \/ PROJEKTWOCHEN"},"content":{"rendered":"\n<h2 class=\"wp-block-heading\">Projekte, Projekttage &amp; Projektwochen<\/h2>\n\n\n\n<p><strong>\u2013 Lernen mit Kopf, Herz und Hand \u2013<\/strong><\/p>\n\n\n\n<p>An unserer Schule wird Lernen lebendig!<br>Jedes Schuljahr gestalten wir spannende <strong>Projekttage oder ganze Projektwochen<\/strong>, bei denen unsere Sch\u00fclerinnen und Sch\u00fcler in vielf\u00e4ltige Themen eintauchen d\u00fcrfen \u2013 <strong>kreativ, forschend und mit ganz viel Neugier<\/strong>.<\/p>\n\n\n\n<p>Was das Besondere ist?<br>Unsere Kinder sind <strong>von Anfang an mit dabei<\/strong>:<br>Gemeinsam mit den Lehrkr\u00e4ften entwickeln sie die Themen, planen Inhalte und w\u00e4hlen ihre <strong>Lieblings-Projektgruppe<\/strong> selbst aus. So entstehen tolle Gruppenarbeiten \u2013 <strong>klassen\u00fcbergreifend und voller Teamgeist<\/strong>.<\/p>\n\n\n\n<p>Ob Natur, Technik, Kunst, Musik, Umwelt oder soziales Miteinander \u2013 jedes Projekt ist eine Reise, auf der Kinder <strong>neue Perspektiven entdecken und eigene Talente entfalten<\/strong> k\u00f6nnen.<\/p>\n\n\n\n<p>Alle zwei Jahre feiern wir das gro\u00dfe Finale mit einem <strong>fr\u00f6hlichen Schulfest<\/strong>, bei dem die Ergebnisse stolz pr\u00e4sentiert werden \u2013 f\u00fcr Familien, Freunde und alle, die Schule mitgestalten.<\/p>\n\n\n\n<p><strong>So wird Schule zum Erlebnis!<\/strong><\/p>\n","protected":false},"excerpt":{"rendered":"<p>Projekte, Projekttage &amp; Projektwochen \u2013 Lernen mit Kopf, Herz und Hand \u2013 An unserer Schule wird Lernen lebendig!Jedes Schuljahr gestalten wir spannende Projekttage oder ganze Projektwochen, bei denen unsere Sch\u00fclerinnen und Sch\u00fcler in vielf\u00e4ltige Themen eintauchen d\u00fcrfen \u2013 kreativ, forschend und mit ganz viel Neugier. Was das Besondere ist?Unsere Kinder sind von Anfang an mit [&hellip;]<\/p>\n","protected":false},"author":9194667,"featured_media":0,"comment_status":"closed","ping_status":"closed","sticky":false,"template":"","format":"standard","meta":{"footnotes":""},"categories":[1],"tags":[],"class_list":["post-204","post","type-post","status-publish","format-standard","hentry","category-allgemein"],"_links":{"self":[{"href":"https:\/\/wordpress.nibis.de\/gsh\/wp-json\/wp\/v2\/posts\/204","targetHints":{"allow":["GET"]}}],"collection":[{"href":"https:\/\/wordpress.nibis.de\/gsh\/wp-json\/wp\/v2\/posts"}],"about":[{"href":"https:\/\/wordpress.nibis.de\/gsh\/wp-json\/wp\/v2\/types\/post"}],"author":[{"embeddable":true,"href":"https:\/\/wordpress.nibis.de\/gsh\/wp-json\/wp\/v2\/users\/9194667"}],"replies":[{"embeddable":true,"href":"https:\/\/wordpress.nibis.de\/gsh\/wp-json\/wp\/v2\/comments?post=204"}],"version-history":[{"count":3,"href":"https:\/\/wordpress.nibis.de\/gsh\/wp-json\/wp\/v2\/posts\/204\/revisions"}],"predecessor-version":[{"id":371,"href":"https:\/\/wordpress.nibis.de\/gsh\/wp-json\/wp\/v2\/posts\/204\/revisions\/371"}],"wp:attachment":[{"href":"https:\/\/wordpress.nibis.de\/gsh\/wp-json\/wp\/v2\/media?parent=204"}],"wp:term":[{"taxonomy":"category","embeddable":true,"href":"https:\/\/wordpress.nibis.de\/gsh\/wp-json\/wp\/v2\/categories?post=204"},{"taxonomy":"post_tag","embeddable":true,"href":"https:\/\/wordpress.nibis.de\/gsh\/wp-json\/wp\/v2\/tags?post=204"}],"curies":[{"name":"wp","href":"https:\/\/api.w.org\/{rel}","templated":true}]}}