{"id":246,"date":"2025-09-11T12:53:04","date_gmt":"2025-09-11T10:53:04","guid":{"rendered":"https:\/\/wordpress.nibis.de\/gsh\/?p=246"},"modified":"2026-01-29T12:10:37","modified_gmt":"2026-01-29T11:10:37","slug":"die-entstehung","status":"publish","type":"post","link":"https:\/\/wordpress.nibis.de\/gsh\/2025\/09\/11\/die-entstehung\/","title":{"rendered":"DIE ENTSTEHUNG"},"content":{"rendered":"\n<p>Seit der Er\u00f6ffnung im Sommer 2025 ist unsere Grundschule ein lebendiger Lern- und Lebensraum f\u00fcr Kinder, Lehrkr\u00e4fte und Familien. In unserem modernen, freundlichen Schulgeb\u00e4ude schaffen wir die besten Voraussetzungen f\u00fcr einen gelungenen Schulstart und gemeinsames Lernen.<\/p>\n\n\n\n<p>Als vierz\u00fcgige Grundschule mit direkter Anbindung an eine Kita und eine Sporthalle bieten wir viel Platz f\u00fcr Bewegung, Kreativit\u00e4t und gemeinsames Wachsen. Helle R\u00e4ume, zeitgem\u00e4\u00dfe Ausstattung und digitale Technik unterst\u00fctzen unseren Unterricht ebenso wie das Miteinander im Schulalltag.<\/p>\n\n\n\n<p>Einige Eindr\u00fccke von der Entstehung unseres neuen Schulgeb\u00e4udes finden Sie in unserer Bildergalerie \u2013 viel Freude beim Entdecken!<\/p>\n\n\n\n<figure class=\"wp-block-gallery has-nested-images columns-default is-cropped wp-block-gallery-1 is-layout-flex wp-block-gallery-is-layout-flex\">\n<figure class=\"wp-block-image size-large\"><img loading=\"lazy\" decoding=\"async\" width=\"735\" height=\"413\" data-id=\"247\" src=\"https:\/\/wordpress.nibis.de\/gsh\/files\/2025\/09\/1.png\" alt=\"\" class=\"wp-image-247\" srcset=\"https:\/\/wordpress.nibis.de\/gsh\/files\/2025\/09\/1.png 735w, https:\/\/wordpress.nibis.de\/gsh\/files\/2025\/09\/1-300x169.png 300w\" sizes=\"auto, (max-width: 735px) 100vw, 735px\" \/><\/figure>\n\n\n\n<figure class=\"wp-block-image size-large\"><img loading=\"lazy\" decoding=\"async\" width=\"733\" height=\"285\" data-id=\"248\" src=\"https:\/\/wordpress.nibis.de\/gsh\/files\/2025\/09\/2.png\" alt=\"\" class=\"wp-image-248\" srcset=\"https:\/\/wordpress.nibis.de\/gsh\/files\/2025\/09\/2.png 733w, https:\/\/wordpress.nibis.de\/gsh\/files\/2025\/09\/2-300x117.png 300w\" sizes=\"auto, (max-width: 733px) 100vw, 733px\" \/><\/figure>\n\n\n\n<figure class=\"wp-block-image size-large\"><img loading=\"lazy\" decoding=\"async\" width=\"731\" height=\"407\" data-id=\"249\" src=\"https:\/\/wordpress.nibis.de\/gsh\/files\/2025\/09\/3.png\" alt=\"\" class=\"wp-image-249\" srcset=\"https:\/\/wordpress.nibis.de\/gsh\/files\/2025\/09\/3.png 731w, https:\/\/wordpress.nibis.de\/gsh\/files\/2025\/09\/3-300x167.png 300w\" sizes=\"auto, (max-width: 731px) 100vw, 731px\" \/><\/figure>\n<\/figure>\n","protected":false},"excerpt":{"rendered":"<p>Seit der Er\u00f6ffnung im Sommer 2025 ist unsere Grundschule ein lebendiger Lern- und Lebensraum f\u00fcr Kinder, Lehrkr\u00e4fte und Familien. In unserem modernen, freundlichen Schulgeb\u00e4ude schaffen wir die besten Voraussetzungen f\u00fcr einen gelungenen Schulstart und gemeinsames Lernen. Als vierz\u00fcgige Grundschule mit direkter Anbindung an eine Kita und eine Sporthalle bieten wir viel Platz f\u00fcr Bewegung, Kreativit\u00e4t [&hellip;]<\/p>\n","protected":false},"author":9194667,"featured_media":0,"comment_status":"closed","ping_status":"closed","sticky":false,"template":"","format":"standard","meta":{"footnotes":""},"categories":[1],"tags":[],"class_list":["post-246","post","type-post","status-publish","format-standard","hentry","category-allgemein"],"_links":{"self":[{"href":"https:\/\/wordpress.nibis.de\/gsh\/wp-json\/wp\/v2\/posts\/246","targetHints":{"allow":["GET"]}}],"collection":[{"href":"https:\/\/wordpress.nibis.de\/gsh\/wp-json\/wp\/v2\/posts"}],"about":[{"href":"https:\/\/wordpress.nibis.de\/gsh\/wp-json\/wp\/v2\/types\/post"}],"author":[{"embeddable":true,"href":"https:\/\/wordpress.nibis.de\/gsh\/wp-json\/wp\/v2\/users\/9194667"}],"replies":[{"embeddable":true,"href":"https:\/\/wordpress.nibis.de\/gsh\/wp-json\/wp\/v2\/comments?post=246"}],"version-history":[{"count":2,"href":"https:\/\/wordpress.nibis.de\/gsh\/wp-json\/wp\/v2\/posts\/246\/revisions"}],"predecessor-version":[{"id":251,"href":"https:\/\/wordpress.nibis.de\/gsh\/wp-json\/wp\/v2\/posts\/246\/revisions\/251"}],"wp:attachment":[{"href":"https:\/\/wordpress.nibis.de\/gsh\/wp-json\/wp\/v2\/media?parent=246"}],"wp:term":[{"taxonomy":"category","embeddable":true,"href":"https:\/\/wordpress.nibis.de\/gsh\/wp-json\/wp\/v2\/categories?post=246"},{"taxonomy":"post_tag","embeddable":true,"href":"https:\/\/wordpress.nibis.de\/gsh\/wp-json\/wp\/v2\/tags?post=246"}],"curies":[{"name":"wp","href":"https:\/\/api.w.org\/{rel}","templated":true}]}}