{"id":42,"date":"2025-09-08T13:08:58","date_gmt":"2025-09-08T11:08:58","guid":{"rendered":"https:\/\/wordpress.nibis.de\/gsh\/?p=42"},"modified":"2026-04-28T08:36:13","modified_gmt":"2026-04-28T06:36:13","slug":"unterricht","status":"publish","type":"post","link":"https:\/\/wordpress.nibis.de\/gsh\/2025\/09\/08\/unterricht\/","title":{"rendered":"VERL\u00c4SSLICHE GRUNDSCHULE &amp; TAGESABLAUF"},"content":{"rendered":"\n<h2 class=\"wp-block-heading\">Unsere Grunds\u00e4tze \u2013 Gemeinsam Lernen mit Herz und Struktur<\/h2>\n\n\n\n<p>An unserer Grundschule legen wir gro\u00dfen Wert auf <strong>Verl\u00e4sslichkeit, Vertrauen und Kontinuit\u00e4t<\/strong>. Jedes Kind soll sich bei uns sicher f\u00fchlen und mit einer festen Bezugsperson durch die ersten Schuljahre gehen.<\/p>\n\n\n\n<p>Deshalb bleibt die <strong>Klassenleitung in der Regel von Klasse 1 bis 4<\/strong> bestehen \u2013 ein Wechsel nach Klasse 2 findet nur in Ausnahmef\u00e4llen statt. So entsteht eine stabile Lernumgebung, in der die Kinder in Ruhe wachsen k\u00f6nnen.<\/p>\n\n\n\n<p>Unsere Klassenlehrkr\u00e4fte unterrichten ihre Klassen in <strong>zwei Kernf\u00e4chern<\/strong> (Deutsch, Mathematik oder Sachunterricht) und sind mit m\u00f6glichst vielen Stunden im Klassenverband eingesetzt.<\/p>\n\n\n\n<p>Das <strong>dritte Kernfach<\/strong> wird von Beginn an von einer weiteren Lehrkraft \u00fcbernommen \u2013 so erm\u00f6glichen wir unterschiedliche Blickwinkel und einen regelm\u00e4\u00dfigen fachlichen Austausch \u00fcber die Lernentwicklung der Kinder.<\/p>\n\n\n\n<p>Ab Klasse 3 wird der Fachunterricht etwas umfangreicher \u2013 die Sch\u00fclerinnen und Sch\u00fcler lernen nun auch weitere Lehrkr\u00e4fte kennen.<br>So f\u00f6rdern wir einerseits die <strong>fachliche Tiefe<\/strong> und bereiten die Kinder gleichzeitig auf den \u00dcbergang zur weiterf\u00fchrenden Schule vor.<\/p>\n\n\n\n<hr class=\"wp-block-separator has-css-opacity\" \/>\n\n\n\n<h2 class=\"wp-block-heading\">Unser Tagesablauf \u2013 Struktur und Rhythmus im Schulalltag<\/h2>\n\n\n\n<p>An unserer Schule gibt es eine <strong>verl\u00e4ssliche Schulzeit von 7:45 Uhr bis 12:40 Uhr<\/strong> \u2013 das gibt Kindern und Eltern Planungssicherheit f\u00fcr den Alltag.<\/p>\n\n\n\n<p>Hier ein \u00dcberblick \u00fcber den Unterricht in den einzelnen Jahrg\u00e4ngen:<\/p>\n\n\n\n<h3 class=\"wp-block-heading\">Klasse 1<\/h3>\n\n\n\n<ul class=\"wp-block-list\">\n<li>T\u00e4glich 4 Unterrichtsstunden (20 Wochenstunden)<\/li>\n<\/ul>\n\n\n\n<h3 class=\"wp-block-heading\">Klasse 2<\/h3>\n\n\n\n<ul class=\"wp-block-list\">\n<li>22 Unterrichtsstunden pro Woche<\/li>\n<\/ul>\n\n\n\n<h3 class=\"wp-block-heading\">Klassen 3 und 4<\/h3>\n\n\n\n<ul class=\"wp-block-list\">\n<li>T\u00e4glich 5 Unterrichtsstunden, an einem Tag 6 Stunden (insgesamt 26 Wochenstunden)<\/li>\n<\/ul>\n\n\n\n<h3 class=\"wp-block-heading\">F\u00f6rderung f\u00fcr alle<\/h3>\n\n\n\n<p>Je nach personeller Ausstattung erhalten alle Klassen zus\u00e4tzlich <strong>F\u00f6rderstunden<\/strong>, um gezielt auf die Bed\u00fcrfnisse einzelner Kinder einzugehen.<br> <\/p>\n\n\n\n<h3 class=\"wp-block-heading\">\ud83d\udd52 Schulzeiten im \u00dcberblick ab Schuljahr 2026\/2027<\/h3>\n\n\n\n<figure class=\"wp-block-table\"><table><thead><tr><th class=\"has-text-align-center\" data-align=\"center\"><strong>Uhrzeit<\/strong><\/th><th class=\"has-text-align-center\" data-align=\"center\"><strong>Was?<\/strong><\/th><th><strong>Bemerkung<\/strong><\/th><\/tr><\/thead><tbody><tr><td class=\"has-text-align-center\" data-align=\"center\">07:00 \u2013 07:45<\/td><td class=\"has-text-align-center\" data-align=\"center\">Betreuung <br>(Stiftung HELP)<\/td><td>Kostenpflichtig, Anmeldung Stiftung Help<\/td><\/tr><tr><td class=\"has-text-align-center\" data-align=\"center\">07:45 \u2013 08:00<\/td><td class=\"has-text-align-center\" data-align=\"center\"><\/td><td>Schulgeb\u00e4ude \u00f6ffnet<\/td><\/tr><tr><td class=\"has-text-align-center\" data-align=\"center\">08:00 \u2013 08:45<\/td><td class=\"has-text-align-center\" data-align=\"center\">1. Unterrichtsstunde<\/td><td><\/td><\/tr><tr><td class=\"has-text-align-center\" data-align=\"center\">08:50 \u2013 09:35<\/td><td class=\"has-text-align-center\" data-align=\"center\">2. Unterrichtsstunde<\/td><td><\/td><\/tr><tr><td class=\"has-text-align-center\" data-align=\"center\">09:35 \u2013 09:45<\/td><td class=\"has-text-align-center\" data-align=\"center\">Fr\u00fchst\u00fcckszeit<\/td><td><\/td><\/tr><tr><td class=\"has-text-align-center\" data-align=\"center\">09:45 \u2013 10:00<\/td><td class=\"has-text-align-center\" data-align=\"center\">Bewegungspause<\/td><td><\/td><\/tr><tr><td class=\"has-text-align-center\" data-align=\"center\">10:00 \u2013 10:45<\/td><td class=\"has-text-align-center\" data-align=\"center\">3. Unterrichtsstunde<\/td><td><\/td><\/tr><tr><td class=\"has-text-align-center\" data-align=\"center\">10:50 \u2013 11:35<\/td><td class=\"has-text-align-center\" data-align=\"center\">4. Unterrichtsstunde<\/td><td><\/td><\/tr><tr><td class=\"has-text-align-center\" data-align=\"center\">11:35 \u2013 11:55<\/td><td class=\"has-text-align-center\" data-align=\"center\">Bewegungspause<\/td><td><\/td><\/tr><tr><td class=\"has-text-align-center\" data-align=\"center\">11:55 \u2013 12:40<\/td><td class=\"has-text-align-center\" data-align=\"center\">5. Unterrichtsstunde<\/td><td>Verl\u00e4ssliche Grundschule<\/td><\/tr><tr><td class=\"has-text-align-center\" data-align=\"center\">12:45 \u2013 13:30<\/td><td class=\"has-text-align-center\" data-align=\"center\">6. Unterrichtsstunde <\/td><td>Anmeldung bei Stiftung Help<br>Jahrgang 3+4 haben an manchen Tagen Langunterricht<\/td><\/tr><tr><td class=\"has-text-align-center\" data-align=\"center\">14:30<\/td><td class=\"has-text-align-center\" data-align=\"center\">1. Abholzeit <\/td><td>Anmeldung bei Stiftung Help<\/td><\/tr><tr><td class=\"has-text-align-center\" data-align=\"center\">16:00<\/td><td class=\"has-text-align-center\" data-align=\"center\">2. Abholzeit <\/td><td>Anmeldung bei Stiftung Help<\/td><\/tr><\/tbody><\/table><\/figure>\n\n\n\n<p><\/p>\n","protected":false},"excerpt":{"rendered":"<p>Unsere Grunds\u00e4tze \u2013 Gemeinsam Lernen mit Herz und Struktur An unserer Grundschule legen wir gro\u00dfen Wert auf Verl\u00e4sslichkeit, Vertrauen und Kontinuit\u00e4t. Jedes Kind soll sich bei uns sicher f\u00fchlen und mit einer festen Bezugsperson durch die ersten Schuljahre gehen. Deshalb bleibt die Klassenleitung in der Regel von Klasse 1 bis 4 bestehen \u2013 ein Wechsel [&hellip;]<\/p>\n","protected":false},"author":9194667,"featured_media":0,"comment_status":"closed","ping_status":"closed","sticky":false,"template":"","format":"standard","meta":{"footnotes":""},"categories":[1],"tags":[],"class_list":["post-42","post","type-post","status-publish","format-standard","hentry","category-allgemein"],"_links":{"self":[{"href":"https:\/\/wordpress.nibis.de\/gsh\/wp-json\/wp\/v2\/posts\/42","targetHints":{"allow":["GET"]}}],"collection":[{"href":"https:\/\/wordpress.nibis.de\/gsh\/wp-json\/wp\/v2\/posts"}],"about":[{"href":"https:\/\/wordpress.nibis.de\/gsh\/wp-json\/wp\/v2\/types\/post"}],"author":[{"embeddable":true,"href":"https:\/\/wordpress.nibis.de\/gsh\/wp-json\/wp\/v2\/users\/9194667"}],"replies":[{"embeddable":true,"href":"https:\/\/wordpress.nibis.de\/gsh\/wp-json\/wp\/v2\/comments?post=42"}],"version-history":[{"count":15,"href":"https:\/\/wordpress.nibis.de\/gsh\/wp-json\/wp\/v2\/posts\/42\/revisions"}],"predecessor-version":[{"id":513,"href":"https:\/\/wordpress.nibis.de\/gsh\/wp-json\/wp\/v2\/posts\/42\/revisions\/513"}],"wp:attachment":[{"href":"https:\/\/wordpress.nibis.de\/gsh\/wp-json\/wp\/v2\/media?parent=42"}],"wp:term":[{"taxonomy":"category","embeddable":true,"href":"https:\/\/wordpress.nibis.de\/gsh\/wp-json\/wp\/v2\/categories?post=42"},{"taxonomy":"post_tag","embeddable":true,"href":"https:\/\/wordpress.nibis.de\/gsh\/wp-json\/wp\/v2\/tags?post=42"}],"curies":[{"name":"wp","href":"https:\/\/api.w.org\/{rel}","templated":true}]}}