{"id":43,"date":"2025-09-08T13:08:59","date_gmt":"2025-09-08T11:08:59","guid":{"rendered":"https:\/\/wordpress.nibis.de\/gsh\/?p=43"},"modified":"2026-01-29T12:28:14","modified_gmt":"2026-01-29T11:28:14","slug":"schulleben-2","status":"publish","type":"post","link":"https:\/\/wordpress.nibis.de\/gsh\/2025\/09\/08\/schulleben-2\/","title":{"rendered":"SCHULLEBEN"},"content":{"rendered":"\n<h2 class=\"wp-block-heading\">Was unsere Schule besonders macht<\/h2>\n\n\n\n<p>An unserer Schule gibt es im Laufe eines Schuljahres viele sch\u00f6ne und spannende Ereignisse, auf die sich Kinder, Eltern und Lehrkr\u00e4fte gleicherma\u00dfen freuen k\u00f6nnen. Einige davon sind feste Bestandteile unseres Schulalltags und kehren jedes Jahr wieder \u2013 so entsteht Verl\u00e4sslichkeit, Vorfreude und eine starke Gemeinschaft.<\/p>\n\n\n\n<h3 class=\"wp-block-heading\">Lernen mit allen Sinnen<\/h3>\n\n\n\n<p>Unsere Sch\u00fclerinnen und Sch\u00fcler erleben Unterricht nicht nur im Klassenzimmer, sondern auch drau\u00dfen vor Ort. Ob beim Besuch der M\u00fchle in Wennigsen, Ausfl\u00fcgen zu au\u00dferschulischen Lernorten wie Feuerwehr, Polizei, Zoo oder Museen \u2013 wir machen Lernen lebendig und erfahrbar.<\/p>\n\n\n\n<p>Die Projektwoche bzw. Projekttage zu wechselnden Themen bieten Raum f\u00fcr kreatives Arbeiten, Forschen und gemeinschaftliches Lernen jenseits des klassischen Unterrichts.<\/p>\n\n\n\n<h3 class=\"wp-block-heading\">\u00dcberg\u00e4nge gestalten \u2013 das Br\u00fcckenjahr<\/h3>\n\n\n\n<p>Ein besonderes Augenmerk legen wir auf einen gelungenen \u00dcbergang vom Kindergarten in die Schule. Im Rahmen des sogenannten <strong>\u201eBr\u00fcckenjahres\u201c<\/strong> besuchen uns die angehenden Erstkl\u00e4ssler bereits vor ihrer Einschulung. Unsere Schulkinder wiederum lesen regelm\u00e4\u00dfig im Kindergarten vor \u2013 so entsteht fr\u00fchzeitig eine Verbindung, die \u00c4ngste nimmt und Vorfreude weckt.<\/p>\n\n\n\n<h3 class=\"wp-block-heading\">Stark f\u00fcrs Leben<\/h3>\n\n\n\n<p>Zur St\u00e4rkung der Selbstst\u00e4ndigkeit und Sicherheit unserer Kinder finden j\u00e4hrlich eine <strong>Fahrradpr\u00fcfung<\/strong> sowie ein <strong>Erste-Hilfe-Schnupperkurs<\/strong> f\u00fcr die 4. Klassen statt. Diese Angebote f\u00f6rdern nicht nur die Mobilit\u00e4t, sondern auch das Verantwortungsbewusstsein der Kinder.<\/p>\n\n\n\n<h3 class=\"wp-block-heading\">Gemeinschaft feiern \u2013 \u00fcber das Jahr hinweg<\/h3>\n\n\n\n<p>Im Jahresverlauf gibt es viele feste Rituale und Feiern, die unsere Schulgemeinschaft pr\u00e4gen:<\/p>\n\n\n\n<ul class=\"wp-block-list\">\n<li>Die <strong>Einschulungsfeier<\/strong> hei\u00dft unsere neuen Erstkl\u00e4ssler herzlich willkommen.<\/li>\n\n\n\n<li>Der <strong>Advent<\/strong> wird gemeinsam gestaltet: mit Bastelaktionen, Vorf\u00fchrungen, besinnlichen Treffen am Montagmorgen und stimmungsvollen Klassenweihnachtsfeiern mit Eltern.<\/li>\n\n\n\n<li>Zu <strong>Fasching<\/strong> wird es bunt und lustig \u2013 alle Klassen feiern ausgelassen miteinander.<\/li>\n\n\n\n<li>Vor den Ferien kommen alle Klassen zu <strong>Schulfeiern<\/strong> zusammen, z.\u202fB. zu Erntedank, Weihnachten, Ostern oder dem Schuljahresabschluss \u2013 mit Fr\u00fchst\u00fcck, Liedern, kleinen Theaterst\u00fccken und Darbietungen aus dem Schulalltag.<\/li>\n<\/ul>\n\n\n\n<p>Auch sportliche und kreative H\u00f6hepunkte geh\u00f6ren fest in unser Programm:<\/p>\n\n\n\n<ul class=\"wp-block-list\">\n<li>Die <strong>Spa\u00dfolympiade<\/strong> begeistert die Klassen 1 und 2 jedes Jahr aufs Neue.<\/li>\n\n\n\n<li>Die Klassen 3 und 4 nehmen an den <strong>Bundesjugendspielen<\/strong> im Leinestadion Seelze-Letter teil.<\/li>\n\n\n\n<li>Beim <strong>Lesewettbewerb<\/strong> zeigen Kinder aller Jahrg\u00e4nge ihr K\u00f6nnen und ihre Begeisterung f\u00fcr B\u00fccher.<\/li>\n\n\n\n<li>Autorenlesungen, der Besuch der Jugendbuchwoche und regelm\u00e4\u00dfige Ausleihen in unserer schuleigenen B\u00fccherei oder der Stadtteilb\u00fccherei Hannover-Badenstedt oder Seelze f\u00f6rdern zus\u00e4tzlich die Leselust.<\/li>\n<\/ul>\n\n\n\n<h3 class=\"wp-block-heading\">Lernen durch Erleben<\/h3>\n\n\n\n<p>Ein weiteres Highlight ist der Besuch der <strong>Landfrauen<\/strong>, die mit den Klassen 3 und 4 gemeinsam kochen \u2013 zu Themen wie Getreide, Obst, Gem\u00fcse oder Kartoffeln. Dabei stehen nicht nur gesunde Ern\u00e4hrung, sondern auch Teamarbeit und praktisches Wissen im Vordergrund.<\/p>\n\n\n\n<h3 class=\"wp-block-heading\">Gemeinsame Erlebnisse<\/h3>\n\n\n\n<p>Wandertage und \u2013 sofern es die Klassensituation erlaubt \u2013 <strong>Klassenfahrten<\/strong> in den Jahrg\u00e4ngen 2 bis 4 runden das Schuljahr ab. Sie st\u00e4rken die Klassengemeinschaft und schaffen Erinnerungen, die weit \u00fcber die Schulzeit hinaus im Ged\u00e4chtnis bleiben.<\/p>\n\n\n\n<hr class=\"wp-block-separator has-css-opacity\" \/>\n\n\n\n<h3 class=\"wp-block-heading\">Unsere Schule lebt von Begegnung<\/h3>\n\n\n\n<p>All diese Aktivit\u00e4ten und Rituale machen unsere Schule zu einem lebendigen Ort des Lernens und Miteinanders. Sie f\u00f6rdern nicht nur Wissen, sondern auch Gemeinschaftssinn, Kreativit\u00e4t, Selbstvertrauen \u2013 und vor allem: die Freude am Schulalltag.<\/p>\n","protected":false},"excerpt":{"rendered":"<p>Was unsere Schule besonders macht An unserer Schule gibt es im Laufe eines Schuljahres viele sch\u00f6ne und spannende Ereignisse, auf die sich Kinder, Eltern und Lehrkr\u00e4fte gleicherma\u00dfen freuen k\u00f6nnen. Einige davon sind feste Bestandteile unseres Schulalltags und kehren jedes Jahr wieder \u2013 so entsteht Verl\u00e4sslichkeit, Vorfreude und eine starke Gemeinschaft. Lernen mit allen Sinnen Unsere [&hellip;]<\/p>\n","protected":false},"author":9194667,"featured_media":0,"comment_status":"closed","ping_status":"closed","sticky":false,"template":"","format":"standard","meta":{"footnotes":""},"categories":[1],"tags":[],"class_list":["post-43","post","type-post","status-publish","format-standard","hentry","category-allgemein"],"_links":{"self":[{"href":"https:\/\/wordpress.nibis.de\/gsh\/wp-json\/wp\/v2\/posts\/43","targetHints":{"allow":["GET"]}}],"collection":[{"href":"https:\/\/wordpress.nibis.de\/gsh\/wp-json\/wp\/v2\/posts"}],"about":[{"href":"https:\/\/wordpress.nibis.de\/gsh\/wp-json\/wp\/v2\/types\/post"}],"author":[{"embeddable":true,"href":"https:\/\/wordpress.nibis.de\/gsh\/wp-json\/wp\/v2\/users\/9194667"}],"replies":[{"embeddable":true,"href":"https:\/\/wordpress.nibis.de\/gsh\/wp-json\/wp\/v2\/comments?post=43"}],"version-history":[{"count":4,"href":"https:\/\/wordpress.nibis.de\/gsh\/wp-json\/wp\/v2\/posts\/43\/revisions"}],"predecessor-version":[{"id":376,"href":"https:\/\/wordpress.nibis.de\/gsh\/wp-json\/wp\/v2\/posts\/43\/revisions\/376"}],"wp:attachment":[{"href":"https:\/\/wordpress.nibis.de\/gsh\/wp-json\/wp\/v2\/media?parent=43"}],"wp:term":[{"taxonomy":"category","embeddable":true,"href":"https:\/\/wordpress.nibis.de\/gsh\/wp-json\/wp\/v2\/categories?post=43"},{"taxonomy":"post_tag","embeddable":true,"href":"https:\/\/wordpress.nibis.de\/gsh\/wp-json\/wp\/v2\/tags?post=43"}],"curies":[{"name":"wp","href":"https:\/\/api.w.org\/{rel}","templated":true}]}}