{"id":44,"date":"2025-09-08T13:08:59","date_gmt":"2025-09-08T11:08:59","guid":{"rendered":"https:\/\/wordpress.nibis.de\/gsh\/?p=44"},"modified":"2026-04-29T09:22:10","modified_gmt":"2026-04-29T07:22:10","slug":"informationen","status":"publish","type":"post","link":"https:\/\/wordpress.nibis.de\/gsh\/2025\/09\/08\/informationen\/","title":{"rendered":"INFORMATIONEN f\u00fcr Eltern"},"content":{"rendered":"\n<p><br>Willkommen an der Grundschule M\u00fchlenfeld!<\/p>\n\n\n\n<p><strong>Liebe Eltern unserer neuen Erstkl\u00e4sslerinnen und Erstkl\u00e4ssler,<\/strong><\/p>\n\n\n\n<p>wir freuen uns sehr, Sie und Ihr Kind bei uns an der Grundschule Harenberg begr\u00fc\u00dfen zu d\u00fcrfen!<\/p>\n\n\n\n<p>Damit der Start gut gelingt und Sie sich schnell bei uns zurechtfinden, haben wir alle wichtigen Informationen rund um unser Schulleben <strong>von A bis Z<\/strong> f\u00fcr Sie zusammengestellt. So behalten Sie den \u00dcberblick \u2013 ganz gleich, ob es um Hausaufgaben, Betreuung, Schulweg oder andere Themen geht.<\/p>\n\n\n\n<p>\ud83d\udccc Diese Sammlung wird regelm\u00e4\u00dfig erg\u00e4nzt und aktualisiert \u2013 ein Blick lohnt sich also immer wieder.<\/p>\n\n\n\n<p>Wenn Sie Fragen oder Ideen zu den Informationen haben, sprechen Sie uns gerne beim n\u00e4chsten Elternabend an \u2013 wir freuen uns auf den Austausch mit Ihnen!<\/p>\n\n\n\n<p><strong>Herzliche Gr\u00fc\u00dfe<\/strong><br>Das Team der Grundschule M\u00fchlenfeld<br><br><br>\ud83d\udcda <strong>Unsere Schule von A bis Z<\/strong><\/p>\n\n\n\n<p>Willkommen im bunten Schulalltag! Hier finden Sie alle wichtigen Informationen rund um das Schulleben an unserer Grundschule \u2013 \u00fcbersichtlich, verst\u00e4ndlich und immer mit dem Ziel, Sie und Ihr Kind bestm\u00f6glich zu begleiten.<\/p>\n\n\n\n<hr class=\"wp-block-separator has-css-opacity\" \/>\n\n\n\n<h3 class=\"wp-block-heading\">\ud83e\udd1d Beratung &amp; Ansprechpartner<\/h3>\n\n\n\n<p>Bei Fragen rund um den Schulalltag Ihres Kindes stehen Ihnen die Klassenlehrkr\u00e4fte oder die jeweiligen Fachlehrkr\u00e4fte jederzeit gerne zur Verf\u00fcgung.<\/p>\n\n\n\n<hr class=\"wp-block-separator has-css-opacity\" \/>\n\n\n\n<h3 class=\"wp-block-heading\">\ud83e\uddd2 Betreuung vor und nach dem Unterricht<\/h3>\n\n\n\n<p>F\u00fcr Kinder der 1. und 2. Klassen bieten wir t\u00e4glich eine verl\u00e4ssliche Betreuung in der 1. oder 5. Stunde an. Die Betreuung findet in festen Gruppen durch eine p\u00e4dagogische Mitarbeiterin statt und wird mit Basteln, Spielen, Erz\u00e4hlen und Bewegung auf dem Schulhof abwechslungsreich gestaltet.<br>\ud83d\udc49 Wichtig: Eine verbindliche Anmeldung zu Schuljahresbeginn oder zum Halbjahr ist erforderlich.<\/p>\n\n\n\n<hr class=\"wp-block-separator has-css-opacity\" \/>\n\n\n\n<h3 class=\"wp-block-heading\">\ud83d\udcc5 Beurlaubungen<\/h3>\n\n\n\n<p>Bitte beantragen Sie Beurlaubungen nur in Ausnahmef\u00e4llen schriftlich (z.\u202fB. f\u00fcr wichtige Arzttermine oder famili\u00e4re Ereignisse). So stellen wir sicher, dass Ihr Kind m\u00f6glichst wenig Unterricht vers\u00e4umt.<\/p>\n\n\n\n<hr class=\"wp-block-separator has-css-opacity\" \/>\n\n\n\n<h3 class=\"wp-block-heading\">\ud83d\udcd6 B\u00fccherei<\/h3>\n\n\n\n<p>Zwei mal pro Woche k\u00f6nnen unsere Sch\u00fclerinnen und Sch\u00fcler B\u00fccher in der schuleigenen B\u00fccherei ausleihen \u2013 liebevoll betreut durch engagierte Eltern.<\/p>\n\n\n\n<hr class=\"wp-block-separator has-css-opacity\" \/>\n\n\n\n<h3 class=\"wp-block-heading\">\ud83d\udcbb Computer &amp; Medienbildung<\/h3>\n\n\n\n<p>Unsere Schule verf\u00fcgt \u00fcber internetf\u00e4hige ipads. Im Unterricht lernen die Kinder den sicheren Umgang mit den ipads und die Grundlagen der Internetrecherche.<\/p>\n\n\n\n<hr class=\"wp-block-separator has-css-opacity\" \/>\n\n\n\n<h3 class=\"wp-block-heading\">\ud83c\udf92 Einschulung \u2013 Ein besonderer Tag<\/h3>\n\n\n\n<p>Die Einschulungsfeier ist ein festlicher Start ins Schulleben. Die 2. Klassen \u00fcbernehmen die Bewirtung \u2013 die Einnahmen flie\u00dfen in die Klassenkassen der neuen Erstkl\u00e4ssler.<\/p>\n\n\n\n<hr class=\"wp-block-separator has-css-opacity\" \/>\n\n\n\n<h3 class=\"wp-block-heading\">\ud83d\udde3\ufe0f Elternabende &amp; Elternarbeit<\/h3>\n\n\n\n<p>Elternabende finden zweimal pro Schuljahr statt. Die aktive Mitwirkung der Eltern ist uns besonders wichtig \u2013 ob bei Ausfl\u00fcgen, Festen oder in schulischen Gremien.<\/p>\n\n\n\n<hr class=\"wp-block-separator has-css-opacity\" \/>\n\n\n\n<h3 class=\"wp-block-heading\">\ud83d\uddd3\ufe0f Elternsprechtage<\/h3>\n\n\n\n<p>Im November und M\u00e4rz finden unsere Elternsprechtage statt \u2013 f\u00fcr einen pers\u00f6nlichen Austausch \u00fcber den Leistungsstand, das Sozialverhalten und individuelle F\u00f6rderm\u00f6glichkeiten. Gespr\u00e4che sind auch jederzeit nach Terminvereinbarung m\u00f6glich.<\/p>\n\n\n\n<hr class=\"wp-block-separator has-css-opacity\" \/>\n\n\n\n<h3 class=\"wp-block-heading\">\ud83e\udd12 Erkrankungen &amp; Fehlzeiten<\/h3>\n\n\n\n<p>Bitte informieren Sie uns fr\u00fchzeitig \u00fcber das Fehlen Ihres Kindes unter <strong>k&#114;&#x61;&#x6e;&#x6b;m&#101;&#x6c;&#x64;&#x75;n&#103;&#x40;&#x67;&#x73;m&#45;&#x73;&#x65;&#x65;l&#122;&#x65;&#x2e;&#x65;u <\/strong><br>Bei l\u00e4ngeren Fehlzeiten kann ein \u00e4rztliches Attest erforderlich sein.<br><\/p>\n\n\n\n<hr class=\"wp-block-separator has-css-opacity\" \/>\n\n\n\n<h3 class=\"wp-block-heading\">\ud83d\udc9a F\u00f6rderverein<\/h3>\n\n\n\n<p>Unser F\u00f6rderverein unterst\u00fctzt Projekte, Ausstattungen und Veranstaltungen der Schule \u2013 ideell und finanziell. Jede Mitgliedschaft hilft! Informationen erhalten Sie im Info-Faltblatt oder \u00fcber das Sekretariat.<\/p>\n\n\n\n<hr class=\"wp-block-separator has-css-opacity\" \/>\n\n\n\n<h3 class=\"wp-block-heading\">\u2795 F\u00f6rderung &amp; Forderung<\/h3>\n\n\n\n<p>Wir bieten F\u00f6rderstunden in Deutsch und Mathematik sowie Sportf\u00f6rderunterricht f\u00fcr die Klassen 1 und 2. Ab Klasse 3 gibt es zus\u00e4tzlich Forderunterricht f\u00fcr besonders interessierte Kinder.<\/p>\n\n\n\n<hr class=\"wp-block-separator has-css-opacity\" \/>\n\n\n\n<h3 class=\"wp-block-heading\">\ud83e\udde4 Fundsachen<\/h3>\n\n\n\n<p>Verlorene Gegenst\u00e4nde k\u00f6nnen im Eingangsbereich abgeholt werden. Nicht abgeholte Sachen gehen jeweils zum Halbjahr an das Fundb\u00fcro der Stadt Seelze.<\/p>\n\n\n\n<hr class=\"wp-block-separator has-css-opacity\" \/>\n\n\n\n<h3 class=\"wp-block-heading\">\ud83e\udd6a Fr\u00fchst\u00fcck \u2013 Gesund &amp; lecker<\/h3>\n\n\n\n<p>Ein gesundes Fr\u00fchst\u00fcck unterst\u00fctzt Konzentration und Lernfreude. Bitte geben Sie Ihrem Kind t\u00e4glich ein ausgewogenes Fr\u00fchst\u00fcck und ein zuckerfreies Getr\u00e4nk mit.<\/p>\n\n\n\n<hr class=\"wp-block-separator has-css-opacity\" \/>\n\n\n\n<h3 class=\"wp-block-heading\">\ud83e\uddb7 Gesunde Z\u00e4hne<\/h3>\n\n\n\n<p>Einmal j\u00e4hrlich untersucht der schul\u00e4rztliche Dienst die Z\u00e4hne unserer Sch\u00fclerinnen und Sch\u00fcler. Dabei geht es um Pr\u00e4vention und Aufkl\u00e4rung \u2013 nicht um Behandlung.<\/p>\n\n\n\n<hr class=\"wp-block-separator has-css-opacity\" \/>\n\n\n\n<h3 class=\"wp-block-heading\">\u270f\ufe0f Hausaufgaben<\/h3>\n\n\n\n<p>Ihr Kind sollte diese selbstst\u00e4ndig in ca.\u202f30 Minuten bew\u00e4ltigen k\u00f6nnen.<br>Ein ruhiger Arbeitsplatz und feste Zeiten helfen dabei. Wenn Ihr Kind Schwierigkeiten hat, sprechen Sie bitte mit der Lehrkraft.<\/p>\n\n\n\n<hr class=\"wp-block-separator has-css-opacity\" \/>\n\n\n\n<h3 class=\"wp-block-heading\">\ud83e\uddf0 Hausmeister<\/h3>\n\n\n\n<p>Unser Hausmeister Herr Natho sorgt f\u00fcr Ordnung und technische Sicherheit in unserem Schulgeb\u00e4ude. Danke!<\/p>\n\n\n\n<hr class=\"wp-block-separator has-css-opacity\" \/>\n\n\n\n<h3 class=\"wp-block-heading\">\ud83d\udc5f Hausschuhe<\/h3>\n\n\n\n<p>Im Schulgeb\u00e4ude tragen die Kinder Hausschuhe \u2013 f\u00fcr saubere Klassenr\u00e4ume und gem\u00fctliches Lernen.<\/p>\n\n\n\n<hr class=\"wp-block-separator has-css-opacity\" \/>\n\n\n\n<h3 class=\"wp-block-heading\">\ud83d\udc76 Kooperation mit Kinderg\u00e4rten<\/h3>\n\n\n\n<p>Der \u00dcbergang vom Kindergarten in die Schule wird durch eine enge Zusammenarbeit mit den umliegenden Kitas begleitet \u2013 mit gemeinsamen Aktionen, Projekten und Besuchen.<\/p>\n\n\n\n<hr class=\"wp-block-separator has-css-opacity\" \/>\n\n\n\n<h3 class=\"wp-block-heading\">\ud83e\udd1d Kooperation mit F\u00f6rderschulen &amp; Polizei<\/h3>\n\n\n\n<p>Inklusion ist uns wichtig. Wir arbeiten eng mit F\u00f6rderschulen und der Polizei Seelze (Verkehrserziehung, Gewaltpr\u00e4vention) zusammen. Die Musikschule unterst\u00fctzt uns mit Angeboten wie Schulchor und Gitarrenunterricht.<\/p>\n\n\n\n<hr class=\"wp-block-separator has-css-opacity\" \/>\n\n\n\n<h3 class=\"wp-block-heading\">\ud83c\udf93 Leistungsbewertung<\/h3>\n\n\n\n<p>Leistung wird bei uns nicht nur gemessen, sondern auch ermutigt und anerkannt. In den Klassen 1 und 2 stehen Beobachtungen und Lernberichte im Mittelpunkt. Ab Klasse 3 gibt es Notenzeugnisse mit erg\u00e4nzenden Lernentwicklungsberichten.<\/p>\n\n\n\n<hr class=\"wp-block-separator has-css-opacity\" \/>\n\n\n\n<h3 class=\"wp-block-heading\">\ud83d\udcec Postmappe<\/h3>\n\n\n\n<p>Die Postmappe Ihres Kindes enth\u00e4lt wichtige Elternbriefe \u2013 bitte t\u00e4glich kontrollieren. Sie dient auch als Kommunikationsmittel zur Lehrkraft.<\/p>\n\n\n\n<hr class=\"wp-block-separator has-css-opacity\" \/>\n\n\n\n<h3 class=\"wp-block-heading\">\ud83d\udc68\u200d\ud83d\udc69\u200d\ud83d\udc67\u200d\ud83d\udc66 Patenklassen<\/h3>\n\n\n\n<p>Die Viertkl\u00e4ssler \u00fcbernehmen Patenschaften f\u00fcr die neuen Erstkl\u00e4ssler \u2013 eine sch\u00f6ne Tradition, die den Einstieg erleichtert.<\/p>\n\n\n\n<hr class=\"wp-block-separator has-css-opacity\" \/>\n\n\n\n<h3 class=\"wp-block-heading\">\ud83e\uddc3 Pausen &amp; Bewegung<\/h3>\n\n\n\n<p>In den Pausen k\u00f6nnen sich die Kinder auf dem Hof austoben und mit Spielger\u00e4ten aktiv sein. Bei schlechtem Wetter bleiben die Kinder im Klassenraum zur Regenpause.<\/p>\n\n\n\n<hr class=\"wp-block-separator has-css-opacity\" \/>\n\n\n\n<h3 class=\"wp-block-heading\">\ud83d\udcda Schulbuchausleihe<\/h3>\n\n\n\n<p>Am Schuljahresende entscheiden Sie, ob Sie B\u00fccher kaufen oder leihen m\u00f6chten. Bitte beachten Sie Fristen und gehen Sie sorgsam mit geliehenen Materialien um.<\/p>\n\n\n\n<hr class=\"wp-block-separator has-css-opacity\" \/>\n\n\n\n<h3 class=\"wp-block-heading\">\ud83c\udf92 Schulranzen &amp; Packhilfe<\/h3>\n\n\n\n<p>Bitte achten Sie auf ein leichtes Modell und kontrollieren Sie gemeinsam mit Ihrem Kind regelm\u00e4\u00dfig den Inhalt. Vieles kann auch in der Schule bleiben.<\/p>\n\n\n\n<hr class=\"wp-block-separator has-css-opacity\" \/>\n\n\n\n<h3 class=\"wp-block-heading\">\ud83d\udeb8 Schulweg<\/h3>\n\n\n\n<p>Bitte \u00fcben Sie mit Ihrem Kind den sichersten Schulweg. Begleiten Sie es nur bis zum Eingangsbereich \u2013 nicht bis in den Klassenraum.<br>Unf\u00e4lle auf dem Schulweg m\u00fcssen sofort gemeldet werden.<\/p>\n\n\n\n<hr class=\"wp-block-separator has-css-opacity\" \/>\n\n\n\n<h3 class=\"wp-block-heading\">\ud83c\udfc3\u200d\u2640\ufe0f Sportunterricht &amp; Schwimmen<\/h3>\n\n\n\n<p>Bitte achten Sie auf passende, markierte Sportkleidung. Schmuck, Uhren und offene Haare sind aus Sicherheitsgr\u00fcnden nicht erlaubt. Im 3. Schuljahr findet Schwimmunterricht statt.<\/p>\n\n\n\n<hr class=\"wp-block-separator has-css-opacity\" \/>\n\n\n\n<h3 class=\"wp-block-heading\">\ud83d\udd50 Sprechzeiten der Lehrkr\u00e4fte<\/h3>\n\n\n\n<p>Die Sprechzeiten werden zu Schuljahresbeginn bekannt gegeben. Bitte vereinbaren Sie bei Bedarf einen Termin \u2013 f\u00fcr ruhige, kl\u00e4rende Gespr\u00e4che abseits vom Trubel.<\/p>\n\n\n\n<hr class=\"wp-block-separator has-css-opacity\" \/>\n\n\n\n<h3 class=\"wp-block-heading\">\ud83e\udd1d Streitschlichter<\/h3>\n\n\n\n<p>Ab Klasse 3 bilden wir Streitschlichter aus, die kleinere Konflikte unter Sch\u00fclern selbstst\u00e4ndig und fair l\u00f6sen.<\/p>\n\n\n\n<hr class=\"wp-block-separator has-css-opacity\" \/>\n\n\n\n<h3 class=\"wp-block-heading\">\u260e\ufe0f Telefonliste &amp; Notf\u00e4lle<\/h3>\n\n\n\n<p>Halten Sie Ihre Kontaktdaten stets aktuell \u2013 besonders f\u00fcr Notf\u00e4lle ist das entscheidend.<\/p>\n\n\n\n<hr class=\"wp-block-separator has-css-opacity\" \/>\n\n\n\n<h3 class=\"wp-block-heading\">\ud83d\udee1\ufe0f Unfallversicherung<\/h3>\n\n\n\n<p>Alle Kinder sind \u00fcber die Schule unfallversichert \u2013 auch auf dem Schulweg und bei Veranstaltungen. Bitte melden Sie Unf\u00e4lle umgehend im Sekretariat.<\/p>\n\n\n\n<hr class=\"wp-block-separator has-css-opacity\" \/>\n\n\n\n<h3 class=\"wp-block-heading\">\ud83d\udd57 Verl\u00e4ssliche Grundschule<\/h3>\n\n\n\n<p>Unsere Schule ist ab 7.45 Uhr ge\u00f6ffnet. Der Unterricht beginnt um 8.00 Uhr. Die Betreuung ist bis 12.40 Uhr garantiert.<\/p>\n\n\n\n<hr class=\"wp-block-separator has-css-opacity\" \/>\n\n\n\n<h3 class=\"wp-block-heading\">\u2744\ufe0f Witterungsbedingter Unterrichtsausfall<\/h3>\n\n\n\n<p>Bei extremem Wetter erfahren Sie \u00fcber Radio oder Internet, ob der Unterricht ausf\u00e4llt. Eine Notbetreuung ist in der Schule gew\u00e4hrleistet.<\/p>\n\n\n\n<hr class=\"wp-block-separator has-css-opacity\" \/>\n\n\n\n<h3 class=\"wp-block-heading\">\ud83d\udcc4 Zeugnisse<\/h3>\n\n\n\n<p>Zeugnisse geben R\u00fcckmeldung zu Lernstand, Verhalten und Entwicklung. In Klasse 1 und 2 gibt es Berichtszeugnisse, ab Klasse 3 Notenzeugnisse mit erg\u00e4nzenden Hinweisen zur Lernentwicklung.<\/p>\n\n\n\n<hr class=\"wp-block-separator has-css-opacity\" \/>\n\n\n\n<p>Wenn Sie Fragen zu einzelnen Punkten haben, sprechen Sie uns gerne an. Wir freuen uns auf eine vertrauensvolle Zusammenarbeit!<\/p>\n","protected":false},"excerpt":{"rendered":"<p>Willkommen an der Grundschule M\u00fchlenfeld! Liebe Eltern unserer neuen Erstkl\u00e4sslerinnen und Erstkl\u00e4ssler, wir freuen uns sehr, Sie und Ihr Kind bei uns an der Grundschule Harenberg begr\u00fc\u00dfen zu d\u00fcrfen! Damit der Start gut gelingt und Sie sich schnell bei uns zurechtfinden, haben wir alle wichtigen Informationen rund um unser Schulleben von A bis Z f\u00fcr [&hellip;]<\/p>\n","protected":false},"author":9194667,"featured_media":0,"comment_status":"closed","ping_status":"closed","sticky":false,"template":"","format":"standard","meta":{"footnotes":""},"categories":[1],"tags":[],"class_list":["post-44","post","type-post","status-publish","format-standard","hentry","category-allgemein"],"_links":{"self":[{"href":"https:\/\/wordpress.nibis.de\/gsh\/wp-json\/wp\/v2\/posts\/44","targetHints":{"allow":["GET"]}}],"collection":[{"href":"https:\/\/wordpress.nibis.de\/gsh\/wp-json\/wp\/v2\/posts"}],"about":[{"href":"https:\/\/wordpress.nibis.de\/gsh\/wp-json\/wp\/v2\/types\/post"}],"author":[{"embeddable":true,"href":"https:\/\/wordpress.nibis.de\/gsh\/wp-json\/wp\/v2\/users\/9194667"}],"replies":[{"embeddable":true,"href":"https:\/\/wordpress.nibis.de\/gsh\/wp-json\/wp\/v2\/comments?post=44"}],"version-history":[{"count":9,"href":"https:\/\/wordpress.nibis.de\/gsh\/wp-json\/wp\/v2\/posts\/44\/revisions"}],"predecessor-version":[{"id":523,"href":"https:\/\/wordpress.nibis.de\/gsh\/wp-json\/wp\/v2\/posts\/44\/revisions\/523"}],"wp:attachment":[{"href":"https:\/\/wordpress.nibis.de\/gsh\/wp-json\/wp\/v2\/media?parent=44"}],"wp:term":[{"taxonomy":"category","embeddable":true,"href":"https:\/\/wordpress.nibis.de\/gsh\/wp-json\/wp\/v2\/categories?post=44"},{"taxonomy":"post_tag","embeddable":true,"href":"https:\/\/wordpress.nibis.de\/gsh\/wp-json\/wp\/v2\/tags?post=44"}],"curies":[{"name":"wp","href":"https:\/\/api.w.org\/{rel}","templated":true}]}}