{"id":45,"date":"2025-09-08T13:08:59","date_gmt":"2025-09-08T11:08:59","guid":{"rendered":"https:\/\/wordpress.nibis.de\/gsh\/?p=45"},"modified":"2026-03-02T13:18:03","modified_gmt":"2026-03-02T12:18:03","slug":"aktuelles-2","status":"publish","type":"post","link":"https:\/\/wordpress.nibis.de\/gsh\/2025\/09\/08\/aktuelles-2\/","title":{"rendered":"F\u00d6RDERVEREIN"},"content":{"rendered":"\n<h2 class=\"wp-block-heading\">Unser F\u00f6rderverein stellt sich vor <\/h2>\n\n\n\n<h3 class=\"wp-block-heading\">Wer wir sind<\/h3>\n\n\n\n<p>Der <strong>Verein zur F\u00f6rderung der Grundschule Harenberg e.V.<\/strong> wurde 2001 gegr\u00fcndet und ist seitdem ein eingetragener, gemeinn\u00fctziger Verein. Unser Ziel: Schnell und unkompliziert tolle Projekte f\u00fcr unsere Grundschulkinder zu unterst\u00fctzen und das Schulleben bunter zu machen.<\/p>\n\n\n\n<h3 class=\"wp-block-heading\">Was wir machen<\/h3>\n\n\n\n<p>Wir f\u00f6rdern spannende und wichtige Aktionen wie zum Beispiel:<\/p>\n\n\n\n<ul class=\"wp-block-list\">\n<li><strong>Klassenprojekte<\/strong> wie Lesungen, Landfrauenkochen, \u201eUnsere Schule singt\u201c und Gewaltpr\u00e4ventionskurse<\/li>\n\n\n\n<li><strong>Spielger\u00e4te<\/strong> f\u00fcr die Pausen und Betreuungszeit sowie die gem\u00fctliche Leseecke in der Pausenhalle<\/li>\n\n\n\n<li>Den <strong>Aufbau und die Erweiterung unserer Schulbibliothek<\/strong> seit 2005 und die Finanzierung neuer B\u00fccher<\/li>\n\n\n\n<li>Und wenn n\u00f6tig, helfen wir auch bei der <strong>Unterst\u00fctzung von Klassenfahrten und Ausfl\u00fcgen<\/strong><\/li>\n\n\n\n<li>\u2026und noch vieles mehr!<\/li>\n<\/ul>\n\n\n\n<h3 class=\"wp-block-heading\">Wie wir finanziert werden<\/h3>\n\n\n\n<p>Unsere Arbeit finanzieren wir durch:<\/p>\n\n\n\n<ul class=\"wp-block-list\">\n<li>Die <strong>j\u00e4hrlichen Mitgliedsbeitr\u00e4ge<\/strong> (nur 12 Euro pro Jahr)<\/li>\n\n\n\n<li><strong>Spenden<\/strong> von engagierten Unterst\u00fctzern<\/li>\n\n\n\n<li>Erl\u00f6se aus Veranstaltungen rund um unsere Schule<\/li>\n<\/ul>\n\n\n\n<h3 class=\"wp-block-heading\">Unsere Veranstaltungen<\/h3>\n\n\n\n<p>Jedes Fr\u00fchjahr organisieren wir den beliebten <strong>Secondhand-Kinderbasar<\/strong> in der Mehrzweckhalle. Au\u00dferdem sind wir mit einem Stand beim <strong>Grundschulfest<\/strong> und dem <strong>Harenberger Bauernmarkt<\/strong> vertreten. Hier treffen sich Eltern, Kinder und Freunde der Schule, um gemeinsam Spa\u00df zu haben und die Schulgemeinschaft zu st\u00e4rken.<\/p>\n\n\n\n<h3 class=\"wp-block-heading\">Kontakt<\/h3>\n\n\n\n<p>Du hast Fragen, m\u00f6chtest mitmachen oder hast tolle Ideen?<br>Wir freuen uns auf deine Nachricht!<br><strong>Frau Patricia H\u00e4fker<\/strong> ist deine Ansprechpartnerin:<br>\ud83d\udce7 <a>&#102;&#x6f;&#x65;r&#100;&#x65;r&#118;&#x65;&#x72;&#101;&#x69;&#x6e;&#64;&#103;&#x73;m&#45;&#x73;&#x65;&#101;&#x6c;&#x7a;e&#46;&#x65;u<\/a><\/p>\n\n\n\n<div data-wp-interactive=\"core\/file\" class=\"wp-block-file\"><object data-wp-bind--hidden=\"!state.hasPdfPreview\" hidden class=\"wp-block-file__embed\" data=\"https:\/\/wordpress.nibis.de\/gsh\/files\/2025\/10\/RZ_Flyer-Foerderverein-Harenberg-GS_A4_2021-1.pdf\" type=\"application\/pdf\" style=\"width:100%;height:600px\" aria-label=\"Einbettung von Eintrittsformular F\u00f6rderverein.\"><\/object><a id=\"wp-block-file--media-90b16702-bb2d-432c-8ead-a86542e9ba62\" href=\"https:\/\/wordpress.nibis.de\/gsh\/files\/2025\/10\/RZ_Flyer-Foerderverein-Harenberg-GS_A4_2021-1.pdf\">Eintrittsformular F\u00f6rderverein<\/a><a href=\"https:\/\/wordpress.nibis.de\/gsh\/files\/2025\/10\/RZ_Flyer-Foerderverein-Harenberg-GS_A4_2021-1.pdf\" class=\"wp-block-file__button wp-element-button\" download aria-describedby=\"wp-block-file--media-90b16702-bb2d-432c-8ead-a86542e9ba62\">Herunterladen<\/a><\/div>\n\n\n\n<hr class=\"wp-block-separator has-alpha-channel-opacity\" \/>\n\n\n<div class=\"wp-block-image\">\n<figure class=\"alignleft size-large is-resized\"><img loading=\"lazy\" decoding=\"async\" width=\"1024\" height=\"768\" src=\"https:\/\/wordpress.nibis.de\/gsh\/files\/2025\/09\/f3221b6f-eaf5-49f2-a4a1-d5fc0b1b6a8e-1024x768.jpg\" alt=\"\" class=\"wp-image-433\" style=\"width:362px;height:auto\" srcset=\"https:\/\/wordpress.nibis.de\/gsh\/files\/2025\/09\/f3221b6f-eaf5-49f2-a4a1-d5fc0b1b6a8e-1024x768.jpg 1024w, https:\/\/wordpress.nibis.de\/gsh\/files\/2025\/09\/f3221b6f-eaf5-49f2-a4a1-d5fc0b1b6a8e-300x225.jpg 300w, https:\/\/wordpress.nibis.de\/gsh\/files\/2025\/09\/f3221b6f-eaf5-49f2-a4a1-d5fc0b1b6a8e-768x576.jpg 768w, https:\/\/wordpress.nibis.de\/gsh\/files\/2025\/09\/f3221b6f-eaf5-49f2-a4a1-d5fc0b1b6a8e-100x75.jpg 100w, https:\/\/wordpress.nibis.de\/gsh\/files\/2025\/09\/f3221b6f-eaf5-49f2-a4a1-d5fc0b1b6a8e-1536x1152.jpg 1536w, https:\/\/wordpress.nibis.de\/gsh\/files\/2025\/09\/f3221b6f-eaf5-49f2-a4a1-d5fc0b1b6a8e.jpg 2048w\" sizes=\"auto, (max-width: 1024px) 100vw, 1024px\" \/><figcaption class=\"wp-element-caption\">Der gro\u00dfe Tobini wurde vom F\u00f6rderverein f\u00fcr den lebendigen Adventskalender im Dezember organisiert<\/figcaption><\/figure>\n<\/div>\n\n\n<p><\/p>\n","protected":false},"excerpt":{"rendered":"<p>Unser F\u00f6rderverein stellt sich vor Wer wir sind Der Verein zur F\u00f6rderung der Grundschule Harenberg e.V. wurde 2001 gegr\u00fcndet und ist seitdem ein eingetragener, gemeinn\u00fctziger Verein. Unser Ziel: Schnell und unkompliziert tolle Projekte f\u00fcr unsere Grundschulkinder zu unterst\u00fctzen und das Schulleben bunter zu machen. Was wir machen Wir f\u00f6rdern spannende und wichtige Aktionen wie zum [&hellip;]<\/p>\n","protected":false},"author":9194667,"featured_media":0,"comment_status":"closed","ping_status":"closed","sticky":false,"template":"","format":"standard","meta":{"footnotes":""},"categories":[1],"tags":[],"class_list":["post-45","post","type-post","status-publish","format-standard","hentry","category-allgemein"],"_links":{"self":[{"href":"https:\/\/wordpress.nibis.de\/gsh\/wp-json\/wp\/v2\/posts\/45","targetHints":{"allow":["GET"]}}],"collection":[{"href":"https:\/\/wordpress.nibis.de\/gsh\/wp-json\/wp\/v2\/posts"}],"about":[{"href":"https:\/\/wordpress.nibis.de\/gsh\/wp-json\/wp\/v2\/types\/post"}],"author":[{"embeddable":true,"href":"https:\/\/wordpress.nibis.de\/gsh\/wp-json\/wp\/v2\/users\/9194667"}],"replies":[{"embeddable":true,"href":"https:\/\/wordpress.nibis.de\/gsh\/wp-json\/wp\/v2\/comments?post=45"}],"version-history":[{"count":7,"href":"https:\/\/wordpress.nibis.de\/gsh\/wp-json\/wp\/v2\/posts\/45\/revisions"}],"predecessor-version":[{"id":434,"href":"https:\/\/wordpress.nibis.de\/gsh\/wp-json\/wp\/v2\/posts\/45\/revisions\/434"}],"wp:attachment":[{"href":"https:\/\/wordpress.nibis.de\/gsh\/wp-json\/wp\/v2\/media?parent=45"}],"wp:term":[{"taxonomy":"category","embeddable":true,"href":"https:\/\/wordpress.nibis.de\/gsh\/wp-json\/wp\/v2\/categories?post=45"},{"taxonomy":"post_tag","embeddable":true,"href":"https:\/\/wordpress.nibis.de\/gsh\/wp-json\/wp\/v2\/tags?post=45"}],"curies":[{"name":"wp","href":"https:\/\/api.w.org\/{rel}","templated":true}]}}