{"id":1619,"date":"2023-08-15T23:21:21","date_gmt":"2023-08-15T21:21:21","guid":{"rendered":"https:\/\/wordpress.nibis.de\/gshammah\/?p=1619"},"modified":"2023-08-16T13:17:28","modified_gmt":"2023-08-16T11:17:28","slug":"informationen-zum-schulstart","status":"publish","type":"post","link":"https:\/\/wordpress.nibis.de\/gshammah\/2023\/08\/15\/informationen-zum-schulstart\/","title":{"rendered":"Informationen zum Schulstart"},"content":{"rendered":"\n<p>Liebe Sch\u00fclerinnen und Sch\u00fcler,<br>Liebe Eltern und Erziehungsberechtigte,<\/p>\n\n\n\n<p>In zwei Tagen, an diesem Donnerstag,&nbsp;<strong>17.08.2023<\/strong>&nbsp;beginnt f\u00fcr alle Kinder des 2., 3. und 4. Jahrgangs endlich wieder die Schule!<br>Im neuen Schuljahr erwarten die Sch\u00fclerinnen und Sch\u00fcler sehr viele spannende Neuigkeiten in der neuen Containerschule, \u00fcber die ich Sie und Euch an dieser Stelle informieren m\u00f6chte:<\/p>\n\n\n\n<p><strong>1. Schulstart: Donnerstag, 17.08.2023<\/strong><br>Die Schule startet \u00fcbermorgen. Wie bereits berichtet, haben die Sch\u00fclerinnen und Sch\u00fcler des 2. Jahrgangs am 17. 08. und 18.08.2023 jeweils vier Stunden Unterricht. Angemeldete Kinder k\u00f6nnen danach in der 5. Stunde in die Betreuung gehen.<\/p>\n\n\n\n<p>Die Kinder der 3. und 4. Klassen haben am Donnerstag und Freitag jeweils f\u00fcnf Stunden Unterricht.<br>In den ersten Tagen erhalten alle Sch\u00fcler ihren Stundenplan.<\/p>\n\n\n\n<p>Die&nbsp;<strong>Einschulung<\/strong>&nbsp;f\u00fcr unsere&nbsp;<strong>1.-Kl\u00e4ssler<\/strong>&nbsp;findet am&nbsp;<strong>Samstag, 21.08.2023 um 10:30 Uhr&nbsp;<\/strong>in der&nbsp;<strong>gro\u00dfen Turnhalle<\/strong>&nbsp;statt und die 3a, 3b und 3c \u00fcbernehmen dabei die Cafeteria und f\u00fchren ein Theaterst\u00fcck vor. Wir freuen uns schon auf diese Einschulung und unsere neuen Schulanf\u00e4nger!<\/p>\n\n\n\n<p>Im Containerdorf laufen die&nbsp;<strong>Vorbereitungen<\/strong>&nbsp;aktuell&nbsp;<strong>auf Hochtouren<\/strong>&nbsp;und das Team kommt gut voran! Auch wenn noch nicht alle neuen M\u00f6bel eingetroffen sind und wir einen Ausweichpausenhof nutzen werden, sind die Klassenr\u00e4ume sch\u00f6n vorbereitet und das Lernen kann dort mit neuem Schwung beginnen!<\/p>\n\n\n\n<p><strong>2. Schulweg und neue Buszeiten:<\/strong><br>Der\u00a0<strong>Schulweg ver\u00e4ndert sich<\/strong>\u00a0aufgrund des neuen Schulstandortes (Am Sportplatz 10).\u00a0<strong>Die Bussch\u00fcler m\u00fcssen bitte die neuen Buszeiten beachten<\/strong>:<\/p>\n\n\n\n<p><a href=\"https:\/\/www.kvg-bus.de\/fileadmin\/user\/pdf\/fahrplaene\/2069_ab_17.08.2023.pdf\">https:\/\/www.kvg-bus.de\/fileadmin\/user\/pdf\/fahrplaene\/2069_ab_17.08.2023.pdf<\/a><\/p>\n\n\n\n<p><a href=\"https:\/\/www.kvg-bus.de\/fileadmin\/user\/pdf\/fahrplaene\/2070_ab_17.08.2023.pdf\">https:\/\/www.kvg-bus.de\/fileadmin\/user\/pdf\/fahrplaene\/2070_ab_17.08.2023.pdf<\/a><\/p>\n\n\n\n<p>Die Busse fahren morgens jeweils fr\u00fcher als im vergangenen Schuljahr in den umliegenden D\u00f6rfern ab, sodass die Kinder in Hammah gen\u00fcgend Zeit haben von der Bushaltestelle an der &#8222;alten&#8220; Schule zur neuen Containerschule zu gelangen.\u00a0<br><strong>Alle Sch\u00fclerinnen und Sch\u00fcler werden an den ersten zwei Schultagen vom gesamten Team der Grundschule in Hammah auf diesem neuen Schulweg unterst\u00fctzt.<\/strong>\u00a0Ab der Bushaltestelle stehen die<strong>\u00a0<\/strong>Lehrkr\u00e4fte und unsere neuen Bundesfreiwilligendienstleistenden f\u00fcr die Kinder bereit und leiten sie die neue Strecke entlang zur &#8222;neuen&#8220; Containerschule.<\/p>\n\n\n\n<p><strong>3. Verkehrssituation:<\/strong><br>Ganz ausdr\u00fccklich m\u00f6chte ich alle Eltern auffordern ihre&nbsp;<strong>Kinder alleine und zu Fu\u00df&nbsp;<\/strong>(sp\u00e4testens) ab der Bushaltestelle&nbsp;<strong>laufen zu lassen.<\/strong>&nbsp;Die positionierten Lehrkr\u00e4fte werden den Kindern helfen eine neue Routine f\u00fcr diese neue Strecke zu entwickeln. Die Kolleginnen und Kollegen werden alle eine Sicherheitsweste tragen, sind somit f\u00fcr alle Verkehrsteilnehmer gut sichtbar und k\u00f6nnen von den Kindern bei Unsicherheiten direkt angesprochen werden.&nbsp;Zudem sollen an den ersten Tagen Polizeibeamte zur Unterst\u00fctzung vor Ort sein.<\/p>\n\n\n\n<p>Das Fahren mit dem Fahrrad empfehlen wir explizit nur den&nbsp;<strong>Sch\u00fclerinnen und Sch\u00fclern der 4. Klasse nach der erfolgreichen Fahrradpr\u00fcfung!&nbsp;<\/strong><br>Sollten Sie Ihr Kind dennoch mit dem Roller oder Fahrrad zur Schule schicken, sollte das verkehrssichere&nbsp;<strong>Rad bzw. der Roller<\/strong>am bisherigen Fahrradst\u00e4nder (gegen\u00fcber der Kita Kinderschiff) abgestellt werden. Ab diesem Ort muss das Fahrzeug auf dem neuen Fussweg<strong>&nbsp;geschoben&nbsp;<\/strong>werden, weil der Untergrund ung\u00fcnstig und die Wegbreite nicht ausreichend zum Fahren ist. Auch am neunen Schulstandort besteht die M\u00f6glichkeit einen Fahrradst\u00e4nder zu benutzen.<\/p>\n\n\n\n<p><strong>Vom Bringen Ihres Kindes mit einem Auto wird dringend abgeraten!&nbsp;<br><\/strong>Das Fahren hinter dem Jugendblockhaus ist nur den Lehrkr\u00e4ften und der Polizei bzw. Feuerwehr gestattet!<\/p>\n\n\n\n<p><strong>4. Neue Bundesfreiwillendienstleistende:<\/strong><br>Erneut k\u00f6nnen wir f\u00fcr dieses Schuljahr zwei Bufdis an unserer Schule begr\u00fc\u00dfen! Lana und Alissa werden im Unterricht in allen Klassen mitarbeiten und das Team bei den viwlf\u00e4ltigen Aufgaben unterst\u00fctzen. Wir hei\u00dfen die beiden ganz herzlich willkommen!!!<\/p>\n\n\n\n<p><strong>5. Pausengestaltung:<\/strong><br>Das Au\u00dfengel\u00e4nde ist aufgrund der langen Regenwochen noch nicht passierbar und hergerichtet. Aktuell steht das Wasser im Erdreich, sodass keine schweren Ger\u00e4te darauf arbeiten k\u00f6nnen.&nbsp;<strong>Die komplette Zuwegung zur Schule ist jedoch fertig gestellt.<\/strong><br>Als&nbsp;<strong>Ausweichpausenhof&nbsp;<\/strong>werden wir das&nbsp;<strong>Faustballfeld<\/strong>&nbsp;direkt vor unserer Containerschule nutzen. F\u00fcr Pausenspa\u00df, Abwechslung und viel Bewegung wird auch dort gesorgt sein.&nbsp;<\/p>\n\n\n\n<p><strong>6. Betreten der Schule:<br><\/strong>Wie gewohnt m\u00f6chten wir Sie bitten, Ihre Kinder an den Unterrichtstagen nicht in die Schule hinein zu begleiten. Sicherlich sind Sie schon gespannt, wie das neue Schulgeb\u00e4ude Ihrer Kinder von innen aussieht. Hierf\u00fcr werden Sie am Tag der offenen T\u00fcr ausreichend Gelegenheit bekommen. Wir freuen uns, wenn wir Sie am 22.09.2023 von 15-18 Uhr in unseren neuen R\u00e4umlichkeiten begr\u00fc\u00dfen d\u00fcrfen. Bis dahin werden&nbsp;Ihre Kinder Ihnen bestimmt sehr viel von unserer neuen Schule berichten.<\/p>\n\n\n\n<p>Allen Kindern und Ihnen w\u00fcnsche ich noch einen guten letzten Ferientag und&nbsp;<br>verbleibe mit besten Gr\u00fc\u00dfen<\/p>\n\n\n\n<p>Sabine Dede<br>Rektorin<\/p>\n","protected":false},"excerpt":{"rendered":"<p>Liebe Sch\u00fclerinnen und Sch\u00fcler,Liebe Eltern und Erziehungsberechtigte, In zwei Tagen, an diesem Donnerstag,&nbsp;17.08.2023&nbsp;beginnt f\u00fcr alle Kinder des 2., 3. und 4. Jahrgangs endlich wieder die Schule!Im neuen Schuljahr erwarten die Sch\u00fclerinnen und Sch\u00fcler sehr viele spannende Neuigkeiten in der neuen Containerschule, \u00fcber die ich Sie und Euch an dieser Stelle informieren m\u00f6chte: 1. Schulstart: Donnerstag, [&hellip;]<\/p>\n","protected":false},"author":9193504,"featured_media":0,"comment_status":"closed","ping_status":"closed","sticky":false,"template":"","format":"standard","meta":{"footnotes":""},"categories":[1],"tags":[],"class_list":["post-1619","post","type-post","status-publish","format-standard","hentry","category-allgemein"],"_links":{"self":[{"href":"https:\/\/wordpress.nibis.de\/gshammah\/wp-json\/wp\/v2\/posts\/1619","targetHints":{"allow":["GET"]}}],"collection":[{"href":"https:\/\/wordpress.nibis.de\/gshammah\/wp-json\/wp\/v2\/posts"}],"about":[{"href":"https:\/\/wordpress.nibis.de\/gshammah\/wp-json\/wp\/v2\/types\/post"}],"author":[{"embeddable":true,"href":"https:\/\/wordpress.nibis.de\/gshammah\/wp-json\/wp\/v2\/users\/9193504"}],"replies":[{"embeddable":true,"href":"https:\/\/wordpress.nibis.de\/gshammah\/wp-json\/wp\/v2\/comments?post=1619"}],"version-history":[{"count":2,"href":"https:\/\/wordpress.nibis.de\/gshammah\/wp-json\/wp\/v2\/posts\/1619\/revisions"}],"predecessor-version":[{"id":1622,"href":"https:\/\/wordpress.nibis.de\/gshammah\/wp-json\/wp\/v2\/posts\/1619\/revisions\/1622"}],"wp:attachment":[{"href":"https:\/\/wordpress.nibis.de\/gshammah\/wp-json\/wp\/v2\/media?parent=1619"}],"wp:term":[{"taxonomy":"category","embeddable":true,"href":"https:\/\/wordpress.nibis.de\/gshammah\/wp-json\/wp\/v2\/categories?post=1619"},{"taxonomy":"post_tag","embeddable":true,"href":"https:\/\/wordpress.nibis.de\/gshammah\/wp-json\/wp\/v2\/tags?post=1619"}],"curies":[{"name":"wp","href":"https:\/\/api.w.org\/{rel}","templated":true}]}}