{"id":913,"date":"2024-11-21T10:38:00","date_gmt":"2024-11-21T09:38:00","guid":{"rendered":"https:\/\/wordpress.nibis.de\/gshamspo\/?p=913"},"modified":"2024-11-25T12:18:55","modified_gmt":"2024-11-25T11:18:55","slug":"tag-der-kinderrechte","status":"publish","type":"post","link":"https:\/\/wordpress.nibis.de\/gshamspo\/2024\/11\/21\/tag-der-kinderrechte\/","title":{"rendered":"Tag der Kinderrechte"},"content":{"rendered":"\n<p>Am 20.11.2024 nahmen wir an der UNICEF-Schulaktion \u201eDu geh\u00f6rst dazu!\u201c teil. Die Kinder sahen einen kindgerechten Film zur Thematik, malten Bilder und zeigten ihre Verbundenheit mit &#8222;DU geh\u00f6rst dazu!&#8220; Tattoos.<\/p>\n\n\n\n<p><strong>Was ist der Internationale Tag der Kinderrechte?<\/strong><\/p>\n\n\n\n<p>Am 20. November ist der Geburtstag der UN-Kinderrechtskonvention, die 1989 verabschiedet wurde. In Deutschland und auf der ganzen Welt machen sich Kinder und Jugendliche an diesem Tag f\u00fcr die Umsetzung ihrer Rechte stark &#8211; zusammen mit UNICEF und vielen Unterst\u00fctzer*innen.&nbsp;Zum 35. Jubil\u00e4um der Konvention steht folgender Leitsatz im Fokus: \u201eKinderrechte leben \u2013 Demokratie st\u00e4rken!\u201c.&nbsp;Denn&nbsp;<a rel=\"noreferrer noopener\" href=\"https:\/\/www.unicef.de\/informieren\/einsatz-fuer-kinderrechte\" target=\"_blank\">Kinderrechte<\/a>&nbsp;f\u00fcllen demokratische Grundwerte wie Partizipation, Teilhabe, Chancengerechtigkeit, Meinungsfreiheit, Gleichberechtigung, Toleranz und Respekt vor den Rechten und der Meinung anderer mit Leben.<\/p>\n\n\n\n<figure class=\"wp-block-gallery has-nested-images columns-default is-cropped wp-block-gallery-1 is-layout-flex wp-block-gallery-is-layout-flex\">\n<figure class=\"wp-block-image size-large is-style-tw-frame\"><img decoding=\"async\" data-id=\"915\" src=\"https:\/\/wordpress.nibis.de\/gshamspo\/files\/2024\/11\/IMG_0636klein-756x675.jpg\" alt=\"\" class=\"wp-image-915\" \/><\/figure>\n\n\n\n<figure class=\"wp-block-image size-large is-style-tw-frame\"><img loading=\"lazy\" decoding=\"async\" width=\"1200\" height=\"675\" data-id=\"920\" src=\"https:\/\/wordpress.nibis.de\/gshamspo\/files\/2024\/11\/IMG_5877-1200x675.jpeg\" alt=\"\" class=\"wp-image-920\" \/><\/figure>\n\n\n\n<figure class=\"wp-block-image size-large is-style-tw-frame\"><img loading=\"lazy\" decoding=\"async\" width=\"756\" height=\"675\" data-id=\"914\" src=\"https:\/\/wordpress.nibis.de\/gshamspo\/files\/2024\/11\/IMG_5880klein-756x675.jpg\" alt=\"\" class=\"wp-image-914\" \/><\/figure>\n\n\n\n<figure class=\"wp-block-image size-large is-style-tw-frame\"><img loading=\"lazy\" decoding=\"async\" width=\"756\" height=\"675\" data-id=\"916\" src=\"https:\/\/wordpress.nibis.de\/gshamspo\/files\/2024\/11\/IMG_5885klein-756x675.jpg\" alt=\"\" class=\"wp-image-916\" \/><\/figure>\n\n\n\n<figure class=\"wp-block-image size-large is-style-tw-frame\"><img loading=\"lazy\" decoding=\"async\" width=\"756\" height=\"675\" data-id=\"919\" src=\"https:\/\/wordpress.nibis.de\/gshamspo\/files\/2024\/11\/IMG_5887klein-756x675.jpg\" alt=\"\" class=\"wp-image-919\" \/><\/figure>\n\n\n\n<figure class=\"wp-block-image size-large is-style-tw-frame\"><img loading=\"lazy\" decoding=\"async\" width=\"1008\" height=\"675\" data-id=\"923\" src=\"https:\/\/wordpress.nibis.de\/gshamspo\/files\/2024\/11\/IMG_0644klein-1008x675.jpg\" alt=\"\" class=\"wp-image-923\" \/><\/figure>\n\n\n\n<figure class=\"wp-block-image size-large is-style-tw-frame\"><img loading=\"lazy\" decoding=\"async\" width=\"1080\" height=\"675\" data-id=\"921\" src=\"https:\/\/wordpress.nibis.de\/gshamspo\/files\/2024\/11\/UNICEF-Schulaktion-20.11._2024-1080x675.jpg\" alt=\"\" class=\"wp-image-921\" \/><\/figure>\n<\/figure>\n\n\n\n<p><\/p>\n","protected":false},"excerpt":{"rendered":"<p>Am 20.11.2024 nahmen wir an der UNICEF-Schulaktion \u201eDu geh\u00f6rst dazu!\u201c teil. Die Kinder sahen einen kindgerechten Film zur Thematik, malten Bilder und zeigten ihre Verbundenheit<\/p>\n","protected":false},"author":9194247,"featured_media":0,"comment_status":"open","ping_status":"open","sticky":false,"template":"","format":"standard","meta":{"footnotes":""},"categories":[1],"tags":[],"class_list":["post-913","post","type-post","status-publish","format-standard","hentry","category-allgemein"],"_links":{"self":[{"href":"https:\/\/wordpress.nibis.de\/gshamspo\/wp-json\/wp\/v2\/posts\/913","targetHints":{"allow":["GET"]}}],"collection":[{"href":"https:\/\/wordpress.nibis.de\/gshamspo\/wp-json\/wp\/v2\/posts"}],"about":[{"href":"https:\/\/wordpress.nibis.de\/gshamspo\/wp-json\/wp\/v2\/types\/post"}],"author":[{"embeddable":true,"href":"https:\/\/wordpress.nibis.de\/gshamspo\/wp-json\/wp\/v2\/users\/9194247"}],"replies":[{"embeddable":true,"href":"https:\/\/wordpress.nibis.de\/gshamspo\/wp-json\/wp\/v2\/comments?post=913"}],"version-history":[{"count":2,"href":"https:\/\/wordpress.nibis.de\/gshamspo\/wp-json\/wp\/v2\/posts\/913\/revisions"}],"predecessor-version":[{"id":925,"href":"https:\/\/wordpress.nibis.de\/gshamspo\/wp-json\/wp\/v2\/posts\/913\/revisions\/925"}],"wp:attachment":[{"href":"https:\/\/wordpress.nibis.de\/gshamspo\/wp-json\/wp\/v2\/media?parent=913"}],"wp:term":[{"taxonomy":"category","embeddable":true,"href":"https:\/\/wordpress.nibis.de\/gshamspo\/wp-json\/wp\/v2\/categories?post=913"},{"taxonomy":"post_tag","embeddable":true,"href":"https:\/\/wordpress.nibis.de\/gshamspo\/wp-json\/wp\/v2\/tags?post=913"}],"curies":[{"name":"wp","href":"https:\/\/api.w.org\/{rel}","templated":true}]}}