{"id":1550,"date":"2026-09-04T18:27:31","date_gmt":"2026-09-04T16:27:31","guid":{"rendered":"https:\/\/wordpress.nibis.de\/gshermann-loens\/?p=1550"},"modified":"2026-09-05T07:23:51","modified_gmt":"2026-09-05T05:23:51","slug":"freedag-is-plattdag-2026","status":"publish","type":"post","link":"https:\/\/wordpress.nibis.de\/gshermann-loens\/freedag-is-plattdag-2026\/","title":{"rendered":"Freedag is Plattdag 2026"},"content":{"rendered":"\n<p class=\"wp-block-paragraph\"><strong>Ein gelungener Auftakt mit Ministerpr\u00e4sident Olaf Lies<\/strong><\/p>\n\n\n\n<p class=\"wp-block-paragraph\">Am 02.09.2026 sind 8 Kinder von den \u201eL\u00fcmborger Rappelsnuten\u201c&nbsp;&nbsp;der Hermann-L\u00f6ns-Schule, die Lehrerin Urte Gehrckens-G\u00e4rtner sowie der Musiker Klaus Stehr in der Staatskanzlei&nbsp;&nbsp;Hannover gewesen und trafen dort&nbsp;&nbsp;Ministerpr\u00e4sident Olaf Lies und andere Initiativen zu \u201eFreedag is Plattdag\u201c der Landschaftsverb\u00e4nde.&nbsp;<\/p>\n\n\n\n<!--more-->\n\n\n\n<p class=\"wp-block-paragraph\">Anlass war der Auftakt der Aktion \u201eFreedag is Plattdag\u201c, mit der die Menschen in Niedersachsen seit nunmehr 11 Jahren eingeladen werden, an Freitagen m\u00f6glichst viel Plattdeutsch zu sprechen.&nbsp;<\/p>\n\n\n\n<p class=\"wp-block-paragraph\">Im Foyer wurden alle in lockerer Atmosph\u00e4re empfangen. Nach einer kurzen St\u00e4rkung begann das Programm. Verschiedene Gruppen der Landschaftsverb\u00e4nde stellten ihre Aktivit\u00e4ten vor.<\/p>\n\n\n\n<p class=\"wp-block-paragraph\">Die L\u00fcmborger Rappelsnuten&nbsp;&nbsp;gestalteten mit vier Liedern den Beginn der Veranstaltung musikalisch. Sie starteten mit den Liedern \u201eMoin, moin, leve L\u00fc\u00fcd\u201c und \u201eFreedag is Plattdag\u201c als Begr\u00fc\u00dfung. Es folgten noch 2 Lieder von dem Kinderliedermacher Reinhard Horn, mit dem die Rappelsnuten in diesem Jahr ein besonderes Projekt durchgef\u00fchrt haben. Es waren Freundschaftslieder, da das diesj\u00e4hrige Motto der Aktion \u201eZusammenhalt\/Freundschaft\u201c ist.<\/p>\n\n\n\n<p class=\"wp-block-paragraph\">Zum Schluss gab es noch ein Fotoshooting mit allen Teilnehmern sowie Interviews mit dem NDR Fernsehen Niedersachsen und Radio ffn.&nbsp;<\/p>\n\n\n\n<p class=\"wp-block-paragraph\"><a href=\"https:\/\/www.ndr.de\/nachrichten\/niedersachsen\/hannover_weser-leinegebiet\/freedag-is-plattdag-plattdeutsche-kampagne-startet,plattdeutsch-118.html\">https:\/\/www.ndr.de\/nachrichten\/niedersachsen\/hannover_weser-leinegebiet\/freedag-is-plattdag-plattdeutsche-kampagne-startet,plattdeutsch-118.html<\/a><\/p>\n\n\n\n<p class=\"wp-block-paragraph\">Alles in allem eine aufregende und sch\u00f6ne Veranstaltung, die sicherlich noch lange bei den \u201eL\u00fcmborger Rappelsnuten\u201c nachwirken wird.<\/p>\n\n\n\n<p class=\"wp-block-paragraph\">Finanziell unterst\u00fctzt wurde die Reise der Rappelsnuten vom Verein \u201eL\u00fcnePlatt e.V.\u201c<\/p>\n\n\n\n<figure class=\"wp-block-image size-large\"><img loading=\"lazy\" decoding=\"async\" width=\"800\" height=\"502\" src=\"https:\/\/wordpress.nibis.de\/gshermann-loens\/files\/2026\/09\/Bild_2-800x502.jpg\" alt=\"\" class=\"wp-image-1552\" srcset=\"https:\/\/wordpress.nibis.de\/gshermann-loens\/files\/2026\/09\/Bild_2-800x502.jpg 800w, https:\/\/wordpress.nibis.de\/gshermann-loens\/files\/2026\/09\/Bild_2-300x188.jpg 300w, https:\/\/wordpress.nibis.de\/gshermann-loens\/files\/2026\/09\/Bild_2-768x482.jpg 768w, https:\/\/wordpress.nibis.de\/gshermann-loens\/files\/2026\/09\/Bild_2-100x63.jpg 100w, https:\/\/wordpress.nibis.de\/gshermann-loens\/files\/2026\/09\/Bild_2-1536x964.jpg 1536w, https:\/\/wordpress.nibis.de\/gshermann-loens\/files\/2026\/09\/Bild_2-478x300.jpg 478w, https:\/\/wordpress.nibis.de\/gshermann-loens\/files\/2026\/09\/Bild_2.jpg 1938w\" sizes=\"auto, (max-width: 800px) 100vw, 800px\" \/><\/figure>\n\n\n\n<figure class=\"wp-block-gallery has-nested-images columns-default is-cropped wp-block-gallery-1 is-layout-flex wp-block-gallery-is-layout-flex\">\n<figure class=\"wp-block-image size-large\"><img loading=\"lazy\" decoding=\"async\" width=\"474\" height=\"600\" data-id=\"1551\" src=\"https:\/\/wordpress.nibis.de\/gshermann-loens\/files\/2026\/09\/Bild_1-474x600.jpg\" alt=\"\" class=\"wp-image-1551\" srcset=\"https:\/\/wordpress.nibis.de\/gshermann-loens\/files\/2026\/09\/Bild_1-474x600.jpg 474w, https:\/\/wordpress.nibis.de\/gshermann-loens\/files\/2026\/09\/Bild_1-237x300.jpg 237w, https:\/\/wordpress.nibis.de\/gshermann-loens\/files\/2026\/09\/Bild_1-768x972.jpg 768w, https:\/\/wordpress.nibis.de\/gshermann-loens\/files\/2026\/09\/Bild_1-100x127.jpg 100w, https:\/\/wordpress.nibis.de\/gshermann-loens\/files\/2026\/09\/Bild_1.jpg 1198w\" sizes=\"auto, (max-width: 474px) 100vw, 474px\" \/><\/figure>\n\n\n\n<figure class=\"wp-block-image size-large\"><img loading=\"lazy\" decoding=\"async\" width=\"599\" height=\"600\" data-id=\"1555\" src=\"https:\/\/wordpress.nibis.de\/gshermann-loens\/files\/2026\/09\/Bild_5-599x600.jpg\" alt=\"\" class=\"wp-image-1555\" srcset=\"https:\/\/wordpress.nibis.de\/gshermann-loens\/files\/2026\/09\/Bild_5-599x600.jpg 599w, https:\/\/wordpress.nibis.de\/gshermann-loens\/files\/2026\/09\/Bild_5-300x300.jpg 300w, https:\/\/wordpress.nibis.de\/gshermann-loens\/files\/2026\/09\/Bild_5-150x150.jpg 150w, https:\/\/wordpress.nibis.de\/gshermann-loens\/files\/2026\/09\/Bild_5-768x769.jpg 768w, https:\/\/wordpress.nibis.de\/gshermann-loens\/files\/2026\/09\/Bild_5-100x100.jpg 100w, https:\/\/wordpress.nibis.de\/gshermann-loens\/files\/2026\/09\/Bild_5-299x300.jpg 299w, https:\/\/wordpress.nibis.de\/gshermann-loens\/files\/2026\/09\/Bild_5.jpg 1118w\" sizes=\"auto, (max-width: 599px) 100vw, 599px\" \/><\/figure>\n\n\n\n<figure class=\"wp-block-image size-large\"><img loading=\"lazy\" decoding=\"async\" width=\"530\" height=\"600\" data-id=\"1554\" src=\"https:\/\/wordpress.nibis.de\/gshermann-loens\/files\/2026\/09\/Bild_4-530x600.jpg\" alt=\"\" class=\"wp-image-1554\" srcset=\"https:\/\/wordpress.nibis.de\/gshermann-loens\/files\/2026\/09\/Bild_4-530x600.jpg 530w, https:\/\/wordpress.nibis.de\/gshermann-loens\/files\/2026\/09\/Bild_4-265x300.jpg 265w, https:\/\/wordpress.nibis.de\/gshermann-loens\/files\/2026\/09\/Bild_4-768x870.jpg 768w, https:\/\/wordpress.nibis.de\/gshermann-loens\/files\/2026\/09\/Bild_4-100x113.jpg 100w, https:\/\/wordpress.nibis.de\/gshermann-loens\/files\/2026\/09\/Bild_4.jpg 1118w\" sizes=\"auto, (max-width: 530px) 100vw, 530px\" \/><\/figure>\n\n\n\n<figure class=\"wp-block-image size-large\"><img loading=\"lazy\" decoding=\"async\" width=\"800\" height=\"402\" data-id=\"1553\" src=\"https:\/\/wordpress.nibis.de\/gshermann-loens\/files\/2026\/09\/Bild_3-800x402.jpg\" alt=\"\" class=\"wp-image-1553\" srcset=\"https:\/\/wordpress.nibis.de\/gshermann-loens\/files\/2026\/09\/Bild_3-800x402.jpg 800w, https:\/\/wordpress.nibis.de\/gshermann-loens\/files\/2026\/09\/Bild_3-300x151.jpg 300w, https:\/\/wordpress.nibis.de\/gshermann-loens\/files\/2026\/09\/Bild_3-768x386.jpg 768w, https:\/\/wordpress.nibis.de\/gshermann-loens\/files\/2026\/09\/Bild_3-100x50.jpg 100w, https:\/\/wordpress.nibis.de\/gshermann-loens\/files\/2026\/09\/Bild_3-1536x773.jpg 1536w, https:\/\/wordpress.nibis.de\/gshermann-loens\/files\/2026\/09\/Bild_3-500x252.jpg 500w, https:\/\/wordpress.nibis.de\/gshermann-loens\/files\/2026\/09\/Bild_3.jpg 1960w\" sizes=\"auto, (max-width: 800px) 100vw, 800px\" \/><\/figure>\n<\/figure>\n\n\n\n<p class=\"wp-block-paragraph\"><\/p>\n","protected":false},"excerpt":{"rendered":"<p>Ein gelungener Auftakt mit Ministerpr\u00e4sident Olaf Lies Am 02.09.2026 sind 8 Kinder von den \u201eL\u00fcmborger Rappelsnuten\u201c&nbsp;&nbsp;der Hermann-L\u00f6ns-Schule, die Lehrerin Urte Gehrckens-G\u00e4rtner sowie der Musiker Klaus Stehr in der Staatskanzlei&nbsp;&nbsp;Hannover gewesen und trafen dort&nbsp;&nbsp;Ministerpr\u00e4sident Olaf Lies und andere Initiativen zu \u201eFreedag &hellip; <a href=\"https:\/\/wordpress.nibis.de\/gshermann-loens\/freedag-is-plattdag-2026\/\">Weiterlesen <span class=\"meta-nav\">&rarr;<\/span><\/a><\/p>\n","protected":false},"author":9194392,"featured_media":1559,"comment_status":"open","ping_status":"open","sticky":false,"template":"","format":"standard","meta":{"footnotes":""},"categories":[7],"tags":[],"class_list":["post-1550","post","type-post","status-publish","format-standard","has-post-thumbnail","hentry","category-aktuelles"],"_links":{"self":[{"href":"https:\/\/wordpress.nibis.de\/gshermann-loens\/wp-json\/wp\/v2\/posts\/1550","targetHints":{"allow":["GET"]}}],"collection":[{"href":"https:\/\/wordpress.nibis.de\/gshermann-loens\/wp-json\/wp\/v2\/posts"}],"about":[{"href":"https:\/\/wordpress.nibis.de\/gshermann-loens\/wp-json\/wp\/v2\/types\/post"}],"author":[{"embeddable":true,"href":"https:\/\/wordpress.nibis.de\/gshermann-loens\/wp-json\/wp\/v2\/users\/9194392"}],"replies":[{"embeddable":true,"href":"https:\/\/wordpress.nibis.de\/gshermann-loens\/wp-json\/wp\/v2\/comments?post=1550"}],"version-history":[{"count":5,"href":"https:\/\/wordpress.nibis.de\/gshermann-loens\/wp-json\/wp\/v2\/posts\/1550\/revisions"}],"predecessor-version":[{"id":1567,"href":"https:\/\/wordpress.nibis.de\/gshermann-loens\/wp-json\/wp\/v2\/posts\/1550\/revisions\/1567"}],"wp:featuredmedia":[{"embeddable":true,"href":"https:\/\/wordpress.nibis.de\/gshermann-loens\/wp-json\/wp\/v2\/media\/1559"}],"wp:attachment":[{"href":"https:\/\/wordpress.nibis.de\/gshermann-loens\/wp-json\/wp\/v2\/media?parent=1550"}],"wp:term":[{"taxonomy":"category","embeddable":true,"href":"https:\/\/wordpress.nibis.de\/gshermann-loens\/wp-json\/wp\/v2\/categories?post=1550"},{"taxonomy":"post_tag","embeddable":true,"href":"https:\/\/wordpress.nibis.de\/gshermann-loens\/wp-json\/wp\/v2\/tags?post=1550"}],"curies":[{"name":"wp","href":"https:\/\/api.w.org\/{rel}","templated":true}]}}