{"id":2537,"date":"2018-09-28T16:38:16","date_gmt":"2018-09-28T14:38:16","guid":{"rendered":"http:\/\/wordpress.nibis.de\/gshermanns\/?p=2537"},"modified":"2019-09-04T10:01:43","modified_gmt":"2019-09-04T08:01:43","slug":"obstsalat","status":"publish","type":"post","link":"https:\/\/wordpress.nibis.de\/gshermanns\/2018\/09\/28\/obstsalat\/","title":{"rendered":"Obstsalat"},"content":{"rendered":"<p>Am letzten Schultag vor den Herbstferien bereiteten die Kinder der Klasse 1a und 1b passend zur Einf\u00fchrung des Buchstabens &#8222;O&#8220; einen Obstsalat zu. Dabei wurden sie von tatkr\u00e4ftigen Eltern unterst\u00fctzt. Nach dem Sch\u00e4len und Schnippeln wurde der Obstsalat dann gemeinsam zum Fr\u00fchst\u00fcck verzehrt.<\/p>\n<div id='gallery-1' class='gallery galleryid-2537 gallery-columns-3 gallery-size-thumbnail'><figure class='gallery-item'>\n\t\t\t<div class='gallery-icon landscape'>\n\t\t\t\t<a href='https:\/\/wordpress.nibis.de\/gshermanns\/2018\/09\/28\/obstsalat\/k-img_5957\/'><img loading=\"lazy\" decoding=\"async\" width=\"150\" height=\"150\" src=\"https:\/\/wordpress.nibis.de\/gshermanns\/files\/2018\/09\/k-IMG_5957-150x150.jpg\" class=\"attachment-thumbnail size-thumbnail\" alt=\"\" style=\"width:100%;height:75%;max-width:1024px;\" \/><\/a>\n\t\t\t<\/div><\/figure><figure class='gallery-item'>\n\t\t\t<div class='gallery-icon landscape'>\n\t\t\t\t<a href='https:\/\/wordpress.nibis.de\/gshermanns\/2018\/09\/28\/obstsalat\/k-img_59561\/'><img loading=\"lazy\" decoding=\"async\" width=\"150\" height=\"150\" src=\"https:\/\/wordpress.nibis.de\/gshermanns\/files\/2018\/09\/k-IMG_59561-150x150.jpg\" class=\"attachment-thumbnail size-thumbnail\" alt=\"\" style=\"width:100%;height:75%;max-width:1024px;\" \/><\/a>\n\t\t\t<\/div><\/figure><figure class='gallery-item'>\n\t\t\t<div class='gallery-icon landscape'>\n\t\t\t\t<a href='https:\/\/wordpress.nibis.de\/gshermanns\/2018\/09\/28\/obstsalat\/k-img_5955\/'><img loading=\"lazy\" decoding=\"async\" width=\"150\" height=\"150\" src=\"https:\/\/wordpress.nibis.de\/gshermanns\/files\/2018\/09\/k-IMG_5955-150x150.jpg\" class=\"attachment-thumbnail size-thumbnail\" alt=\"\" style=\"width:100%;height:75%;max-width:1024px;\" \/><\/a>\n\t\t\t<\/div><\/figure><figure class='gallery-item'>\n\t\t\t<div class='gallery-icon landscape'>\n\t\t\t\t<a href='https:\/\/wordpress.nibis.de\/gshermanns\/2018\/09\/28\/obstsalat\/k-img_5954\/'><img loading=\"lazy\" decoding=\"async\" width=\"150\" height=\"150\" src=\"https:\/\/wordpress.nibis.de\/gshermanns\/files\/2018\/09\/k-IMG_5954-150x150.jpg\" class=\"attachment-thumbnail size-thumbnail\" alt=\"\" style=\"width:100%;height:75%;max-width:1024px;\" \/><\/a>\n\t\t\t<\/div><\/figure><figure class='gallery-item'>\n\t\t\t<div class='gallery-icon landscape'>\n\t\t\t\t<a href='https:\/\/wordpress.nibis.de\/gshermanns\/2018\/09\/28\/obstsalat\/k-img_5950\/'><img loading=\"lazy\" decoding=\"async\" width=\"150\" height=\"150\" src=\"https:\/\/wordpress.nibis.de\/gshermanns\/files\/2018\/09\/k-IMG_5950-150x150.jpg\" class=\"attachment-thumbnail size-thumbnail\" alt=\"\" style=\"width:100%;height:75%;max-width:1024px;\" \/><\/a>\n\t\t\t<\/div><\/figure><figure class='gallery-item'>\n\t\t\t<div class='gallery-icon landscape'>\n\t\t\t\t<a href='https:\/\/wordpress.nibis.de\/gshermanns\/2018\/09\/28\/obstsalat\/k-img_5949\/'><img loading=\"lazy\" decoding=\"async\" width=\"150\" height=\"150\" src=\"https:\/\/wordpress.nibis.de\/gshermanns\/files\/2018\/09\/k-IMG_5949-150x150.jpg\" class=\"attachment-thumbnail size-thumbnail\" alt=\"\" style=\"width:100%;height:75%;max-width:1024px;\" \/><\/a>\n\t\t\t<\/div><\/figure><figure class='gallery-item'>\n\t\t\t<div class='gallery-icon landscape'>\n\t\t\t\t<a href='https:\/\/wordpress.nibis.de\/gshermanns\/2018\/09\/28\/obstsalat\/k-img_5946\/'><img loading=\"lazy\" decoding=\"async\" width=\"150\" height=\"150\" src=\"https:\/\/wordpress.nibis.de\/gshermanns\/files\/2018\/09\/k-IMG_5946-150x150.jpg\" class=\"attachment-thumbnail size-thumbnail\" alt=\"\" style=\"width:100%;height:75%;max-width:1024px;\" \/><\/a>\n\t\t\t<\/div><\/figure><figure class='gallery-item'>\n\t\t\t<div class='gallery-icon landscape'>\n\t\t\t\t<a href='https:\/\/wordpress.nibis.de\/gshermanns\/2018\/09\/28\/obstsalat\/k-img_59531\/'><img loading=\"lazy\" decoding=\"async\" width=\"150\" height=\"150\" src=\"https:\/\/wordpress.nibis.de\/gshermanns\/files\/2018\/09\/k-IMG_59531-150x150.jpg\" class=\"attachment-thumbnail size-thumbnail\" alt=\"\" style=\"width:100%;height:75.98%;max-width:1024px;\" \/><\/a>\n\t\t\t<\/div><\/figure>\n\t\t<\/div>\n\n","protected":false},"excerpt":{"rendered":"<p>Am letzten Schultag vor den Herbstferien bereiteten die Kinder der Klasse 1a und 1b passend zur Einf\u00fchrung des Buchstabens &#8222;O&#8220; einen Obstsalat zu. Dabei wurden sie von tatkr\u00e4ftigen Eltern unterst\u00fctzt. Nach dem Sch\u00e4len und Schnippeln wurde der Obstsalat dann gemeinsam zum Fr\u00fchst\u00fcck verzehrt.<\/p>\n","protected":false},"author":845,"featured_media":0,"comment_status":"closed","ping_status":"closed","sticky":false,"template":"","format":"standard","meta":{"footnotes":""},"categories":[1],"tags":[],"class_list":["post-2537","post","type-post","status-publish","format-standard","hentry","category-allgemein","entry"],"_links":{"self":[{"href":"https:\/\/wordpress.nibis.de\/gshermanns\/wp-json\/wp\/v2\/posts\/2537","targetHints":{"allow":["GET"]}}],"collection":[{"href":"https:\/\/wordpress.nibis.de\/gshermanns\/wp-json\/wp\/v2\/posts"}],"about":[{"href":"https:\/\/wordpress.nibis.de\/gshermanns\/wp-json\/wp\/v2\/types\/post"}],"author":[{"embeddable":true,"href":"https:\/\/wordpress.nibis.de\/gshermanns\/wp-json\/wp\/v2\/users\/845"}],"replies":[{"embeddable":true,"href":"https:\/\/wordpress.nibis.de\/gshermanns\/wp-json\/wp\/v2\/comments?post=2537"}],"version-history":[{"count":3,"href":"https:\/\/wordpress.nibis.de\/gshermanns\/wp-json\/wp\/v2\/posts\/2537\/revisions"}],"predecessor-version":[{"id":3353,"href":"https:\/\/wordpress.nibis.de\/gshermanns\/wp-json\/wp\/v2\/posts\/2537\/revisions\/3353"}],"wp:attachment":[{"href":"https:\/\/wordpress.nibis.de\/gshermanns\/wp-json\/wp\/v2\/media?parent=2537"}],"wp:term":[{"taxonomy":"category","embeddable":true,"href":"https:\/\/wordpress.nibis.de\/gshermanns\/wp-json\/wp\/v2\/categories?post=2537"},{"taxonomy":"post_tag","embeddable":true,"href":"https:\/\/wordpress.nibis.de\/gshermanns\/wp-json\/wp\/v2\/tags?post=2537"}],"curies":[{"name":"wp","href":"https:\/\/api.w.org\/{rel}","templated":true}]}}