{"id":1798,"date":"2018-04-15T18:29:01","date_gmt":"2018-04-15T16:29:01","guid":{"rendered":"http:\/\/wordpress.nibis.de\/gshonde\/?p=1798"},"modified":"2018-04-15T18:37:49","modified_gmt":"2018-04-15T16:37:49","slug":"kreativnachmittag-des-projektes-farbentraeume-mit-unseren-kuenstlern-aus-den-1-und-2-klassen","status":"publish","type":"post","link":"https:\/\/wordpress.nibis.de\/gshonde\/2018\/04\/15\/kreativnachmittag-des-projektes-farbentraeume-mit-unseren-kuenstlern-aus-den-1-und-2-klassen\/","title":{"rendered":"Kreativnachmittag des Projektes \u201cFarbentr\u00e4ume\u201d mit unseren K\u00fcnstlern aus den 1. und 2. Klassen"},"content":{"rendered":"<p>Mit einem bunten Programm pr\u00e4sentierten die zwei Kunstgruppen, der Schulchor und die Theatergruppe ihre Arbeit aus den vergangenen Wochen. Zahlreiche G\u00e4ste bestaunten die moderne Kunstausstellung, das Theaterst\u00fcck \u00fcber das Besondere an allen Farben, die Kunstaktion \u201cSchnurdruck\u201d und unsere neue Kreativwerkstatt. Beliebt war unsere Cafeteria, die vom F\u00f6rderverein betreut wurde und an diesem Nachmittag sehr gut besucht war.<br \/>\nEin herzliches Dankesch\u00f6n an die vielen Helfer auch hinter der B\u00fchne, ganz besonders an die B\u00fcrgerstiftung, die das Projekt erm\u00f6glichte und an ein tolles Team aus Lehrern, padagogischen Mitarbeitern, K\u00fcnstlern und Eltern die voller Elan Kreativit\u00e4t umsetzten und damit zeigten, dass Kinder Schule als ihren Arbeits-und Lebensort erfahren.<br \/>\nDas waren sch\u00f6ne Momente, die noch lange nachwirken. Wir zitieren Pablo Picasso und sind uns alle einig: \u201cKunst w\u00e4scht den Staub des Alltags von der Seele!\u201d<\/p>\n<p><img loading=\"lazy\" decoding=\"async\" class=\"alignnone size-thumbnail wp-image-1803\" src=\"http:\/\/wordpress.nibis.de\/gshonde\/files\/2018\/04\/Kunstprojekt-4-250x141.jpg\" alt=\"\" width=\"250\" height=\"141\" srcset=\"https:\/\/wordpress.nibis.de\/gshonde\/files\/2018\/04\/Kunstprojekt-4-250x141.jpg 250w, https:\/\/wordpress.nibis.de\/gshonde\/files\/2018\/04\/Kunstprojekt-4-850x478.jpg 850w, https:\/\/wordpress.nibis.de\/gshonde\/files\/2018\/04\/Kunstprojekt-4-1200x675.jpg 1200w\" sizes=\"auto, (max-width: 250px) 100vw, 250px\" \/> <img loading=\"lazy\" decoding=\"async\" class=\"alignnone size-thumbnail wp-image-1802\" src=\"http:\/\/wordpress.nibis.de\/gshonde\/files\/2018\/04\/Kunstprojekt-3-250x141.jpg\" alt=\"\" width=\"250\" height=\"141\" srcset=\"https:\/\/wordpress.nibis.de\/gshonde\/files\/2018\/04\/Kunstprojekt-3-250x141.jpg 250w, https:\/\/wordpress.nibis.de\/gshonde\/files\/2018\/04\/Kunstprojekt-3-850x478.jpg 850w, https:\/\/wordpress.nibis.de\/gshonde\/files\/2018\/04\/Kunstprojekt-3-1200x675.jpg 1200w\" sizes=\"auto, (max-width: 250px) 100vw, 250px\" \/> <img loading=\"lazy\" decoding=\"async\" class=\"alignnone size-thumbnail wp-image-1801\" src=\"http:\/\/wordpress.nibis.de\/gshonde\/files\/2018\/04\/Kunstprojekt-2-250x141.jpg\" alt=\"\" width=\"250\" height=\"141\" srcset=\"https:\/\/wordpress.nibis.de\/gshonde\/files\/2018\/04\/Kunstprojekt-2-250x141.jpg 250w, https:\/\/wordpress.nibis.de\/gshonde\/files\/2018\/04\/Kunstprojekt-2-850x478.jpg 850w, https:\/\/wordpress.nibis.de\/gshonde\/files\/2018\/04\/Kunstprojekt-2-1200x675.jpg 1200w\" sizes=\"auto, (max-width: 250px) 100vw, 250px\" \/><img loading=\"lazy\" decoding=\"async\" class=\"alignnone size-thumbnail wp-image-1800\" src=\"http:\/\/wordpress.nibis.de\/gshonde\/files\/2018\/04\/Kunstprojekt-1-e1523810254917-250x141.jpg\" alt=\"\" width=\"250\" height=\"141\" srcset=\"https:\/\/wordpress.nibis.de\/gshonde\/files\/2018\/04\/Kunstprojekt-1-e1523810254917-250x141.jpg 250w, https:\/\/wordpress.nibis.de\/gshonde\/files\/2018\/04\/Kunstprojekt-1-e1523810254917-850x478.jpg 850w, https:\/\/wordpress.nibis.de\/gshonde\/files\/2018\/04\/Kunstprojekt-1-e1523810254917-1200x675.jpg 1200w\" sizes=\"auto, (max-width: 250px) 100vw, 250px\" \/><\/p>\n<p>&nbsp;<\/p>\n","protected":false},"excerpt":{"rendered":"<p>Mit einem bunten Programm pr\u00e4sentierten die zwei Kunstgruppen, der Schulchor und die Theatergruppe ihre Arbeit aus den vergangenen Wochen. Zahlreiche G\u00e4ste bestaunten die moderne Kunstausstellung, das Theaterst\u00fcck \u00fcber das Besondere an allen Farben, die Kunstaktion \u201cSchnurdruck\u201d und unsere neue Kreativwerkstatt. Beliebt war unsere Cafeteria, die vom F\u00f6rderverein betreut wurde und an diesem Nachmittag sehr gut &hellip; <a href=\"https:\/\/wordpress.nibis.de\/gshonde\/2018\/04\/15\/kreativnachmittag-des-projektes-farbentraeume-mit-unseren-kuenstlern-aus-den-1-und-2-klassen\/\" class=\"more-link\"><span class=\"screen-reader-text\">Kreativnachmittag des Projektes \u201cFarbentr\u00e4ume\u201d mit unseren K\u00fcnstlern aus den 1. und 2. Klassen<\/span> weiterlesen <span class=\"meta-nav\">&rarr;<\/span><\/a><\/p>\n","protected":false},"author":1075,"featured_media":0,"comment_status":"closed","ping_status":"closed","sticky":false,"template":"","format":"standard","meta":{"footnotes":""},"categories":[13],"tags":[],"class_list":["post-1798","post","type-post","status-publish","format-standard","hentry","category-schulleben"],"_links":{"self":[{"href":"https:\/\/wordpress.nibis.de\/gshonde\/wp-json\/wp\/v2\/posts\/1798","targetHints":{"allow":["GET"]}}],"collection":[{"href":"https:\/\/wordpress.nibis.de\/gshonde\/wp-json\/wp\/v2\/posts"}],"about":[{"href":"https:\/\/wordpress.nibis.de\/gshonde\/wp-json\/wp\/v2\/types\/post"}],"author":[{"embeddable":true,"href":"https:\/\/wordpress.nibis.de\/gshonde\/wp-json\/wp\/v2\/users\/1075"}],"replies":[{"embeddable":true,"href":"https:\/\/wordpress.nibis.de\/gshonde\/wp-json\/wp\/v2\/comments?post=1798"}],"version-history":[{"count":3,"href":"https:\/\/wordpress.nibis.de\/gshonde\/wp-json\/wp\/v2\/posts\/1798\/revisions"}],"predecessor-version":[{"id":1805,"href":"https:\/\/wordpress.nibis.de\/gshonde\/wp-json\/wp\/v2\/posts\/1798\/revisions\/1805"}],"wp:attachment":[{"href":"https:\/\/wordpress.nibis.de\/gshonde\/wp-json\/wp\/v2\/media?parent=1798"}],"wp:term":[{"taxonomy":"category","embeddable":true,"href":"https:\/\/wordpress.nibis.de\/gshonde\/wp-json\/wp\/v2\/categories?post=1798"},{"taxonomy":"post_tag","embeddable":true,"href":"https:\/\/wordpress.nibis.de\/gshonde\/wp-json\/wp\/v2\/tags?post=1798"}],"curies":[{"name":"wp","href":"https:\/\/api.w.org\/{rel}","templated":true}]}}