{"id":4909,"date":"2026-04-24T08:10:53","date_gmt":"2026-04-24T06:10:53","guid":{"rendered":"https:\/\/wordpress.nibis.de\/gshonde\/?p=4909"},"modified":"2026-04-24T08:10:54","modified_gmt":"2026-04-24T06:10:54","slug":"malwettbewerb-des-planetariums-wolfsburg","status":"publish","type":"post","link":"https:\/\/wordpress.nibis.de\/gshonde\/2026\/04\/24\/malwettbewerb-des-planetariums-wolfsburg\/","title":{"rendered":"Malwettbewerb des Planetariums Wolfsburg"},"content":{"rendered":"\n<p>Die Klassen 3a und 3c nahmen mit kreativem Einsatz am Malwettbewerb zum Thema &#8222;Unsere sch\u00f6ne Erde&#8220; teil. Ausgeschrieben wurde der Wettbewerb vom Planetarium Wolfsburg. Alle Kinder gestalteten einen individuellen Hintergrund mit einer dreidimensionalen Erde. Sehr \u00fcberraschend gewannen beide Klassen als Sonderpreis eine Vorf\u00fchrung im Planetarium. Wir freuen uns riesig und packen schon mal die Rucks\u00e4cke zum Ausflug am 02.09.2026 nach Wolfsburg! Einfach galaktisch!<\/p>\n<div class=\"wp-block-image\"><a href=\"https:\/\/wordpress.nibis.de\/gshonde\/files\/2026\/04\/Weltall-scaled.jpg\"><img loading=\"lazy\" decoding=\"async\" class=\"wpa-warning wpa-image-missing-alt alignnone size-medium wp-image-4910\" src=\"https:\/\/wordpress.nibis.de\/gshonde\/files\/2026\/04\/Weltall-850x478.jpg\" alt=\"\" width=\"850\" height=\"478\" data-warning=\"Missing alt text\" srcset=\"https:\/\/wordpress.nibis.de\/gshonde\/files\/2026\/04\/Weltall-850x478.jpg 850w, https:\/\/wordpress.nibis.de\/gshonde\/files\/2026\/04\/Weltall-1200x675.jpg 1200w, https:\/\/wordpress.nibis.de\/gshonde\/files\/2026\/04\/Weltall-250x141.jpg 250w\" sizes=\"auto, (max-width: 850px) 100vw, 850px\" \/><\/a><\/div>\n\n\n","protected":false},"excerpt":{"rendered":"<p>Die Klassen 3a und 3c nahmen mit kreativem Einsatz am Malwettbewerb zum Thema &#8222;Unsere sch\u00f6ne Erde&#8220; teil. Ausgeschrieben wurde der Wettbewerb vom Planetarium Wolfsburg. Alle Kinder gestalteten einen individuellen Hintergrund mit einer dreidimensionalen Erde. Sehr \u00fcberraschend gewannen beide Klassen als Sonderpreis eine Vorf\u00fchrung im Planetarium. Wir freuen uns riesig und packen schon mal die Rucks\u00e4cke &hellip; <a href=\"https:\/\/wordpress.nibis.de\/gshonde\/2026\/04\/24\/malwettbewerb-des-planetariums-wolfsburg\/\" class=\"more-link\"><span class=\"screen-reader-text\">Malwettbewerb des Planetariums Wolfsburg<\/span> weiterlesen <span class=\"meta-nav\">&rarr;<\/span><\/a><\/p>\n","protected":false},"author":1075,"featured_media":0,"comment_status":"closed","ping_status":"closed","sticky":false,"template":"","format":"standard","meta":{"footnotes":""},"categories":[1,13],"tags":[],"class_list":["post-4909","post","type-post","status-publish","format-standard","hentry","category-allgemein","category-schulleben"],"_links":{"self":[{"href":"https:\/\/wordpress.nibis.de\/gshonde\/wp-json\/wp\/v2\/posts\/4909","targetHints":{"allow":["GET"]}}],"collection":[{"href":"https:\/\/wordpress.nibis.de\/gshonde\/wp-json\/wp\/v2\/posts"}],"about":[{"href":"https:\/\/wordpress.nibis.de\/gshonde\/wp-json\/wp\/v2\/types\/post"}],"author":[{"embeddable":true,"href":"https:\/\/wordpress.nibis.de\/gshonde\/wp-json\/wp\/v2\/users\/1075"}],"replies":[{"embeddable":true,"href":"https:\/\/wordpress.nibis.de\/gshonde\/wp-json\/wp\/v2\/comments?post=4909"}],"version-history":[{"count":1,"href":"https:\/\/wordpress.nibis.de\/gshonde\/wp-json\/wp\/v2\/posts\/4909\/revisions"}],"predecessor-version":[{"id":4911,"href":"https:\/\/wordpress.nibis.de\/gshonde\/wp-json\/wp\/v2\/posts\/4909\/revisions\/4911"}],"wp:attachment":[{"href":"https:\/\/wordpress.nibis.de\/gshonde\/wp-json\/wp\/v2\/media?parent=4909"}],"wp:term":[{"taxonomy":"category","embeddable":true,"href":"https:\/\/wordpress.nibis.de\/gshonde\/wp-json\/wp\/v2\/categories?post=4909"},{"taxonomy":"post_tag","embeddable":true,"href":"https:\/\/wordpress.nibis.de\/gshonde\/wp-json\/wp\/v2\/tags?post=4909"}],"curies":[{"name":"wp","href":"https:\/\/api.w.org\/{rel}","templated":true}]}}