{"id":4914,"date":"2026-04-24T08:25:45","date_gmt":"2026-04-24T06:25:45","guid":{"rendered":"https:\/\/wordpress.nibis.de\/gshonde\/?p=4914"},"modified":"2026-04-24T08:31:05","modified_gmt":"2026-04-24T06:31:05","slug":"zahnputzperlen-fuer-die-kinderstation-der-charite","status":"publish","type":"post","link":"https:\/\/wordpress.nibis.de\/gshonde\/2026\/04\/24\/zahnputzperlen-fuer-die-kinderstation-der-charite\/","title":{"rendered":"Zahnputzperlen f\u00fcr die Kinderstation der Charit\u00e9"},"content":{"rendered":"\n<p>Unsere Schulzahn\u00e4rztin berichtete uns von einem Projekt des Vereins &#8222;Zahnputzfuchs e.V.&#8220;, bei dem Kinder f\u00fcr kranke Kinder Perlen als Motivation im Kunstunterricht entwickeln und formen. Wir schauten einen Film vom \u201eZahnputzfuchs\u201c, wo das deutschlandweite Projekt vorgestellt wurde. Einige Kinder hatten viele Ideen. Z\u00e4hne mit Fu\u00dfball und Herzen oder bunte Z\u00e4hne mit einem Schutzumhang entstanden erst auf dem Papier, danach im kleinen Miniformat als Modell. Wir modellierten im 3. und 4. Jahrgang viele wundersch\u00f6ne Zahnputzperlen.<\/p>\n\n\n\n<p>Zum Weltkrebstag \u00fcberbrachten wir die Z\u00e4hne in Berlin und w\u00fcnschten allen Kindern schnelle und gute Genesung.<\/p>\n\n\n\n<p>Fotos dazu finden Sie <a href=\"https:\/\/wordpress.nibis.de\/gshonde\/files\/2026\/04\/Zahnperlen.pdf\">hier<\/a>.<\/p>\n\n\n<div class=\"wp-block-image\">\n<figure class=\"aligncenter size-large is-resized\"><a href=\"https:\/\/wordpress.nibis.de\/gshonde\/files\/2026\/04\/image.png\"><img loading=\"lazy\" decoding=\"async\" width=\"470\" height=\"675\" src=\"https:\/\/wordpress.nibis.de\/gshonde\/files\/2026\/04\/image-470x675.png\" alt=\"\" class=\"wp-image-4921\" style=\"aspect-ratio:0.6963032288254563;width:313px;height:auto\" \/><\/a><\/figure>\n<\/div>\n\n","protected":false},"excerpt":{"rendered":"<p>Unsere Schulzahn\u00e4rztin berichtete uns von einem Projekt des Vereins &#8222;Zahnputzfuchs e.V.&#8220;, bei dem Kinder f\u00fcr kranke Kinder Perlen als Motivation im Kunstunterricht entwickeln und formen. Wir schauten einen Film vom \u201eZahnputzfuchs\u201c, wo das deutschlandweite Projekt vorgestellt wurde. Einige Kinder hatten viele Ideen. Z\u00e4hne mit Fu\u00dfball und Herzen oder bunte Z\u00e4hne mit einem Schutzumhang entstanden erst &hellip; <a href=\"https:\/\/wordpress.nibis.de\/gshonde\/2026\/04\/24\/zahnputzperlen-fuer-die-kinderstation-der-charite\/\" class=\"more-link\"><span class=\"screen-reader-text\">Zahnputzperlen f\u00fcr die Kinderstation der Charit\u00e9<\/span> weiterlesen <span class=\"meta-nav\">&rarr;<\/span><\/a><\/p>\n","protected":false},"author":1075,"featured_media":0,"comment_status":"closed","ping_status":"closed","sticky":false,"template":"","format":"standard","meta":{"footnotes":""},"categories":[1,13],"tags":[],"class_list":["post-4914","post","type-post","status-publish","format-standard","hentry","category-allgemein","category-schulleben"],"_links":{"self":[{"href":"https:\/\/wordpress.nibis.de\/gshonde\/wp-json\/wp\/v2\/posts\/4914","targetHints":{"allow":["GET"]}}],"collection":[{"href":"https:\/\/wordpress.nibis.de\/gshonde\/wp-json\/wp\/v2\/posts"}],"about":[{"href":"https:\/\/wordpress.nibis.de\/gshonde\/wp-json\/wp\/v2\/types\/post"}],"author":[{"embeddable":true,"href":"https:\/\/wordpress.nibis.de\/gshonde\/wp-json\/wp\/v2\/users\/1075"}],"replies":[{"embeddable":true,"href":"https:\/\/wordpress.nibis.de\/gshonde\/wp-json\/wp\/v2\/comments?post=4914"}],"version-history":[{"count":8,"href":"https:\/\/wordpress.nibis.de\/gshonde\/wp-json\/wp\/v2\/posts\/4914\/revisions"}],"predecessor-version":[{"id":4926,"href":"https:\/\/wordpress.nibis.de\/gshonde\/wp-json\/wp\/v2\/posts\/4914\/revisions\/4926"}],"wp:attachment":[{"href":"https:\/\/wordpress.nibis.de\/gshonde\/wp-json\/wp\/v2\/media?parent=4914"}],"wp:term":[{"taxonomy":"category","embeddable":true,"href":"https:\/\/wordpress.nibis.de\/gshonde\/wp-json\/wp\/v2\/categories?post=4914"},{"taxonomy":"post_tag","embeddable":true,"href":"https:\/\/wordpress.nibis.de\/gshonde\/wp-json\/wp\/v2\/tags?post=4914"}],"curies":[{"name":"wp","href":"https:\/\/api.w.org\/{rel}","templated":true}]}}