{"id":273,"date":"2018-08-29T21:52:53","date_gmt":"2018-08-29T19:52:53","guid":{"rendered":"http:\/\/wordpress.nibis.de\/gsimspiet\/?p=273"},"modified":"2025-07-06T22:25:06","modified_gmt":"2025-07-06T20:25:06","slug":"schuelerparlament","status":"publish","type":"post","link":"https:\/\/wordpress.nibis.de\/gsimspiet\/schuelerparlament\/","title":{"rendered":"Sch\u00fclerparlament"},"content":{"rendered":"<p style=\"text-align: center\"><span style=\"font-family: arial black, sans-serif\">Das Sch\u00fclerparlament engagiert sich<\/span><\/p>\n<p>Am Sch\u00fclerparlament nehmen bei uns in der Regel die Klassensprecher und Klassensprecherinnen der 3. und 4. Klassen statt.<\/p>\n<p>Schuljahr 2024\/ 2025<\/p>\n<p>In diesem Schuljahr fand wieder ein Farb-Aktionstag statt.<br \/>\nUnser gro\u00dfes Projekt war allerdings die Planung und Durchf\u00fchrung eines Sommerfestes zum Ende des Schuljahres. Am Vorletzten Schultag fand das Fest in der 3. und 4. Stunde statt.<\/p>\n<p>Schuljahr 2023\/ 2024<\/p>\n<p>Im Lehrerzimmerflur an der Pinnwand h\u00e4ngt unser provisorischer Postkasten. Dort k\u00f6nnt ihr uns Ideen und Vorschl\u00e4ge zum Thema &#8222;Unsere Schule ist die beste!&#8220; aufschreiben. Ihr k\u00f6nnt uns\u00a0 aber auch auf Probleme hinweisen, die wir unbedingt ansprechen sollen.<\/p>\n<p><span style=\"font-family: arial, helvetica, sans-serif\"><br \/>\nIn den vergangenen Schuljahren hat das Sch\u00fclerparlament an verschiedenen Projekten mitgewirkt und auch selbstst\u00e4ndig einzelne Aktionen durchgef\u00fchrt.<\/span><\/p>\n<p><span style=\"font-family: arial, helvetica, sans-serif\">&#8211; Freitag ohne M\u00fcll<br \/>\n&#8211; Mitarbeit bei der Schulordnung und der Vereinbarung zwischen Elternhaus und Schule<\/span><br \/>\n<span style=\"font-family: arial, helvetica, sans-serif\">&#8211; Aktionstag &#8222;GR\u00dcN&#8220;<br \/>\n&#8211; Zipfelm\u00fctzentag<\/span><br \/>\n<span style=\"font-family: arial, helvetica, sans-serif\">&#8211; Redebeitrag zur offiziellen Verabschiedung von Frau Willers<\/span><br \/>\n<span style=\"font-family: arial, helvetica, sans-serif\">&#8211; Besuch vom Bundestagsabgeordneten Herrn Schmelze zum Thema Kinderrechte;<\/span><br \/>\n<span style=\"font-family: arial, helvetica, sans-serif\">&#8211; zum Thema Kinderrechte &#8222;Bildung&#8220;: Flohmarktstand, Erl\u00f6s wurde an eine Schule auf\u00a0\u00a0\u00a0 Sansibar gespendet<\/span><br \/>\n<span style=\"font-family: arial, helvetica, sans-serif\">&#8211; Idee und Mitfinanzierung (Organisation Spendenlauf) des Ballfangnetzes am Fu\u00dfballhof<\/span><br \/>\n<span style=\"font-family: arial, helvetica, sans-serif\">&#8211; Mitsprache bei der Auswahl von neuen Spielger\u00e4ten auf dem Schulhof<\/span><\/p>\n","protected":false},"excerpt":{"rendered":"<p>Das Sch\u00fclerparlament engagiert sich Am Sch\u00fclerparlament nehmen bei uns in der Regel die Klassensprecher und Klassensprecherinnen der 3. und 4. Klassen statt. Schuljahr 2024\/ 2025 In diesem Schuljahr fand wieder ein Farb-Aktionstag statt. Unser gro\u00dfes Projekt war allerdings die Planung &hellip; <a href=\"https:\/\/wordpress.nibis.de\/gsimspiet\/schuelerparlament\/\">Weiterlesen <span class=\"meta-nav\">&rarr;<\/span><\/a><\/p>\n","protected":false},"author":9192608,"featured_media":0,"comment_status":"closed","ping_status":"closed","sticky":false,"template":"","format":"standard","meta":{"footnotes":""},"categories":[1],"tags":[],"class_list":["post-273","post","type-post","status-publish","format-standard","hentry","category-allgemein"],"_links":{"self":[{"href":"https:\/\/wordpress.nibis.de\/gsimspiet\/wp-json\/wp\/v2\/posts\/273","targetHints":{"allow":["GET"]}}],"collection":[{"href":"https:\/\/wordpress.nibis.de\/gsimspiet\/wp-json\/wp\/v2\/posts"}],"about":[{"href":"https:\/\/wordpress.nibis.de\/gsimspiet\/wp-json\/wp\/v2\/types\/post"}],"author":[{"embeddable":true,"href":"https:\/\/wordpress.nibis.de\/gsimspiet\/wp-json\/wp\/v2\/users\/9192608"}],"replies":[{"embeddable":true,"href":"https:\/\/wordpress.nibis.de\/gsimspiet\/wp-json\/wp\/v2\/comments?post=273"}],"version-history":[{"count":18,"href":"https:\/\/wordpress.nibis.de\/gsimspiet\/wp-json\/wp\/v2\/posts\/273\/revisions"}],"predecessor-version":[{"id":4240,"href":"https:\/\/wordpress.nibis.de\/gsimspiet\/wp-json\/wp\/v2\/posts\/273\/revisions\/4240"}],"wp:attachment":[{"href":"https:\/\/wordpress.nibis.de\/gsimspiet\/wp-json\/wp\/v2\/media?parent=273"}],"wp:term":[{"taxonomy":"category","embeddable":true,"href":"https:\/\/wordpress.nibis.de\/gsimspiet\/wp-json\/wp\/v2\/categories?post=273"},{"taxonomy":"post_tag","embeddable":true,"href":"https:\/\/wordpress.nibis.de\/gsimspiet\/wp-json\/wp\/v2\/tags?post=273"}],"curies":[{"name":"wp","href":"https:\/\/api.w.org\/{rel}","templated":true}]}}