{"id":2746,"date":"2022-02-01T12:09:41","date_gmt":"2022-02-01T11:09:41","guid":{"rendered":"https:\/\/wordpress.nibis.de\/gsimspiet\/?p=2746"},"modified":"2026-04-20T19:16:44","modified_gmt":"2026-04-20T17:16:44","slug":"fredag-is-plattdag","status":"publish","type":"post","link":"https:\/\/wordpress.nibis.de\/gsimspiet\/fredag-is-plattdag\/","title":{"rendered":"Fredag is Plattdag"},"content":{"rendered":"\n<p>Fredag is Plattdag geiht weer los!<br>Dat Motto 2025 is &#8222;Fr\u00fcndskupp&#8220;.<br>Kiek doch of un to fredags mal hier rin \ud83d\ude42<\/p>\n\n\n\n<figure class=\"wp-block-image size-large is-resized\"><img loading=\"lazy\" decoding=\"async\" width=\"428\" height=\"600\" src=\"https:\/\/wordpress.nibis.de\/gsimspiet\/files\/2025\/08\/Freedag-is-Plattdag-Fruendskupp-428x600.png\" alt=\"\" class=\"wp-image-4291\" style=\"width:305px;height:427px\" \/><\/figure>\n\n\n\n<figure class=\"wp-block-table\"><table class=\"has-fixed-layout\"><tbody><tr><td><strong>17. April<\/strong><\/td><td><\/td><\/tr><tr><td>de F\u00fc\u00fcrwehr<\/td><td>die Feuerwehr<\/td><\/tr><tr><td>dat F\u00fc\u00fcr<\/td><td>das Feuer<\/td><\/tr><tr><td>dat Redden<\/td><td>die Rettung<\/td><\/tr><tr><td>de H\u00fclp<\/td><td>die Hilfe<\/td><\/tr><\/tbody><\/table><\/figure>\n\n\n\n<figure class=\"wp-block-table\"><table class=\"has-fixed-layout\"><tbody><tr><td><strong>10. April<\/strong><\/td><td><\/td><\/tr><tr><td>de Sp\u00f6\u00f6lplatz<\/td><td>der Spielplatz<\/td><\/tr><tr><td>schukeln<\/td><td>schaukeln<\/td><\/tr><tr><td>w\u00fcppen<\/td><td>wippen<\/td><\/tr><tr><td>klautern<\/td><td>klettern<\/td><\/tr><\/tbody><\/table><\/figure>\n\n\n\n<figure class=\"wp-block-table\"><table class=\"has-fixed-layout\"><tbody><tr><td><strong>20. M\u00e4\u00e4rt<\/strong><\/td><td><\/td><\/tr><tr><td>de Feerjen<br>Wat man all in d&#8216; Feerjen maken kann:<br>&#8211; utslapen<br>&#8211; s\u00fck verhalen<br>&#8211; Fr\u00fcnnen treffen<br>&#8211; Grootollen bes\u00f6ken<br>&#8211; sp\u00f6len<br>&#8211; &#8230;<\/td><td>die Ferien<br>Was man alles in den Ferien machen kann:<br>&#8211; ausschlafen<br>&#8211; sich erholen<br>&#8211; Freunde treffen<br>&#8211; Gro\u00dfeltern besuchen<br>&#8211; spielen<br>&#8211; &#8230;<\/td><\/tr><\/tbody><\/table><\/figure>\n\n\n\n<p>M\u00f6rgen, Saterdag, 14.3.2026, is dat Kunzert van de Blaasders ut de Klassen 3 un 4 un dat Chaos-Orchester.<br>Morgen, am Samstag, 14.3.2026, findet das Konzert der Bl\u00e4serklassen und dem Chaos-Orchester statt.<\/p>\n\n\n\n<figure class=\"wp-block-table\"><table class=\"has-fixed-layout\"><tbody><tr><td><strong>13. M\u00e4\u00e4rt<\/strong><\/td><td><\/td><\/tr><tr><td>dat Kunzert<br>de Musik<br>dat Leed<br>de Trumpeet<br>de Posaun<\/td><td>das Konzert<br>die Musik<br>das Lied<br>die Trompete<br>die Posaune<\/td><\/tr><\/tbody><\/table><\/figure>\n\n\n\n<p><strong>6. M\u00e4\u00e4rt<\/strong><br><br>En Gedicht: De Tulp <br>(na J. Guggenmoos &#8222;Die Tulpe&#8220;)<br><br>D\u00fcster weer alls un Nacht.<br>Deep in de Eer de Knull schleep, de bruune.<br>Wat is dat f\u00f6r en Munkeln, wat is dat f\u00f6r en Runen,<br>doch s\u00fck de Knull, up eenmal upwaakt.<br>Wat singen de V\u00f6gels daar boven, jucheien un flippen?<br>Vull Neeisgier het de Knull en heel langen Hals maakt<br>un s\u00fck umkeken mit h\u00f6r mooie Tulengesicht.<br>Daar het h\u00f6r dat V\u00f6rjahr tom\u00f6\u00f6t lacht.<br><\/p>\n\n\n\n<figure class=\"wp-block-table\"><table class=\"has-fixed-layout\"><tbody><tr><td><strong>27. Februar<\/strong><\/td><td><\/td><\/tr><tr><td>dat V\u00f6rjahr<\/td><td>der Fr\u00fchling<\/td><\/tr><tr><td>De S\u00fcnn schient.<\/td><td>Die Sonne scheint.<\/td><\/tr><tr><td>De V\u00f6gels tirileren.<\/td><td>Die V\u00f6gel zwitschern.<\/td><\/tr><\/tbody><\/table><\/figure>\n\n\n\n<figure class=\"wp-block-table\"><table class=\"has-fixed-layout\"><tbody><tr><td><strong>20. Februar<\/strong><\/td><td><\/td><\/tr><tr><td>s\u00fck maskeren<\/td><td>sich verkleiden<\/td><\/tr><tr><td>de Fasching<\/td><td>Fasching, Karneval<\/td><\/tr><\/tbody><\/table><\/figure>\n\n\n\n<figure class=\"wp-block-table\"><table class=\"has-fixed-layout\"><tbody><tr><td>Freedag, de <strong>13. Februar<\/strong><\/td><td><\/td><\/tr><tr><td>dat Ungl\u00fcck<\/td><td>das Ungl\u00fcck<\/td><\/tr><tr><td>dat Pech<\/td><td>das Pech<\/td><\/tr><tr><td>&#8218;t is hum tegenlopen.<\/td><td>Er hat Pech gehabt.<\/td><\/tr><\/tbody><\/table><\/figure>\n\n\n\n<figure class=\"wp-block-table\"><table class=\"has-fixed-layout\"><tbody><tr><td><strong>6. Februar<\/strong><\/td><td><\/td><\/tr><tr><td>dat Glatties<\/td><td>das Glatteis<\/td><\/tr><tr><td>schoolfreei<\/td><td>schulfrei<\/td><\/tr><tr><td>Wegen Glatties fallt de School ut.<br>Weest v\u00f6rsichtig!<\/td><td>\ud83d\ude42 <br>Wer kann es \u00fcbersetzen?<br>Passt auf euch auf!<\/td><\/tr><\/tbody><\/table><\/figure>\n\n\n\n<figure class=\"wp-block-table\"><table class=\"has-fixed-layout\"><tbody><tr><td><strong>30. Januar<\/strong><\/td><td><\/td><\/tr><tr><td>dat T\u00fc\u00fcgnis<\/td><td>das Zeugnis<\/td><\/tr><\/tbody><\/table><\/figure>\n\n\n\n<figure class=\"wp-block-table\"><table class=\"has-fixed-layout\"><tbody><tr><td><strong>23. Januar<\/strong><\/td><td><\/td><\/tr><tr><td>de Jahrstied<br>Dat gifft 4 Jahrstieden: <br>V\u00f6rjahr<br>S\u00f6mmer<br>Harvst<br>Winter<\/td><td>die Jahreszeit<br>Es gibt 4 Jahreszeiten:<br>Fr\u00fchling<br>Sommer<br>Herbst<br>Winter<\/td><\/tr><\/tbody><\/table><\/figure>\n\n\n\n<figure class=\"wp-block-table\"><table class=\"has-fixed-layout\"><tbody><tr><td><strong>16. Januar<\/strong><\/td><td><\/td><\/tr><tr><td>de Kalenner\/ de Klenner<br>de Maant<br>de Week<br>de Dag<\/td><td>der Kalender<br>der Monat<br>die Woche <br>der Tag<\/td><\/tr><tr><td>Dat Jahr hett 12 Maanden, 52 Weken und 365 Dagen.<\/td><td>Das Jahr hat 12 Monate, 52 Wochen und 356 Tage.<\/td><\/tr><\/tbody><\/table><\/figure>\n\n\n\n<figure class=\"wp-block-table\"><table class=\"has-fixed-layout\"><tbody><tr><td><strong>9. Januar<\/strong><\/td><td><\/td><\/tr><tr><td>de Sneei<br>de Sneeist\u00f6rm<br>de Sneeikeerl<\/td><td>der Schnee<br>der Schneesturm<br>der Schneemann<\/td><\/tr><\/tbody><\/table><\/figure>\n\n\n\n<figure class=\"wp-block-table\"><table class=\"has-fixed-layout\"><tbody><tr><td><strong>2. Januar<\/strong><\/td><td><\/td><\/tr><tr><td>dat Neeijahr<\/td><td>das Neujahr<\/td><\/tr><\/tbody><\/table><\/figure>\n\n\n\n<figure class=\"wp-block-table\"><table><tbody><tr><td><strong>31. Oktober<\/strong><\/td><td><\/td><\/tr><tr><td>Kennst du de Bomen?<\/td><td><\/td><\/tr><tr><td>de Kastanjeboom<\/td><td>die Kastanie<\/td><\/tr><tr><td>de B\u00f6\u00f6k<\/td><td>die Buche<\/td><\/tr><tr><td>de Barkenboom<\/td><td>die Birke<\/td><\/tr><tr><td>de Eckelboom<\/td><td>die Eiche<\/td><\/tr><tr><td>de Ellernboom<\/td><td>die Erle<\/td><\/tr><\/tbody><\/table><\/figure>\n\n\n\n<p>Ut Kastanjes, Eckels un annder Naturmateriaal kannst du mit dien Fr\u00fcnnen in d&#8217;Harvst l\u00fcstig Figuren of Deren kl\u00fctern.<\/p>\n\n\n\n<figure class=\"wp-block-table\"><table><tbody><tr><td><strong>10. Oktober<\/strong><\/td><td><\/td><\/tr><tr><td>Dat kann man in d&#8216; Harvst mitnanner doon&#8230;<\/td><td>Das kann man im Herbst gemeinsam machen&#8230;<\/td><\/tr><tr><td>Kastanjes sammeln<\/td><td>Kastanien sammeln<\/td><\/tr><tr><td>mit Gummistevels in en Pool h\u00fcpken<\/td><td>mit Gummistiefeln in eine Pf\u00fctze springen<\/td><\/tr><tr><td>Bladen harken un f\u00f6r de Stiekelswienen upstapeln<\/td><td>Bl\u00e4tter f\u00fcr die Igel zu einem Haufen zusammen harken<\/td><\/tr><\/tbody><\/table><\/figure>\n\n\n\n<p><\/p>\n\n\n\n<figure class=\"wp-block-table\"><table><tbody><tr><td><strong>3. Oktober<\/strong><\/td><td><\/td><\/tr><tr><td>Dag van de d\u00fc\u00fctsk Eenheid<\/td><td>Tag der deutschen Einheit<\/td><\/tr><\/tbody><\/table><\/figure>\n\n\n\n<figure class=\"wp-block-table\"><table><tbody><tr><td><strong>26. September<\/strong><\/td><td><\/td><\/tr><tr><td>Wat man up &#8217;n Gebuursdag mitnanner doon kann:<\/td><td>Was man auf einem Geburtstag gemeinsam machen kann:<\/td><\/tr><tr><td>&#8211; Pottslaan<\/td><td>&#8211; Topfschlagen<\/td><\/tr><tr><td>&#8211; Luftballondanz<\/td><td>&#8211; Luftballontanz<\/td><\/tr><tr><td>&#8211; Blinn Koh<\/td><td>&#8211; Blinde Kuh<\/td><\/tr><tr><td>&#8211; Sackh\u00fcppken<\/td><td>&#8211; Sackh\u00fcpfen<\/td><\/tr><tr><td>&#8211; Kook eten<\/td><td>&#8211; Kuchen essen<\/td><\/tr><\/tbody><\/table><\/figure>\n\n\n\n<figure class=\"wp-block-table\"><table><tbody><tr><td><strong>19. September<\/strong><\/td><td><\/td><\/tr><tr><td>Mien Fr\u00fcnd, ik graleer di to dien Gebuursdag!<\/td><td>Mein Freund, ich gratuliere dir zum Geburtstag!<\/td><\/tr><tr><td>To d&#8216; Gebuursdag v\u00f6\u00f6l Gl\u00fcck.<\/td><td>Zum Geburtstag viel Gl\u00fcck.<\/td><\/tr><tr><td>To &#8217;n Gebuursdag alls Gode.<\/td><td>Zu deinem Geburtstag alles Gute.<\/td><\/tr><\/tbody><\/table><\/figure>\n\n\n\n<figure class=\"wp-block-table\"><table><tbody><tr><td><strong>12. September 2025<\/strong><\/td><td><\/td><\/tr><tr><td>sp\u00f6len<\/td><td>spielen<\/td><\/tr><tr><td>Wi sp\u00f6len mitnanner.<\/td><td>Wir spielen zusammen.<\/td><\/tr><tr><td>Wi sp\u00f6len &#8230;<br>&#8230; en Spill.<br>&#8230; up de Sp\u00f6\u00f6lplatz.<br>&#8230; up de Schoolhoff<\/td><td>Wir spielen&#8230;<br>&#8230; ein Spiel.<br>&#8230; auf dem Spielplatz.<br>&#8230; auf dem Schulhoff.<\/td><\/tr><tr><td>Sp\u00f6\u00f6lst du mit mi?<\/td><td>Spielst du mit mir?<\/td><\/tr><\/tbody><\/table><\/figure>\n\n\n\n<figure class=\"wp-block-table\"><table><tbody><tr><td><strong>5. September 2025<\/strong><\/td><td><\/td><\/tr><tr><td>mitnanner<\/td><td>miteinander, gemeinsam<\/td><\/tr><tr><td>Se k\u00f6nen good mitnanner.<\/td><td>Sie verstehen sich gut.<\/td><\/tr><tr><td>Moin mitnanner!<\/td><td>Guten Tag zusammen! <\/td><\/tr><\/tbody><\/table><\/figure>\n\n\n\n<figure class=\"wp-block-table\"><table><tbody><tr><td><strong>29. August 2025<\/strong><\/td><td><\/td><\/tr><tr><td>de Fr\u00fcndskupp<\/td><td>die Freundschaft<\/td><\/tr><tr><td>de Fr\u00fcnd, de Fr\u00fcndin<\/td><td>der Freund, die Freundin<\/td><\/tr><tr><td>Du b\u00fcst mien Fr\u00fcnd\/ Fr\u00fcndin.<\/td><td>Du bist mein Freund\/ meine Freundin.<\/td><\/tr><\/tbody><\/table><\/figure>\n\n\n\n<p><\/p>\n\n\n\n<p class=\"has-text-align-center\">&#8212;&#8212;&#8212;&#8212;&#8212;&#8212;&#8211; Nu fangen wi mit dat Schooljahr 2025\/ 26 neei an &#8212;&#8212;&#8212;&#8212;&#8212;&#8212;&#8211;<\/p>\n\n\n\n<p><\/p>\n\n\n\n<figure class=\"wp-block-table\"><table><tbody><tr><td>16. August<\/td><td class=\"has-text-align-right\" data-align=\"right\"><\/td><\/tr><tr><td><strong>&#8211; X, Y, Z &#8211; <\/strong><\/td><td class=\"has-text-align-right\" data-align=\"right\"><\/td><\/tr><tr><td>de Zedelke<\/td><td class=\"has-text-align-right\" data-align=\"right\">der kleine Zettel, der Kassenbon<\/td><\/tr><\/tbody><\/table><\/figure>\n\n\n\n<p><\/p>\n\n\n\n<figure class=\"wp-block-table\"><table><tbody><tr><td>09. August<\/td><td class=\"has-text-align-right\" data-align=\"right\"><\/td><\/tr><tr><td><strong>&#8211; W &#8211;<\/strong><\/td><td class=\"has-text-align-right\" data-align=\"right\"><\/td><\/tr><tr><td>dat Wark<\/td><td class=\"has-text-align-right\" data-align=\"right\">die Arbeit<\/td><\/tr><tr><td>de Warkkoppel<\/td><td class=\"has-text-align-right\" data-align=\"right\">die Arbeitsgruppe<\/td><\/tr><\/tbody><\/table><\/figure>\n\n\n\n<p class=\"has-text-align-center\"><span style=\"background-color:#d8f27f\" class=\"tadv-background-color\">Freedag is Plattdag maakt S\u00f6mmerferijen!<\/span><\/p>\n\n\n\n<figure class=\"wp-block-table\"><table><tbody><tr><td>21. Juni<\/td><td class=\"has-text-align-right\" data-align=\"right\"><\/td><\/tr><tr><td><strong>&#8211; V &#8211;<\/strong><\/td><td class=\"has-text-align-right\" data-align=\"right\"><\/td><\/tr><tr><td>vergrellt<\/td><td class=\"has-text-align-right\" data-align=\"right\">w\u00fctend, aufgebracht<\/td><\/tr><tr><td>aber auch:<\/td><td class=\"has-text-align-right\" data-align=\"right\"><\/td><\/tr><tr><td>He is vergrellt up Ies.<\/td><td class=\"has-text-align-right\" data-align=\"right\">Er ist gierig nach Eis.<\/td><\/tr><tr><td>He is vergrellt bi de Arbeit.<\/td><td class=\"has-text-align-right\" data-align=\"right\">Er ist flei\u00dfig.<\/td><\/tr><tr><td>He is vergrellt up wat Neeis.<\/td><td class=\"has-text-align-right\" data-align=\"right\">Er ist neugierig,<\/td><\/tr><\/tbody><\/table><\/figure>\n\n\n\n<p><\/p>\n\n\n\n<figure class=\"wp-block-table\"><table><tbody><tr><td>14. Juni<\/td><td class=\"has-text-align-right\" data-align=\"right\"><\/td><\/tr><tr><td><strong>&#8211; U &#8211;<\/strong><\/td><td class=\"has-text-align-right\" data-align=\"right\"><\/td><\/tr><tr><td>ums\u00fcnst<\/td><td class=\"has-text-align-right\" data-align=\"right\">umsonst<\/td><\/tr><\/tbody><\/table><\/figure>\n\n\n\n<p><\/p>\n\n\n\n<figure class=\"wp-block-table\"><table><tbody><tr><td>7. Juni<\/td><td class=\"has-text-align-right\" data-align=\"right\"><\/td><\/tr><tr><td>Das <strong>Plattdeutsche Wort des Jahres 2024<\/strong><\/td><td class=\"has-text-align-right\" data-align=\"right\"><\/td><\/tr><tr><td>de Toversicht<\/td><td class=\"has-text-align-right\" data-align=\"right\">die Zuversicht<\/td><\/tr><\/tbody><\/table><\/figure>\n\n\n\n<p><\/p>\n\n\n\n<figure class=\"wp-block-table\"><table><tbody><tr><td>31. Mai<\/td><td class=\"has-text-align-right\" data-align=\"right\"><\/td><\/tr><tr><td><strong>&#8211; T &#8211; <\/strong><\/td><td class=\"has-text-align-right\" data-align=\"right\"><\/td><\/tr><tr><td>de Tuun<\/td><td class=\"has-text-align-right\" data-align=\"right\">der Garten<\/td><\/tr><tr><td>tuuntjen<\/td><td class=\"has-text-align-right\" data-align=\"right\">im Garten arbeiten<\/td><\/tr><\/tbody><\/table><\/figure>\n\n\n\n<p><\/p>\n\n\n\n<figure class=\"wp-block-table\"><table><tbody><tr><td>24. Mai <\/td><td class=\"has-text-align-right\" data-align=\"right\"><\/td><\/tr><tr><td><strong>&#8211; S &#8211;<\/strong><\/td><td class=\"has-text-align-right\" data-align=\"right\"><\/td><\/tr><tr><td>sinnig<\/td><td class=\"has-text-align-right\" data-align=\"right\">langsam, bed\u00e4chtig, behutsam<\/td><\/tr><tr><td>de Sinnigheid<\/td><td class=\"has-text-align-right\" data-align=\"right\">die Besonnenheit, die Behutsamkeit<\/td><\/tr><\/tbody><\/table><\/figure>\n\n\n\n<p><\/p>\n\n\n\n<figure class=\"wp-block-table\"><table><tbody><tr><td>17. Mai<\/td><td class=\"has-text-align-right\" data-align=\"right\"><\/td><\/tr><tr><td><strong>&#8211; R &#8211;<\/strong><\/td><td class=\"has-text-align-right\" data-align=\"right\"><\/td><\/tr><tr><td>de Richelpahl<\/td><td class=\"has-text-align-right\" data-align=\"right\">der Zaunpfahl<\/td><\/tr><\/tbody><\/table><\/figure>\n\n\n\n<p><\/p>\n\n\n\n<figure class=\"wp-block-table\"><table><tbody><tr><td>10. Mai<\/td><td class=\"has-text-align-right\" data-align=\"right\"><\/td><\/tr><tr><td><strong>&#8211; Qu &#8211;<\/strong><\/td><td class=\"has-text-align-right\" data-align=\"right\"><\/td><\/tr><tr><td>quietraken<\/td><td class=\"has-text-align-right\" data-align=\"right\">etwas verlieren<\/td><\/tr><\/tbody><\/table><\/figure>\n\n\n\n<p><\/p>\n\n\n\n<figure class=\"wp-block-table\"><table><tbody><tr><td><strong>3. Mai<\/strong><\/td><td class=\"has-text-align-right\" data-align=\"right\"><\/td><\/tr><tr><td><strong>&#8211; P &#8211;<\/strong><\/td><td class=\"has-text-align-right\" data-align=\"right\"><\/td><\/tr><tr><td>puckern<\/td><td class=\"has-text-align-right\" data-align=\"right\">pochen<\/td><\/tr><\/tbody><\/table><\/figure>\n\n\n\n<p><\/p>\n\n\n\n<figure class=\"wp-block-table\"><table><tbody><tr><td>26. April<\/td><td class=\"has-text-align-right\" data-align=\"right\"><\/td><\/tr><tr><td><strong>&#8211; O &#8211;<\/strong><\/td><td class=\"has-text-align-right\" data-align=\"right\"><\/td><\/tr><tr><td>de Olldag<\/td><td class=\"has-text-align-right\" data-align=\"right\">der Alltag, der Werktag<\/td><\/tr><\/tbody><\/table><\/figure>\n\n\n\n<p><\/p>\n\n\n\n<figure class=\"wp-block-table\"><table><tbody><tr><td>19. April<\/td><td class=\"has-text-align-right\" data-align=\"right\"><\/td><\/tr><tr><td><strong>&#8211; N &#8211;<\/strong><\/td><td class=\"has-text-align-right\" data-align=\"right\"><\/td><\/tr><tr><td>n\u00fcmig<\/td><td class=\"has-text-align-right\" data-align=\"right\">niedlich<\/td><\/tr><\/tbody><\/table><\/figure>\n\n\n\n<p><\/p>\n\n\n\n<figure class=\"wp-block-table\"><table><tbody><tr><td>12. April<\/td><td class=\"has-text-align-right\" data-align=\"right\"><\/td><\/tr><tr><td><strong>&#8211; M &#8211;<\/strong><\/td><td class=\"has-text-align-right\" data-align=\"right\"><\/td><\/tr><tr><td>de Mieghamel<\/td><td class=\"has-text-align-right\" data-align=\"right\">die Ameise<\/td><\/tr><\/tbody><\/table><\/figure>\n\n\n\n<p><\/p>\n\n\n\n<figure class=\"wp-block-table\"><table><tbody><tr><td>05. April<\/td><td><\/td><td class=\"has-text-align-right\" data-align=\"right\"><\/td><\/tr><tr><td><strong>&#8211; L &#8211;<\/strong><\/td><td><\/td><td class=\"has-text-align-right\" data-align=\"right\"><\/td><\/tr><tr><td>leep<\/td><td>1. Beispiel<\/td><td class=\"has-text-align-right\" data-align=\"right\">schlimm, entsetzlich<\/td><\/tr><tr><td>Dat deit leep sehr.<\/td><td><\/td><td class=\"has-text-align-right\" data-align=\"right\">Das ist sehr schmerzhaft.<\/td><\/tr><tr><td>leep<\/td><td>2. Beispiel<\/td><td class=\"has-text-align-right\" data-align=\"right\">sehr<\/td><\/tr><tr><td>He hett dat leep drock.<\/td><td><\/td><td class=\"has-text-align-right\" data-align=\"right\">Er ist sehr besch\u00e4ftigt.<\/td><\/tr><tr><td>lopen &#8211; he leep<\/td><td>3. Beispiel<\/td><td class=\"has-text-align-right\" data-align=\"right\">laufen &#8211; er lief<\/td><\/tr><tr><td>De Jung leep na Huus.<\/td><td><\/td><td class=\"has-text-align-right\" data-align=\"right\">Der Junge lief nach Hause.<\/td><\/tr><tr><td>de Leep<\/td><td>4. Beispiel<\/td><td class=\"has-text-align-right\" data-align=\"right\">der Kiebitz (Vogelart)<\/td><\/tr><\/tbody><\/table><\/figure>\n\n\n\n<p><\/p>\n\n\n\n<figure class=\"wp-block-table\"><table><tbody><tr><td>15. M\u00e4\u00e4rt<\/td><td class=\"has-text-align-right\" data-align=\"right\"><\/td><\/tr><tr><td><strong>&#8211; K &#8211;<\/strong><\/td><td class=\"has-text-align-right\" data-align=\"right\"><\/td><\/tr><tr><td>de Kuntrei<\/td><td class=\"has-text-align-right\" data-align=\"right\">die Umgebung, die Region<\/td><\/tr><\/tbody><\/table><\/figure>\n\n\n\n<p><\/p>\n\n\n\n<figure class=\"wp-block-table\"><table><tbody><tr><td>08. M\u00e4\u00e4rt<\/td><td class=\"has-text-align-right\" data-align=\"right\"><\/td><\/tr><tr><td><strong>&#8211; J &#8211;<\/strong><\/td><td class=\"has-text-align-right\" data-align=\"right\"><\/td><\/tr><tr><td>juchheien<\/td><td class=\"has-text-align-right\" data-align=\"right\">jubeln<\/td><\/tr><\/tbody><\/table><\/figure>\n\n\n\n<p><\/p>\n\n\n\n<figure class=\"wp-block-table\"><table><tbody><tr><td>01. M\u00e4\u00e4rt<\/td><td class=\"has-text-align-right\" data-align=\"right\"><\/td><\/tr><tr><td><strong>&#8211; I &#8211;<\/strong><\/td><td class=\"has-text-align-right\" data-align=\"right\"><\/td><\/tr><tr><td>insnappt<\/td><td class=\"has-text-align-right\" data-align=\"right\">beleidigt<\/td><\/tr><\/tbody><\/table><\/figure>\n\n\n\n<p><\/p>\n\n\n\n<figure class=\"wp-block-table\"><table><tbody><tr><td>23. Februar<\/td><td class=\"has-text-align-right\" data-align=\"right\"><\/td><\/tr><tr><td><strong>&#8211; H &#8211;<\/strong><\/td><td class=\"has-text-align-right\" data-align=\"right\"><\/td><\/tr><tr><td>hannig<\/td><td class=\"has-text-align-right\" data-align=\"right\">handlich, praktisch<\/td><\/tr><tr><td>unhannig<\/td><td class=\"has-text-align-right\" data-align=\"right\">unpraktisch<\/td><\/tr><tr><td>&#8218;t hett all sien Tied, blot dat Flohfangen neet, dat mut hannig gahn. <\/td><td class=\"has-text-align-right\" data-align=\"right\">Manche Sachen m\u00fcssen sofort erledigt werden.<\/td><\/tr><\/tbody><\/table><\/figure>\n\n\n\n<p><\/p>\n\n\n\n<figure class=\"wp-block-table\"><table><tbody><tr><td>16. Februar<\/td><td class=\"has-text-align-right\" data-align=\"right\"><\/td><\/tr><tr><td><strong>&#8211; G &#8211;<\/strong><\/td><td class=\"has-text-align-right\" data-align=\"right\"><\/td><\/tr><tr><td>gr\u00e4sig<\/td><td class=\"has-text-align-right\" data-align=\"right\">scheu\u00dflich<\/td><\/tr><\/tbody><\/table><\/figure>\n\n\n\n<p><\/p>\n\n\n\n<figure class=\"wp-block-table\"><table><tbody><tr><td>09. Februar<\/td><td class=\"has-text-align-right\" data-align=\"right\"><\/td><\/tr><tr><td><strong>&#8211; F &#8211;<\/strong><\/td><td class=\"has-text-align-right\" data-align=\"right\"><\/td><\/tr><tr><td>de Fent<\/td><td class=\"has-text-align-right\" data-align=\"right\">der (\u00e4ltere) Junge<\/td><\/tr><tr><td>De Fent gung d\u00f6r Hegen un Struken.<\/td><td class=\"has-text-align-right\" data-align=\"right\">Der Junge war sehr wild. <br>(Der Junge spielte gerne drau\u00dfen. <br>Er kletterte durch Hecken und Str\u00e4ucher.)<\/td><\/tr><\/tbody><\/table><\/figure>\n\n\n\n<p><\/p>\n\n\n\n<figure class=\"wp-block-table\"><table><tbody><tr><td>02. Februar<\/td><td class=\"has-text-align-right\" data-align=\"right\"><\/td><\/tr><tr><td><strong>&#8211; E &#8211;<\/strong><\/td><td class=\"has-text-align-right\" data-align=\"right\"><\/td><\/tr><tr><td>ewigsmooi<\/td><td class=\"has-text-align-right\" data-align=\"right\">sehr sch\u00f6n, pr\u00e4chtig<\/td><\/tr><\/tbody><\/table><\/figure>\n\n\n\n<p><\/p>\n\n\n\n<figure class=\"wp-block-table\"><table><tbody><tr><td>26. Januar<\/td><td class=\"has-text-align-right\" data-align=\"right\"><\/td><\/tr><tr><td><strong>&#8211; D &#8211;<\/strong><\/td><td class=\"has-text-align-right\" data-align=\"right\"><\/td><\/tr><tr><td>dat D\u00f6\u00f6ntje<\/td><td class=\"has-text-align-right\" data-align=\"right\">die kurze, lustige Geschichte<\/td><\/tr><\/tbody><\/table><\/figure>\n\n\n\n<p>\u2026un wiel hier an de 19. Januar keen Utdr\u00fcck stunn (dat gifft keen echte plattd\u00fc\u00fctske Worden mit &#8211; C -), gifft dat nu noch wat mit &#8211; D &#8211;<\/p>\n\n\n\n<figure class=\"wp-block-table\"><table><tbody><tr><td>26. Januar<\/td><td class=\"has-text-align-right\" data-align=\"right\"><\/td><\/tr><tr><td>driest<\/td><td class=\"has-text-align-right\" data-align=\"right\">mutig, unerschrocken <\/td><\/tr><tr><td>Jan Driest<\/td><td class=\"has-text-align-right\" data-align=\"right\">der Haussperling (Spatz),<br>ein frecher, unerschrockener kleiner Vogel &#8211;<br>der Name passt doch ganz gut <\/td><\/tr><tr><td>Daar kannst du driest up an.<\/td><td class=\"has-text-align-right\" data-align=\"right\">Da kannst du dich fest drauf verlassen.<\/td><\/tr><\/tbody><\/table><\/figure>\n\n\n\n\n\n<figure class=\"wp-block-table\"><table><tbody><tr><td>12. Januar<\/td><td class=\"has-text-align-right\" data-align=\"right\"><\/td><\/tr><tr><td><strong>&#8211; B &#8211;<\/strong><\/td><td class=\"has-text-align-right\" data-align=\"right\"><\/td><\/tr><tr><td>(s\u00fck) bedaren<\/td><td class=\"has-text-align-right\" data-align=\"right\">(sich) beruhigen<\/td><\/tr><\/tbody><\/table><\/figure>\n\n\n\n<p><\/p>\n\n\n\n<figure class=\"wp-block-table\"><table><tbody><tr><td>5. Januar <\/td><td class=\"has-text-align-right\" data-align=\"right\"><\/td><\/tr><tr><td><strong>&#8211; A &#8211;<\/strong><\/td><td class=\"has-text-align-right\" data-align=\"right\"><\/td><\/tr><tr><td>akkeraat<\/td><td class=\"has-text-align-right\" data-align=\"right\">exakt, sorgf\u00e4ltig<\/td><\/tr><tr><td>akkeraat so<\/td><td class=\"has-text-align-right\" data-align=\"right\">genau so<\/td><\/tr><tr><td>nettakkeraat<\/td><td class=\"has-text-align-right\" data-align=\"right\">gerade\/ soeben<\/td><\/tr><\/tbody><\/table><\/figure>\n\n\n\n<p>1. Januar 2024<br><br>Disse Jahr willen wi vers\u00f6ken, of wi elke Freedag neei Worden in de Rieg van dat ABC v\u00f6rstellen k\u00f6nnen. <br><\/p>\n\n\n\n<p><\/p>\n\n\n\n<p>31. Dezember 2023 <br><br>Uns &#8222;Fredag is Plattdag&#8220; Sied hett Paus maakt. Daarf\u00f6r kunnen ji aver de Plattadventskalenner lesen &#8211; een &#8222;D\u00f6\u00f6r&#8220; open maken, dat gung up uns Internetsied neet. (Villicht anner maal?)<br> <\/p>\n\n\n\n<p><\/p>\n\n\n\n<figure class=\"wp-block-table\"><table><tbody><tr><td>1. Dezember<\/td><td class=\"has-text-align-right\" data-align=\"right\"><\/td><\/tr><tr><td>de Adventskalenner<\/td><td class=\"has-text-align-right\" data-align=\"right\">der Adventskalender<\/td><\/tr><\/tbody><\/table><\/figure>\n\n\n\n<p><\/p>\n\n\n\n<figure class=\"wp-block-table\"><table><tbody><tr><td>24. November<\/td><td class=\"has-text-align-right\" data-align=\"right\"><\/td><\/tr><tr><td>kopen<br>verkopen<\/td><td class=\"has-text-align-right\" data-align=\"right\">kaufen<br>verkaufen<\/td><\/tr><\/tbody><\/table><\/figure>\n\n\n\n<p><\/p>\n\n\n\n<figure class=\"wp-block-table\"><table><tbody><tr><td>17. November<\/td><td class=\"has-text-align-right\" data-align=\"right\"><\/td><\/tr><tr><td>de Regen<br>dat Regenweer &#8211; dat Schietweer \ud83d\ude09<\/td><td class=\"has-text-align-right\" data-align=\"right\">der Regen<br>das Regenwetter<\/td><\/tr><\/tbody><\/table><\/figure>\n\n\n\n<p><\/p>\n\n\n\n<p>10. November<br><br>V\u00f6\u00f6l Kinner lopen mit Kipp Kapp K\u00f6gels d\u00f6r de Straten. Se komen bi de Husen, singen Leedjes un kriegen denn Schlickeree. <br><br>Een plattd\u00fctsken S\u00fcnnermartens-Leed to&#8217;n mitsingen:<\/p>\n\n\n\n<div class=\"wp-block-columns is-layout-flex wp-container-core-columns-is-layout-abceabcf wp-block-columns-is-layout-flex\">\n<div class=\"wp-block-column is-layout-flow wp-block-column-is-layout-flow\" style=\"--col-width:33.34%;flex-basis:33.34%\">\n<p>Mien l\u00fcttje Lateern,<br>ik hebb di so geern.<br>Du danzt d\u00f6r de Straten,<br>du kannst dat neet laten,<br>ik mutt mit di lopen,<br>mutt singen un ropen: <br>Mien l\u00fcttje Lateern, <br>ik hebb di so geern.<\/p>\n<\/div>\n\n\n\n<div class=\"wp-block-column is-layout-flow wp-block-column-is-layout-flow\" style=\"--col-width:33.34%;flex-basis:33.34%\">\n<p>Mien l\u00fcttje Lateern,<br>ik hebb di so geern.<br>Du, Wind, laat dat Susen<br>Kruup achter de Husen,<br>kruup achter de Dieken,<br>vandaag musst du wieken.<br>Mien l\u00fcttje Lateern,<br>ik hebb di so geern.<\/p>\n<\/div>\n\n\n\n<div class=\"wp-block-column is-layout-flow wp-block-column-is-layout-flow\" style=\"--col-width:33.33%;flex-basis:33.33%\">\n<p>Mien l\u00fcttje Lateern,<br>du gleihst as en Stern<br>dor tinkelt kien Mantje,<br>dor kreiht uns kien Hantje,<br>danz wieder danz wieder<br>ick sing immer blieder<br>Mien l\u00fcttje Lateern,<br>ik hebb di so geern<\/p>\n<\/div>\n<\/div>\n\n\n\n<p><\/p>\n\n\n\n<figure class=\"wp-block-table\"><table><tbody><tr><td>03. November<\/td><td class=\"has-text-align-right\" data-align=\"right\"><\/td><\/tr><tr><td>de Arvten<br>de Zuckerarvt<br>grau Arvten<\/td><td class=\"has-text-align-right\" data-align=\"right\">die Erbsen<br>die Zuckererbse<br>getrocknete Erbsen (Eintopf)<\/td><\/tr><\/tbody><\/table><\/figure>\n\n\n\n<p>&#8222;Elke grau Arvt is&#8217;n Dr\u00fcpp Blood.&#8220;  Das bedeutet so viel wie &#8222;Erbseneintopf ist ein kr\u00e4ftigendes Gericht.&#8220;<\/p>\n\n\n\n<p><\/p>\n\n\n\n<figure class=\"wp-block-table\"><table><tbody><tr><td>27. Oktober <\/td><td class=\"has-text-align-right\" data-align=\"right\"><\/td><\/tr><tr><td>de Gr\u00f6\u00f6nkohl<br>de Bl\u00f6\u00f6mkohl<\/td><td class=\"has-text-align-right\" data-align=\"right\">der Gr\u00fcnkohl<br>der Blumenkohl<\/td><\/tr><\/tbody><\/table><\/figure>\n\n\n\n<p><\/p>\n\n\n\n<figure class=\"wp-block-table\"><table><tbody><tr><td>20. Oktober<\/td><td class=\"has-text-align-right\" data-align=\"right\"><\/td><\/tr><tr><td>de Fleeskappel<\/td><td class=\"has-text-align-right\" data-align=\"right\">der K\u00fcrbis<\/td><\/tr><\/tbody><\/table><\/figure>\n\n\n\n<p><\/p>\n\n\n\n<figure class=\"wp-block-table\"><table><tbody><tr><td>13. Oktober<\/td><td class=\"has-text-align-right\" data-align=\"right\"><\/td><\/tr><tr><td>de Appel<br>de Appelkook<\/td><td class=\"has-text-align-right\" data-align=\"right\">der Apfel<br>der Apfelkuchen<\/td><\/tr><\/tbody><\/table><\/figure>\n\n\n\n<p><\/p>\n\n\n\n<figure class=\"wp-block-table\"><table><tbody><tr><td>06. Oktober<\/td><td class=\"has-text-align-right\" data-align=\"right\"><\/td><\/tr><tr><td>de Tuffel<br>de braden Tuffels<\/td><td class=\"has-text-align-right\" data-align=\"right\">die Kartoffel<br>die Bratkartoffeln<\/td><\/tr><\/tbody><\/table><\/figure>\n\n\n\n<p><\/p>\n\n\n\n<figure class=\"wp-block-table\"><table><tbody><tr><td>29. September<\/td><td class=\"has-text-align-right\" data-align=\"right\"><\/td><\/tr><tr><td>de Arnt<br>arnten<\/td><td class=\"has-text-align-right\" data-align=\"right\">die Ernte<br>ernten<\/td><\/tr><\/tbody><\/table><\/figure>\n\n\n\n<p><\/p>\n\n\n\n<figure class=\"wp-block-table\"><table><tbody><tr><td>22. September<\/td><td class=\"has-text-align-right\" data-align=\"right\"><\/td><\/tr><tr><td>de S\u00fcnnbl\u00f6\u00f6m<\/td><td class=\"has-text-align-right\" data-align=\"right\">die Sonnenblume<\/td><\/tr><\/tbody><\/table><\/figure>\n\n\n\n<p><\/p>\n\n\n\n<figure class=\"wp-block-table\"><table><tbody><tr><td>15. September<\/td><td class=\"has-text-align-right\" data-align=\"right\"><\/td><\/tr><tr><td>de Boom\/ Bomen<\/td><td class=\"has-text-align-right\" data-align=\"right\">der Baum\/ B\u00e4ume<\/td><\/tr><\/tbody><\/table><\/figure>\n\n\n\n<p><\/p>\n\n\n\n<figure class=\"wp-block-table\"><table><tbody><tr><td>8. September<\/td><td class=\"has-text-align-right\" data-align=\"right\"><\/td><\/tr><tr><td>de Bl\u00f6\u00f6m\/ Bl\u00f6men<\/td><td class=\"has-text-align-right\" data-align=\"right\">die Blume\/ Blumen<\/td><\/tr><\/tbody><\/table><\/figure>\n\n\n\n<p><\/p>\n\n\n\n<figure class=\"wp-block-table\"><table><tbody><tr><td>1. September<\/td><td class=\"has-text-align-right\" data-align=\"right\"><\/td><\/tr><tr><td>de Plant\/ Planten<\/td><td class=\"has-text-align-right\" data-align=\"right\">die Pflanze\/ Pflanzen<\/td><\/tr><\/tbody><\/table><\/figure>\n\n\n\n<p>Na een l\u00fcttjen Paus geiht dat nu wieder mit uns &#8222;Fredag is Plattdag&#8220; &#8211; Sied.<br>Nat\u00fc\u00fcrlik fangen wi in de &#8222;Septembermaant is Plattd\u00fc\u00fctskmaant&#8220; weer an jo elke Fredag mit en plattd\u00fctsken Utdr\u00fcck to vers\u00f6rgen. <br>V\u00f6\u00f6l Pl\u00e4seer &#8211; Wi hopen, ji kriegen noch wat neejs to weeten!<\/p>\n\n\n\n<p>Motivation im Mai: <\/p>\n\n\n\n<figure class=\"wp-block-table\"><table><tbody><tr><td>26. Mai<\/td><td class=\"has-text-align-right\" data-align=\"right\"><\/td><\/tr><tr><td>He geiht d&#8217;r liek up an.<\/td><td class=\"has-text-align-right\" data-align=\"right\">Er steuert das Ziel direkt an.<\/td><\/tr><\/tbody><\/table><\/figure>\n\n\n\n<p><\/p>\n\n\n\n<figure class=\"wp-block-table\"><table><tbody><tr><td>19. Mai<\/td><td class=\"has-text-align-right\" data-align=\"right\"><\/td><\/tr><tr><td>Dat geiht, dat&#8217;t man so rappelt.<\/td><td class=\"has-text-align-right\" data-align=\"right\">Das geht ganz einfach.<\/td><\/tr><\/tbody><\/table><\/figure>\n\n\n\n<p><\/p>\n\n\n\n<figure class=\"wp-block-table\"><table><tbody><tr><td>12. Mai<\/td><td class=\"has-text-align-right\" data-align=\"right\"><\/td><\/tr><tr><td>Waar man &#8218;t an minnsten verwachten deit, <br>daar springt de Haas ut de Sloot. <br><\/td><td class=\"has-text-align-right\" data-align=\"right\">Unverhofft kommt oft. <br>Wenn man am wenigsten damit rechnet, dann geschieht etwas<br><\/td><\/tr><\/tbody><\/table><\/figure>\n\n\n\n<p><\/p>\n\n\n\n<figure class=\"wp-block-table\"><table><tbody><tr><td>5. Mai<\/td><td class=\"has-text-align-right\" data-align=\"right\"><\/td><\/tr><tr><td>Dat l\u00f6ppt all, as &#8218;t mutt!<\/td><td class=\"has-text-align-right\" data-align=\"right\">Das l\u00e4uft wie am Schn\u00fcrrchen.<\/td><\/tr><\/tbody><\/table><\/figure>\n\n\n\n<p>Disse Maant (April) willen wi jo eenige Spreekworden v\u00f6rstellen:<\/p>\n\n\n\n<figure class=\"wp-block-table\"><table><tbody><tr><td>28. April<\/td><td class=\"has-text-align-right\" data-align=\"right\"><\/td><\/tr><tr><td>M\u00f6rgen is ok noch &#8217;n Dag.<\/td><td class=\"has-text-align-right\" data-align=\"right\">Morgen ist auch noch ein Tag. <br>Die Erledigung der Aufgabe hat noch Zeit.<\/td><\/tr><\/tbody><\/table><\/figure>\n\n\n\n<p><\/p>\n\n\n\n<figure class=\"wp-block-table\"><table><tbody><tr><td>21. April<\/td><td class=\"has-text-align-right\" data-align=\"right\"><\/td><\/tr><tr><td>Dat s\u00fcnd Ulen un Kraihen!<\/td><td class=\"has-text-align-right\" data-align=\"right\">Das ist nur Gekritzel! <br>(Die Schrift ist nicht lesbar)<\/td><\/tr><\/tbody><\/table><\/figure>\n\n\n\n<p><\/p>\n\n\n\n<figure class=\"wp-block-table\"><table><tbody><tr><td>14. April<\/td><td class=\"has-text-align-right\" data-align=\"right\"><\/td><\/tr><tr><td>Doon deit lehren.<\/td><td class=\"has-text-align-right\" data-align=\"right\">\u00dcbung macht den Meister.<\/td><\/tr><\/tbody><\/table><\/figure>\n\n\n\n<p><\/p>\n\n\n\n<figure class=\"wp-block-table\"><table><tbody><tr><td>7. April<\/td><td class=\"has-text-align-right\" data-align=\"right\"><\/td><\/tr><tr><td>Dat schoot mi so in de Kopp.<\/td><td class=\"has-text-align-right\" data-align=\"right\">Dieser Gedanke kam mir ganz pl\u00f6tzlich.<\/td><\/tr><\/tbody><\/table><\/figure>\n\n\n\n<p><\/p>\n\n\n\n<figure class=\"wp-block-table\"><table><tbody><tr><td>31. M\u00e4\u00e4rt<\/td><td class=\"has-text-align-right\" data-align=\"right\"><\/td><\/tr><tr><td>De Farv van mien Haar is lecht\/ rood\/ bruun\/ swart.<\/td><td class=\"has-text-align-right\" data-align=\"right\">Meine Haarfarbe ist blond\/ rot\/ braun\/ schwarz.<\/td><\/tr><\/tbody><\/table><\/figure>\n\n\n\n<p><\/p>\n\n\n\n<figure class=\"wp-block-table\"><table><tbody><tr><td>24. M\u00e4\u00e4rt<\/td><td class=\"has-text-align-right\" data-align=\"right\"><\/td><\/tr><tr><td>De Farv van mien Ogen is blau\/ bruun\/ gr\u00f6\u00f6n.<\/td><td class=\"has-text-align-right\" data-align=\"right\">Meine Augenfarbe ist blau\/ braun\/ gr\u00fcn.<\/td><\/tr><\/tbody><\/table><\/figure>\n\n\n\n<p><\/p>\n\n\n\n<figure class=\"wp-block-table\"><table><tbody><tr><td>17. M\u00e4\u00e4rt<\/td><td class=\"has-text-align-right\" data-align=\"right\"><\/td><\/tr><tr><td>Mien Telefonnummer is&#8230;<br>een<br>twee<br>dree<br>veer<br>fief<br>ses<br>s\u00f6ven<br>acht<br>negen<br>tein <\/td><td class=\"has-text-align-right\" data-align=\"right\">Meine Telefonnummer ist&#8230;<br>eins<br>zwei<br>drei<br>vier<br>f\u00fcnf<br>sechs<br>sieben<br>acht<br>neun<br>zehn<\/td><\/tr><\/tbody><\/table><\/figure>\n\n\n\n<p><\/p>\n\n\n\n<figure class=\"wp-block-table\"><table><tbody><tr><td>10. M\u00e4\u00e4rt<\/td><td class=\"has-text-align-right\" data-align=\"right\"><\/td><\/tr><tr><td>Ik komm ut N\u00f6rden.<br>Ik wohn in de &#8230; Straat.<\/td><td class=\"has-text-align-right\" data-align=\"right\">Ich komme aus Norden. <br>Ich wohne in der &#8230; Stra\u00dfe.<\/td><\/tr><\/tbody><\/table><\/figure>\n\n\n\n<p><\/p>\n\n\n\n<figure class=\"wp-block-table\"><table><tbody><tr><td>3. M\u00e4\u00e4rt<\/td><td class=\"has-text-align-right\" data-align=\"right\"><\/td><\/tr><tr><td>Ik b\u00fcn &#8230; Jahr old.<br>Mien Gebuursdag is up de &#8230;<\/td><td class=\"has-text-align-right\" data-align=\"right\">Ich bin &#8230; Jahre alt.<br>Mein Geburtstag ist am &#8230;<\/td><\/tr><\/tbody><\/table><\/figure>\n\n\n\n<p><\/p>\n\n\n\n<figure class=\"wp-block-table\"><table><tbody><tr><td>24. Februar<\/td><td class=\"has-text-align-right\" data-align=\"right\"><\/td><\/tr><tr><td>Ik heet&#8230;<br>Mien Naam is&#8230;<\/td><td class=\"has-text-align-right\" data-align=\"right\">Ich hei\u00dfe&#8230;<br>Mein Name ist&#8230;<\/td><\/tr><\/tbody><\/table><\/figure>\n\n\n\n<p><\/p>\n\n\n\n<figure class=\"wp-block-table\"><table><tbody><tr><td>17. Februar<\/td><td class=\"has-text-align-right\" data-align=\"right\"><\/td><\/tr><tr><td>lesen<br>de Leesweddstried<\/td><td class=\"has-text-align-right\" data-align=\"right\">lesen<br>der Lesewettbewerb<\/td><\/tr><\/tbody><\/table><\/figure>\n\n\n\n<p><\/p>\n\n\n\n<figure class=\"wp-block-table\"><table><tbody><tr><td>10. Februar<\/td><td class=\"has-text-align-right\" data-align=\"right\"><\/td><\/tr><tr><td>de Hexenmester\/ de T\u00f6verske<\/td><td class=\"has-text-align-right\" data-align=\"right\">Hexe\/ Hexer bzw Zauberer\/ Zauberin<\/td><\/tr><\/tbody><\/table><\/figure>\n\n\n\n<p><\/p>\n\n\n\n<figure class=\"wp-block-table\"><table><tbody><tr><td>3. Februar<\/td><td class=\"has-text-align-right\" data-align=\"right\"><\/td><\/tr><tr><td>de Straat, de Straten<\/td><td class=\"has-text-align-right\" data-align=\"right\">die Stra\u00dfe, die Stra\u00dfen<\/td><\/tr><\/tbody><\/table><\/figure>\n\n\n\n<p><\/p>\n\n\n\n<figure class=\"wp-block-table\"><table><tbody><tr><td>27. Januar<\/td><td class=\"has-text-align-right\" data-align=\"right\"><\/td><\/tr><tr><td>dat T\u00fc\u00fcgnis<\/td><td class=\"has-text-align-right\" data-align=\"right\">das Zeugnis<\/td><\/tr><\/tbody><\/table><\/figure>\n\n\n\n<p><\/p>\n\n\n\n<figure class=\"wp-block-table\"><table><tbody><tr><td>20. Januar<\/td><td class=\"has-text-align-right\" data-align=\"right\"><\/td><\/tr><tr><td>de Dag<br>de Week<br>de Maant<br>dat Jahr<\/td><td class=\"has-text-align-right\" data-align=\"right\">der Tag<br>die Woche<br>der Monat<br>das Jahr<\/td><\/tr><\/tbody><\/table><\/figure>\n\n\n\n<p><\/p>\n\n\n\n<figure class=\"wp-block-table\"><table><tbody><tr><td>13. Januar<\/td><td class=\"has-text-align-right\" data-align=\"right\"><\/td><\/tr><tr><td>dat Pech<\/td><td class=\"has-text-align-right\" data-align=\"right\">das Pech<\/td><\/tr><\/tbody><\/table><figcaption class=\"wp-element-caption\">Freedag, de 13.<br>Is dat w\u00fcrkelk en Pechdag?<\/figcaption><\/figure>\n\n\n\n<p><\/p>\n\n\n\n<figure class=\"wp-block-table\"><table><tbody><tr><td>6. Januar<\/td><td class=\"has-text-align-right\" data-align=\"right\"><\/td><\/tr><tr><td>de hillig dree K\u00f6nigen<\/td><td class=\"has-text-align-right\" data-align=\"right\">die heiligen drei K\u00f6nige<\/td><\/tr><\/tbody><\/table><\/figure>\n\n\n\n<p><\/p>\n\n\n\n<figure class=\"wp-block-table\"><table><tbody><tr><td>30. Dezember<\/td><td class=\"has-text-align-right\" data-align=\"right\"><\/td><\/tr><tr><td>Prost Neei Jahr!<\/td><td class=\"has-text-align-right\" data-align=\"right\">Frohes Neues Jahr&#8220;<\/td><\/tr><\/tbody><\/table><figcaption class=\"wp-element-caption\">Neujahrsw\u00fcnsche: Kommt good rin! Prost Neei Jahr! Blievt gesund! Laat jo dat good gahn!<\/figcaption><\/figure>\n\n\n\n<p><\/p>\n\n\n\n<figure class=\"wp-block-table\"><table><tbody><tr><td>23. Dezember<\/td><td class=\"has-text-align-right\" data-align=\"right\"><\/td><\/tr><tr><td>Mooi Wiehnachten!<\/td><td class=\"has-text-align-right\" data-align=\"right\">Frohe Weihnachten!<\/td><\/tr><\/tbody><\/table><\/figure>\n\n\n\n<p><\/p>\n\n\n\n<figure class=\"wp-block-table\"><table><tbody><tr><td>16. Dezember<\/td><td class=\"has-text-align-right\" data-align=\"right\"><\/td><\/tr><tr><td>de Dann<br>de Dannenboom<br>de Dannappel<\/td><td class=\"has-text-align-right\" data-align=\"right\">die Tanne<br>der Tannenbaum<br>der Tannenzapfen<\/td><\/tr><\/tbody><\/table><\/figure>\n\n\n\n<p><\/p>\n\n\n\n<figure class=\"wp-block-table\"><table><tbody><tr><td>9. Dezember<\/td><td class=\"has-text-align-right\" data-align=\"right\"><\/td><\/tr><tr><td>de Stutenkeerl<\/td><td class=\"has-text-align-right\" data-align=\"right\">ein spezielles Nikolausgeb\u00e4ck<\/td><\/tr><\/tbody><\/table><\/figure>\n\n\n\n<p><\/p>\n\n\n\n<figure class=\"wp-block-table\"><table><tbody><tr><td>2. Dezember<\/td><td class=\"has-text-align-right\" data-align=\"right\"><\/td><\/tr><tr><td>de S\u00fcnnerklaas<br>knobeln, dobbeln<\/td><td class=\"has-text-align-right\" data-align=\"right\">der Nikolaus<br>w\u00fcrfeln<\/td><\/tr><\/tbody><\/table><figcaption class=\"wp-element-caption\">An de Dag v\u00f6r S\u00fcnnerklaas, an de 5. Dezember, komen de Minsken tosamen un knobeln um een Tort, een Mettwurst of anner (lecker) Klenigheiden. <\/figcaption><\/figure>\n\n\n\n<p><\/p>\n\n\n\n<figure class=\"wp-block-table\"><table><tbody><tr><td>25. November<\/td><td class=\"has-text-align-right\" data-align=\"right\"><\/td><\/tr><tr><td>de Verwachtenstied<br>de Adventstied<\/td><td class=\"has-text-align-right\" data-align=\"right\">die Adventszeit\/<br>der Adent<\/td><\/tr><\/tbody><\/table><figcaption class=\"wp-element-caption\">Maakt de Keersen an, de L\u00fcchtertied is daar: S\u00f6nndag is de 1. Advent. <\/figcaption><\/figure>\n\n\n\n<p><\/p>\n\n\n\n<figure class=\"wp-block-table\"><table><tbody><tr><td>18. November<\/td><td class=\"has-text-align-right\" data-align=\"right\"><\/td><\/tr><tr><td>dat Theater<br>de V\u00f6rstellung<\/td><td class=\"has-text-align-right\" data-align=\"right\">das Theater<br>die Vorstellung<\/td><\/tr><\/tbody><\/table><\/figure>\n\n\n\n<p><\/p>\n\n\n\n<figure class=\"wp-block-table\"><table><tbody><tr><td>11. November<\/td><td class=\"has-text-align-right\" data-align=\"right\"><\/td><\/tr><tr><td>de Slickeree<\/td><td class=\"has-text-align-right\" data-align=\"right\">die S\u00fc\u00dfigkeit<\/td><\/tr><\/tbody><\/table><\/figure>\n\n\n\n<p><\/p>\n\n\n\n<figure class=\"wp-block-table\"><table><tbody><tr><td>4. November<\/td><td class=\"has-text-align-right\" data-align=\"right\"><\/td><\/tr><tr><td>de Kipp-Kapp-K\u00f6gel<br>de Huckelpott\/ <br>de Rummelpott<\/td><td class=\"has-text-align-right\" data-align=\"right\">die Laterne<br>&#8222;Musikinstrument&#8220; zum L\u00e4rm machen an Martini<br>(fr\u00fcher: aus einem Kuhhorn und einer Schweinsblase)<\/td><\/tr><\/tbody><\/table><\/figure>\n\n\n\n<p><\/p>\n\n\n\n<figure class=\"wp-block-table\"><table><tbody><tr><td>28. Oktober<\/td><td class=\"has-text-align-right\" data-align=\"right\"><\/td><\/tr><tr><td>de Fleeskappel<br>de Sp\u00f6\u00f6k<br>de Knakenkeerl<\/td><td class=\"has-text-align-right\" data-align=\"right\">der K\u00fcrbis<br>das Gespenst<br>das Skelett<\/td><\/tr><\/tbody><\/table><figcaption class=\"wp-element-caption\">Ok, wenn dat in Ostfreesland neet so fiert wordt, as in Amerika &#8211; Maandag is &#8222;Halloween&#8220;<br>Aver bi uns is Maandag ok en Fierdag &#8211; Reformationsdag. De Dag hett wat mit Martin Luther un de Kark to doon. Un an de 11. November is S\u00fcnnermarten, denn gahn de Kinner mit Kipp Kapp K\u00f6gels d\u00f6\u00f6r de Straaten &#8211; to Ehr van Martin Luther.<\/figcaption><\/figure>\n\n\n\n<p><\/p>\n\n\n\n<figure class=\"wp-block-table\"><table><tbody><tr><td>21. Oktober<\/td><td class=\"has-text-align-right\" data-align=\"right\"><\/td><\/tr><tr><td>komodig<br>ungemackelk<\/td><td class=\"has-text-align-right\" data-align=\"right\">gem\u00fctlich<br>ungem\u00fctlich<\/td><\/tr><\/tbody><\/table><figcaption class=\"wp-element-caption\">Dat Regenweer is ungemackelk, natt un kold. In &#8218;t Huus is dat komodig, warm un dr\u00f6\u00f6g.<\/figcaption><\/figure>\n\n\n\n<p><\/p>\n\n\n\n<figure class=\"wp-block-table\"><table><tbody><tr><td>14. Oktober<\/td><td class=\"has-text-align-right\" data-align=\"right\"><\/td><\/tr><tr><td>de Poggstohl<\/td><td class=\"has-text-align-right\" data-align=\"right\">der Pilz<\/td><\/tr><\/tbody><\/table><\/figure>\n\n\n\n<p><\/p>\n\n\n\n<figure class=\"wp-block-table\"><table><tbody><tr><td>7. Oktober<\/td><td class=\"has-text-align-right\" data-align=\"right\"><\/td><\/tr><tr><td>de B\u00f6\u00f6k<br>de B\u00f6kel<\/td><td class=\"has-text-align-right\" data-align=\"right\">die Buche<br>die Buchecker<\/td><\/tr><\/tbody><\/table><\/figure>\n\n\n\n<p><\/p>\n\n\n\n<figure class=\"wp-block-table\"><table><tbody><tr><td>30. September <\/td><td class=\"has-text-align-right\" data-align=\"right\"><\/td><\/tr><tr><td>de Eckelboom<br>de Eckel<\/td><td class=\"has-text-align-right\" data-align=\"right\">die Eiche<br>die Eichel<\/td><\/tr><\/tbody><\/table><\/figure>\n\n\n\n<p><\/p>\n\n\n\n<figure class=\"wp-block-table\"><table><tbody><tr><td>23. September<\/td><td class=\"has-text-align-right\" data-align=\"right\"><\/td><\/tr><tr><td>de Kastanjeboom<br>de Kastanje<\/td><td class=\"has-text-align-right\" data-align=\"right\">der Kastanienbaum<br>die Kastanie<\/td><\/tr><\/tbody><\/table><figcaption class=\"wp-element-caption\">Hebben ji all Figuren of anner Gestalten ut Kastanjes bastelt?<\/figcaption><\/figure>\n\n\n\n<p><\/p>\n\n\n\n<figure class=\"wp-block-table\"><table><tbody><tr><td>16. September<\/td><td class=\"has-text-align-right\" data-align=\"right\"><\/td><\/tr><tr><td>de Harvst<br>de St\u00f6rm<br>de Regen<br>dat Regenweer<\/td><td class=\"has-text-align-right\" data-align=\"right\">der Herbst<br>der Sturm<br>der Regen<br>das Regenwetter<\/td><\/tr><\/tbody><\/table><\/figure>\n\n\n\n<p>Dat Weer vandag: De St\u00f6rm bruust un dat pladdert. <\/p>\n\n\n\n<p><\/p>\n\n\n\n<figure class=\"wp-block-table\"><table><tbody><tr><td>9. September<\/td><td class=\"has-text-align-right\" data-align=\"right\"><\/td><\/tr><tr><td>de Appel<br>de Peer<\/td><td class=\"has-text-align-right\" data-align=\"right\">der Apfel<br>die Birne<\/td><\/tr><\/tbody><\/table><\/figure>\n\n\n\n<p><\/p>\n\n\n\n<figure class=\"wp-block-table\"><table><tbody><tr><td>2. September<\/td><td class=\"has-text-align-right\" data-align=\"right\"><\/td><\/tr><tr><td>Septembermaant<\/td><td class=\"has-text-align-right\" data-align=\"right\">September<\/td><\/tr><\/tbody><\/table><figcaption class=\"wp-element-caption\">Septembermaant is Plattd\u00fc\u00fctskmaant &#8211; Maakt mit un proot Platt! In d&#8216; School, in Huus, eenfach \u00f6verall \ud83d\ude42<\/figcaption><\/figure>\n\n\n\n<p><\/p>\n\n\n\n<figure class=\"wp-block-table\"><table><tbody><tr><td>26. August<\/td><td class=\"has-text-align-right\" data-align=\"right\"><\/td><\/tr><tr><td>1. Schooldag<br>inschoolen<br>de Zuckerp\u00fc\u00fct<\/td><td class=\"has-text-align-right\" data-align=\"right\">1. Schultag<br>einschulen<br>die Schult\u00fcte<\/td><\/tr><\/tbody><\/table><\/figure>\n\n\n\n<figure class=\"wp-block-table\"><table><tbody><tr><td>19. August<\/td><td class=\"has-text-align-right\" data-align=\"right\"><\/td><\/tr><tr><td>dat Tuuntjen<br>de Geetkann<br>de hark<br>de Spaa<\/td><td class=\"has-text-align-right\" data-align=\"right\">die Gartenarbeit<br>die Gie\u00dfkanne<br>die Harke<br>der Spaten<\/td><\/tr><\/tbody><\/table><\/figure>\n\n\n\n<figure class=\"wp-block-table\"><table><tbody><tr><td>12. August<\/td><td class=\"has-text-align-right\" data-align=\"right\"><\/td><\/tr><tr><td>dat Weer<br>de S\u00fcnn<br>Dat Weer l\u00f6ppt mit!<br>Dat is lekker warm.<br>de Hitz<\/td><td class=\"has-text-align-right\" data-align=\"right\">das Wetter<br>die Sonne<br>Das Wetter ist gut!<br>Es ist sch\u00f6n warm.<br>die Hitze<\/td><\/tr><\/tbody><\/table><\/figure>\n\n\n\n<figure class=\"wp-block-table\"><table><tbody><tr><td>5. August<\/td><td class=\"has-text-align-right\" data-align=\"right\"><\/td><\/tr><tr><td>Radd fahren<br>swemmen<br>Ies eten<br>utslapen<\/td><td class=\"has-text-align-right\" data-align=\"right\">Rad fahren<br>schwimmen<br>Eis essen<br>ausschlafen<\/td><\/tr><\/tbody><\/table><\/figure>\n\n\n\n<figure class=\"wp-block-table\"><table><tbody><tr><td>29. Juli<\/td><td class=\"has-text-align-right\" data-align=\"right\"><\/td><\/tr><tr><td>dat Schipp<br>de Iesenbahn<br>dat Auto<br>de Fleger<\/td><td class=\"has-text-align-right\" data-align=\"right\">das Schiff<br>der Zug<br>das Auto<br>das Flugzeug<\/td><\/tr><\/tbody><\/table><\/figure>\n\n\n\n<figure class=\"wp-block-table\"><table><tbody><tr><td>22. Juli<\/td><td class=\"has-text-align-right\" data-align=\"right\"><\/td><\/tr><tr><td>de Barg<br>wannern<br>\u00f6ver Bargen un Dalen<\/td><td class=\"has-text-align-right\" data-align=\"right\">der Berg<br>wandern<br>\u00fcber Berg und Tal<\/td><\/tr><\/tbody><\/table><\/figure>\n\n\n\n<figure class=\"wp-block-table\"><table><tbody><tr><td>15. Juli<\/td><td class=\"has-text-align-right\" data-align=\"right\"><\/td><\/tr><tr><td>dat Eiland<br>de Strand<br>de Mussel<\/td><td class=\"has-text-align-right\" data-align=\"right\">die Insel<br>der Strand<br>die Muschel<\/td><\/tr><\/tbody><\/table><\/figure>\n\n\n\n<figure class=\"wp-block-table\"><table><tbody><tr><td>8. Juli<\/td><td class=\"has-text-align-right\" data-align=\"right\"><\/td><\/tr><tr><td>de Utfl\u00fcggt<\/td><td class=\"has-text-align-right\" data-align=\"right\">der Ausflug<\/td><\/tr><\/tbody><\/table><\/figure>\n\n\n\n<figure class=\"wp-block-table\"><table><tbody><tr><td>1. Juli<\/td><td class=\"has-text-align-right\" data-align=\"right\"><\/td><\/tr><tr><td>de S\u00f6mmer<br>de S\u00fcnn<br>de Warmte<\/td><td class=\"has-text-align-right\" data-align=\"right\">der Sommer<br>die Sonne<br>die W\u00e4rme<\/td><\/tr><\/tbody><\/table><\/figure>\n\n\n\n<p><\/p>\n\n\n\n<figure class=\"wp-block-table\"><table><tbody><tr><td>24. Juni<\/td><td class=\"has-text-align-right\" data-align=\"right\"><\/td><\/tr><tr><td>dat Swemmbad<br>swemmen<\/td><td class=\"has-text-align-right\" data-align=\"right\">das Schwimmbad<br>schwimmen<\/td><\/tr><\/tbody><\/table><\/figure>\n\n\n\n<p><\/p>\n\n\n\n<figure class=\"wp-block-table\"><table><tbody><tr><td>17. Juni<\/td><td class=\"has-text-align-right\" data-align=\"right\"><\/td><\/tr><tr><td>de Sandkist<br>de Wippwapp<br>schaukeln<\/td><td class=\"has-text-align-right\" data-align=\"right\">der Sandkasten<br>die Wippe<br>schukeln<\/td><\/tr><\/tbody><\/table><\/figure>\n\n\n\n<p><\/p>\n\n\n\n<figure class=\"wp-block-table\"><table><tbody><tr><td>10. Juni<\/td><td class=\"has-text-align-right\" data-align=\"right\"><\/td><\/tr><tr><td>de Sp\u00f6\u00f6lplatz<\/td><td class=\"has-text-align-right\" data-align=\"right\">der Spielplatz<\/td><\/tr><\/tbody><\/table><\/figure>\n\n\n\n<p><\/p>\n\n\n\n<figure class=\"wp-block-table\"><table><tbody><tr><td>3. Juni<\/td><td class=\"has-text-align-right\" data-align=\"right\"><\/td><\/tr><tr><td>de Poggestohl<\/td><td class=\"has-text-align-right\" data-align=\"right\">der Pilz<\/td><\/tr><\/tbody><\/table><\/figure>\n\n\n\n<p>de Pogg = der Frosch<br>de Stohl = der Stuhl<br>Ist das nicht eine sch\u00f6ne Idee, wenn wir uns ab jetzt jeden Pilz im Wald und auf der Wiese als Sitzplatz von Fr\u00f6schen vorstellen? <\/p>\n\n\n\n<p><\/p>\n\n\n\n<figure class=\"wp-block-table\"><table><tbody><tr><td>27. Mai<\/td><td class=\"has-text-align-right\" data-align=\"right\"><\/td><\/tr><tr><td>Bruudpadd leggen<\/td><td class=\"has-text-align-right\" data-align=\"right\">Brautpfad legen<\/td><\/tr><\/tbody><\/table><\/figure>\n\n\n\n<p>Das Brautpfadlegen ist eine Tradition am Himmelfahrtstag, die haupts\u00e4chlich im Landkreis Aurich bekannt ist. <\/p>\n\n\n\n<p><\/p>\n\n\n\n<figure class=\"wp-block-table\"><table><tbody><tr><td>20. Mai<\/td><td class=\"has-text-align-right\" data-align=\"right\"><\/td><\/tr><tr><td>de Filapper<\/td><td class=\"has-text-align-right\" data-align=\"right\">der Schmetterling<\/td><\/tr><\/tbody><\/table><\/figure>\n\n\n\n<p><\/p>\n\n\n\n<figure class=\"wp-block-table\"><table><tbody><tr><td>13. Mai <\/td><td class=\"has-text-align-right\" data-align=\"right\"><\/td><\/tr><tr><td>de Mieghamel<\/td><td class=\"has-text-align-right\" data-align=\"right\">die Ameise<\/td><\/tr><\/tbody><\/table><\/figure>\n\n\n\n<p><\/p>\n\n\n\n<figure class=\"wp-block-table\"><table><tbody><tr><td>6. Mai<\/td><td class=\"has-text-align-right\" data-align=\"right\"><\/td><\/tr><tr><td>de Tuun<\/td><td class=\"has-text-align-right\" data-align=\"right\">der Garten<\/td><\/tr><tr><td>dat Tuuntjen<\/td><td class=\"has-text-align-right\" data-align=\"right\">die Gartenarbeit<\/td><\/tr><\/tbody><\/table><\/figure>\n\n\n\n<p><\/p>\n\n\n\n<figure class=\"wp-block-table\"><table><tbody><tr><td>29. April<\/td><td class=\"has-text-align-right\" data-align=\"right\"><\/td><\/tr><tr><td>de Maiboom<br>de Maifier<\/td><td class=\"has-text-align-right\" data-align=\"right\">der Maibaum<br>die Maifeier<\/td><\/tr><\/tbody><\/table><\/figure>\n\n\n\n<p><\/p>\n\n\n\n<figure class=\"wp-block-table\"><table><tbody><tr><td>22. April<\/td><td class=\"has-text-align-right\" data-align=\"right\"><\/td><\/tr><tr><td>de V\u00f6gel<br>dat Blaumeeske<br>dat Kohlmeeske<br>de L\u00fc\u00fcntje<br>de Drussel<br>da Swartdrussel<\/td><td class=\"has-text-align-right\" data-align=\"right\">der Vogel<br>die Blaumeise<br>die Kohlmeise<br>der Spatz<br>die Drossel<br>die Amsel<\/td><\/tr><\/tbody><\/table><\/figure>\n\n\n\n<p><\/p>\n\n\n\n<p><\/p>\n\n\n\n<figure class=\"wp-block-table\"><table><tbody><tr><td>15. April<\/td><td class=\"has-text-align-right\" data-align=\"right\"><\/td><\/tr><tr><td>dat Paaskef\u00fc\u00fcr<\/td><td class=\"has-text-align-right\" data-align=\"right\">das Osterfeuer<\/td><\/tr><\/tbody><\/table><\/figure>\n\n\n\n<p><\/p>\n\n\n\n<figure class=\"wp-block-table\"><table><tbody><tr><td>1. April<\/td><td class=\"has-text-align-right\" data-align=\"right\"><\/td><\/tr><tr><td>Een in de April st\u00fcren.<\/td><td class=\"has-text-align-right\" data-align=\"right\">Jemanden in den April schicken.<\/td><\/tr><\/tbody><\/table><\/figure>\n\n\n\n<p>De 1. April musst du&nbsp; overstahn, denn kann di manchs Goods passeren.<br>Den 1. April musst du \u00fcberstehen, dann kann dir nichts B\u00f6ses mehr geschehen. (Sprichwort\/ Bauernregel)<\/p>\n\n\n\n<p><\/p>\n\n\n\n<figure class=\"wp-block-table\"><table><tbody><tr><td>25. M\u00e4\u00e4rt<\/td><td class=\"has-text-align-right\" data-align=\"right\"><\/td><\/tr><tr><td>de Teetied<\/td><td class=\"has-text-align-right\" data-align=\"right\">die Teezeit<\/td><\/tr><\/tbody><\/table><\/figure>\n\n\n\n<p>De Teetied is wat heel bes\u00fcnners in Ostfreesland. De Kinner hebben an d&#8216; Namiddag lehrt, wo dat mit de Tee, Kluntje un de Wulkjes geiht. Kiekt jo de Biller up de Ostfreesland-Sied an.<\/p>\n\n\n\n<p><\/p>\n\n\n\n<figure class=\"wp-block-table\"><table><tbody><tr><td>18. M\u00e4\u00e4rt<\/td><td class=\"has-text-align-right\" data-align=\"right\"><\/td><\/tr><tr><td>dat Book<\/td><td class=\"has-text-align-right\" data-align=\"right\">das Buch<\/td><\/tr><\/tbody><\/table><\/figure>\n\n\n\n<p>Weten ji egentlik, dat ji in uns School ook plattd\u00fctske Boken utlehnen k\u00f6nen.<\/p>\n\n\n\n<p><\/p>\n\n\n\n<figure class=\"wp-block-table\"><table><tbody><tr><td>11. M\u00e4\u00e4rt<\/td><td class=\"has-text-align-right\" data-align=\"right\"><\/td><\/tr><tr><td>de Sneeiklockje<br>de Oosterbl\u00f6\u00f6m<br>de Tulp<\/td><td class=\"has-text-align-right\" data-align=\"right\">das Schneegl\u00f6ckchen<br>die Osterglocke<br>die Tulpe<\/td><\/tr><\/tbody><\/table><\/figure>\n\n\n\n<p>Disse Bl\u00f6men seggen uns dat V\u00f6rjahr an.<br>Diese Blumen k\u00fcndigen uns den Fr\u00fchling an.<\/p>\n\n\n\n<p><\/p>\n\n\n\n<figure class=\"wp-block-table\"><table><tbody><tr><td>4. M\u00e4\u00e4rt<\/td><td class=\"has-text-align-right\" data-align=\"right\"><\/td><\/tr><tr><td>dat V\u00f6rjahr<\/td><td class=\"has-text-align-right\" data-align=\"right\">der Fr\u00fchling<\/td><\/tr><\/tbody><\/table><\/figure>\n\n\n\n<p><\/p>\n\n\n\n<figure class=\"wp-block-table\"><table><tbody><tr><td>25. Februar<\/td><td class=\"has-text-align-right\" data-align=\"right\"><\/td><\/tr><tr><td>s\u00fck maskeren<\/td><td class=\"has-text-align-right\" data-align=\"right\">sich verkleiden<\/td><\/tr><\/tbody><\/table><\/figure>\n\n\n\n<p><\/p>\n\n\n\n<figure class=\"wp-block-table\"><table><tbody><tr><td>18. Februar<\/td><td class=\"has-text-align-right\" data-align=\"right\"><\/td><\/tr><tr><td>de Rubb<br>de Krabb<br>de M\u00f6\u00f6v<\/td><td class=\"has-text-align-right\" data-align=\"right\">der Seehund (1a &#8211; Seehundklasse)<br>die Krabbe (1b &#8211; Krabbenklasse)<br>die M\u00f6we (1c &#8211; M\u00f6wenklasse)<\/td><\/tr><\/tbody><\/table><\/figure>\n\n\n\n<p><\/p>\n\n\n\n<figure class=\"wp-block-table\"><table><tbody><tr><td class=\"has-text-align-left\" data-align=\"left\">11. Februar<\/td><td class=\"has-text-align-right\" data-align=\"right\"><\/td><\/tr><tr><td class=\"has-text-align-left\" data-align=\"left\">Mooi Wekenenn!<\/td><td class=\"has-text-align-right\" data-align=\"right\">Sch\u00f6nes Wochenende!<\/td><\/tr><\/tbody><\/table><\/figure>\n\n\n\n<p><\/p>\n\n\n\n<figure class=\"wp-block-table\"><table><tbody><tr><td>4. Februar<\/td><td class=\"has-text-align-right\" data-align=\"right\"><\/td><\/tr><tr><td>de St\u00f6rm<\/td><td class=\"has-text-align-right\" data-align=\"right\">der Sturm<\/td><\/tr><\/tbody><\/table><\/figure>\n\n\n\n<p>De St\u00f6rm is stiever worden.<br>Der Sturm hat zugenommen.<\/p>\n\n\n\n<p><\/p>\n\n\n\n<figure class=\"wp-block-table\"><table><tbody><tr><td>28. Januar<\/td><td class=\"has-text-align-right\" data-align=\"right\"><\/td><\/tr><tr><td>dat T\u00fc\u00fcgnis<\/td><td class=\"has-text-align-right\" data-align=\"right\">das Zeugnis<\/td><\/tr><\/tbody><\/table><\/figure>\n\n\n\n<p><\/p>\n\n\n\n<figure class=\"wp-block-table\"><table><tbody><tr><td>21. Januar<\/td><td class=\"has-text-align-right\" data-align=\"right\"><\/td><\/tr><tr><td>de Sneei<br>de Sneeikeerl<\/td><td class=\"has-text-align-right\" data-align=\"right\">der Schnee<br>der Schneemann<\/td><\/tr><\/tbody><\/table><\/figure>\n\n\n\n<p>Een Winter s\u00fcnner Sneei is as een Koppke s\u00fcnner Tee. (Spreekwoord)<br>Ein Winter ohne Schnee ist wie eine Tasse ohne Tee.<\/p>\n\n\n\n<p><\/p>\n\n\n\n<figure class=\"wp-block-table\"><table><tbody><tr><td class=\"has-text-align-left\" data-align=\"left\">14. Januar<\/td><td class=\"has-text-align-right\" data-align=\"right\"><\/td><\/tr><tr><td class=\"has-text-align-left\" data-align=\"left\">winterdaags<\/td><td class=\"has-text-align-right\" data-align=\"right\"> im Winter<\/td><\/tr><\/tbody><\/table><\/figure>\n\n\n\n<p><\/p>\n\n\n\n<figure class=\"wp-block-table\"><table><tbody><tr><td class=\"has-text-align-left\" data-align=\"left\"> 7. Januar <\/td><td class=\"has-text-align-right\" data-align=\"right\"><\/td><\/tr><tr><td class=\"has-text-align-left\" data-align=\"left\">dat neje Jahr<\/td><td class=\"has-text-align-right\" data-align=\"right\">das neue Jahr<\/td><\/tr><\/tbody><\/table><\/figure>\n\n\n\n<p><\/p>\n\n\n","protected":false},"excerpt":{"rendered":"<p>Fredag is Plattdag geiht weer los!Dat Motto 2025 is &#8222;Fr\u00fcndskupp&#8220;.Kiek doch of un to fredags mal hier rin \ud83d\ude42 17. April de F\u00fc\u00fcrwehr die Feuerwehr dat F\u00fc\u00fcr das Feuer dat Redden die Rettung de H\u00fclp die Hilfe 10. April de &hellip; <a href=\"https:\/\/wordpress.nibis.de\/gsimspiet\/fredag-is-plattdag\/\">Weiterlesen <span class=\"meta-nav\">&rarr;<\/span><\/a><\/p>\n","protected":false},"author":9192608,"featured_media":0,"comment_status":"closed","ping_status":"closed","sticky":false,"template":"","format":"standard","meta":{"footnotes":""},"categories":[1],"tags":[],"class_list":["post-2746","post","type-post","status-publish","format-standard","hentry","category-allgemein"],"_links":{"self":[{"href":"https:\/\/wordpress.nibis.de\/gsimspiet\/wp-json\/wp\/v2\/posts\/2746","targetHints":{"allow":["GET"]}}],"collection":[{"href":"https:\/\/wordpress.nibis.de\/gsimspiet\/wp-json\/wp\/v2\/posts"}],"about":[{"href":"https:\/\/wordpress.nibis.de\/gsimspiet\/wp-json\/wp\/v2\/types\/post"}],"author":[{"embeddable":true,"href":"https:\/\/wordpress.nibis.de\/gsimspiet\/wp-json\/wp\/v2\/users\/9192608"}],"replies":[{"embeddable":true,"href":"https:\/\/wordpress.nibis.de\/gsimspiet\/wp-json\/wp\/v2\/comments?post=2746"}],"version-history":[{"count":100,"href":"https:\/\/wordpress.nibis.de\/gsimspiet\/wp-json\/wp\/v2\/posts\/2746\/revisions"}],"predecessor-version":[{"id":4627,"href":"https:\/\/wordpress.nibis.de\/gsimspiet\/wp-json\/wp\/v2\/posts\/2746\/revisions\/4627"}],"wp:attachment":[{"href":"https:\/\/wordpress.nibis.de\/gsimspiet\/wp-json\/wp\/v2\/media?parent=2746"}],"wp:term":[{"taxonomy":"category","embeddable":true,"href":"https:\/\/wordpress.nibis.de\/gsimspiet\/wp-json\/wp\/v2\/categories?post=2746"},{"taxonomy":"post_tag","embeddable":true,"href":"https:\/\/wordpress.nibis.de\/gsimspiet\/wp-json\/wp\/v2\/tags?post=2746"}],"curies":[{"name":"wp","href":"https:\/\/api.w.org\/{rel}","templated":true}]}}