{"id":2800,"date":"2024-01-07T21:29:51","date_gmt":"2024-01-07T19:29:51","guid":{"rendered":"https:\/\/wordpress.nibis.de\/gsjowolf\/?p=2800"},"modified":"2024-01-07T21:29:55","modified_gmt":"2024-01-07T19:29:55","slug":"demonstration-08-01-2024","status":"publish","type":"post","link":"https:\/\/wordpress.nibis.de\/gsjowolf\/demonstration-08-01-2024\/","title":{"rendered":"Demonstration 08.01.2024"},"content":{"rendered":"\n<p style=\"font-weight: 400\">Liebe Eltern,<\/p>\n<p style=\"font-weight: 400\">ich w\u00fcnsche Ihnen und Ihren Familien ein frohes und vor allem gesundes neues Jahr!<\/p>\n<p style=\"font-weight: 400\">Wie in meiner Mail vom 05.01.24 erw\u00e4hnt, hat uns der Landkreis per Mail informiert, dass es morgen zu erheblichen Verkehrsbeeintr\u00e4chtigungen kommen wird, weil in der Region eine Kundgebung der Landwirt:innen stattfinden wird.<\/p>\n<p style=\"font-weight: 400\">Alle Lehrer:innen der Schule sind angewiesen, fr\u00fchzeitig loszufahren und mit Stau zu rechnen, jedoch ist das keine Garantie daf\u00fcr, dass alle rechtzeitig ankommen.<\/p>\n<p style=\"font-weight: 400\">Au\u00dferdem kann der Schulweg und die Sch\u00fclerbef\u00f6rderung Ihrer Kinder den gesamten Schultag, inklusive des Ganztagstransfers, beeintr\u00e4chtigt sein.<\/p>\n<p style=\"font-weight: 400\">Seitens des Landkreises ist kein Unterrichtsausfall angek\u00fcndigt. Deshalb bitte ich Sie, sich morgen fr\u00fch gut zu informieren. Sobald neue Informationen vorliegen, werden wir Sie informieren.<\/p>\n<p style=\"font-weight: 400\">Der Unterricht findet regul\u00e4r statt, wir haben aber Verst\u00e4ndnis, wenn Sch\u00fclerinnen und Sch\u00fcler versp\u00e4tet ankommen oder in Einzelf\u00e4llen keine M\u00f6glichkeit haben, zur Schule zu kommen. Bitte informieren Sie in diesem Fall die Klassenlehrer.<\/p>\n<p style=\"font-weight: 400\">Viele Gr\u00fc\u00dfe,<\/p>\n<p style=\"font-weight: 400\">Kerstin Weber<\/p>\n","protected":false},"excerpt":{"rendered":"<p>Liebe Eltern, ich w\u00fcnsche Ihnen und Ihren Familien ein frohes und vor allem gesundes neues Jahr! Wie in meiner Mail vom 05.01.24 erw\u00e4hnt, hat uns der Landkreis per Mail informiert, dass es morgen zu erheblichen Verkehrsbeeintr\u00e4chtigungen kommen wird, weil in der Region eine Kundgebung der Landwirt:innen stattfinden wird. Alle Lehrer:innen der Schule sind angewiesen, fr\u00fchzeitig &hellip; <a href=\"https:\/\/wordpress.nibis.de\/gsjowolf\/demonstration-08-01-2024\/\" class=\"more-link\">Weiterlesen <span class=\"screen-reader-text\">Demonstration 08.01.2024<\/span><\/a><\/p>\n","protected":false},"author":9194244,"featured_media":0,"comment_status":"closed","ping_status":"closed","sticky":false,"template":"","format":"standard","meta":{"footnotes":""},"categories":[1],"tags":[],"class_list":["post-2800","post","type-post","status-publish","format-standard","hentry","category-allgemein","without-featured-image"],"_links":{"self":[{"href":"https:\/\/wordpress.nibis.de\/gsjowolf\/wp-json\/wp\/v2\/posts\/2800","targetHints":{"allow":["GET"]}}],"collection":[{"href":"https:\/\/wordpress.nibis.de\/gsjowolf\/wp-json\/wp\/v2\/posts"}],"about":[{"href":"https:\/\/wordpress.nibis.de\/gsjowolf\/wp-json\/wp\/v2\/types\/post"}],"author":[{"embeddable":true,"href":"https:\/\/wordpress.nibis.de\/gsjowolf\/wp-json\/wp\/v2\/users\/9194244"}],"replies":[{"embeddable":true,"href":"https:\/\/wordpress.nibis.de\/gsjowolf\/wp-json\/wp\/v2\/comments?post=2800"}],"version-history":[{"count":1,"href":"https:\/\/wordpress.nibis.de\/gsjowolf\/wp-json\/wp\/v2\/posts\/2800\/revisions"}],"predecessor-version":[{"id":2801,"href":"https:\/\/wordpress.nibis.de\/gsjowolf\/wp-json\/wp\/v2\/posts\/2800\/revisions\/2801"}],"wp:attachment":[{"href":"https:\/\/wordpress.nibis.de\/gsjowolf\/wp-json\/wp\/v2\/media?parent=2800"}],"wp:term":[{"taxonomy":"category","embeddable":true,"href":"https:\/\/wordpress.nibis.de\/gsjowolf\/wp-json\/wp\/v2\/categories?post=2800"},{"taxonomy":"post_tag","embeddable":true,"href":"https:\/\/wordpress.nibis.de\/gsjowolf\/wp-json\/wp\/v2\/tags?post=2800"}],"curies":[{"name":"wp","href":"https:\/\/api.w.org\/{rel}","templated":true}]}}