{"id":3709,"date":"2021-04-21T14:01:47","date_gmt":"2021-04-21T12:01:47","guid":{"rendered":"https:\/\/wordpress.nibis.de\/gskleebl\/?p=3709"},"modified":"2021-04-21T14:01:47","modified_gmt":"2021-04-21T12:01:47","slug":"kein-praesenzunterricht-am-do-22-04-und-fr-23-04","status":"publish","type":"post","link":"https:\/\/wordpress.nibis.de\/gskleebl\/kein-praesenzunterricht-am-do-22-04-und-fr-23-04\/","title":{"rendered":"Kein Pr\u00e4senzunterricht am Do 22.04. und Fr. 23.04. !!!"},"content":{"rendered":"<p class=\"s10\" style=\"text-align: justify\"><span style=\"font-family: verdana, geneva, sans-serif;font-size: 12pt\">Aufgrund mehrerer noch ungekl\u00e4rter Corona-Verdachtsf\u00e4lle in Markoldendorf, die auch unsere Schule betreffen, und mehreren krankheitsbedingten Ausf\u00e4llen im Kollegium, wird es am Donnerstag 22.04.21 und Freitag 23.04.2021 keinen Pr\u00e4senzunterricht an der Kleeblattgrundschule geben.<\/span><\/p>\n<p style=\"text-align: justify\"><strong><span style=\"font-family: verdana, geneva, sans-serif;font-size: 12pt\">Keine Schule am Donnerstag 22.04.21 und Freitag 23.04.2021!<\/span><\/strong><\/p>\n<p style=\"text-align: justify\"><span style=\"font-family: verdana, geneva, sans-serif;font-size: 12pt\">Wir richten eine <b>Notbetreuung<\/b> in der Zeit von 7.40-12.40 Uhr ein. Alle Kinder und Mitarbeiter d\u00fcrfen an diesen beiden Tagen die Schule nur mit einem morgens gemachten negativen Corona-Selbsttest betreten. Bitte melden Sie Ihr Kind f\u00fcr die Notbetreuung bis Mittwoch-Abend 20.00 Uhr durch eine E-Mail an <u>&#x67;s&#x2e;m&#x61;&#114;&#x6b;&#111;l&#x64;e&#x6e;&#100;&#x6f;&#114;&#x66;&#64;t&#x2d;o&#x6e;&#108;&#x69;&#110;&#x65;&#x2e;d&#x65;<\/u> an.\u00a0<\/span><\/p>\n<p style=\"text-align: justify\"><span style=\"font-family: verdana, geneva, sans-serif;font-size: 12pt\">Die Klassenlehrkr\u00e4fte sind \u00fcber die bekannten Wege f\u00fcr Sie erreichbar und werden Ihren Kindern Aufgaben f\u00fcr die beiden Tage bereitstellen. Unser Sekretariat ist ebenfalls regul\u00e4r besetzt.<\/span><\/p>\n<p style=\"text-align: justify\"><span style=\"font-family: verdana, geneva, sans-serif;font-size: 12pt\">Wir planen ab Montag 26.04.21 wieder den Betrieb aufnehmen zu k\u00f6nnen.<\/span><\/p>\n<p style=\"text-align: justify\"><span style=\"font-family: verdana, geneva, sans-serif;font-size: 12pt\">Mit freundlichen Gr\u00fc\u00dfen<\/span><\/p>\n<p class=\"s10\" style=\"text-align: justify\"><span style=\"font-family: verdana, geneva, sans-serif;font-size: 12pt\">Philipp Trompell &#8211; Schulleiter<\/span><\/p>\n","protected":false},"excerpt":{"rendered":"<p>Aufgrund mehrerer noch ungekl\u00e4rter Corona-Verdachtsf\u00e4lle in Markoldendorf, die auch unsere Schule betreffen, und mehreren krankheitsbedingten Ausf\u00e4llen im Kollegium, wird es am Donnerstag 22.04.21 und Freitag 23.04.2021 keinen Pr\u00e4senzunterricht an der Kleeblattgrundschule geben. Keine Schule am Donnerstag 22.04.21 und Freitag 23.04.2021! &hellip; <a href=\"https:\/\/wordpress.nibis.de\/gskleebl\/kein-praesenzunterricht-am-do-22-04-und-fr-23-04\/\">Weiterlesen <span class=\"meta-nav\">&rarr;<\/span><\/a><\/p>\n","protected":false},"author":722,"featured_media":0,"comment_status":"closed","ping_status":"closed","sticky":false,"template":"","format":"standard","meta":{"footnotes":""},"categories":[1],"tags":[],"class_list":["post-3709","post","type-post","status-publish","format-standard","hentry","category-allgemein"],"_links":{"self":[{"href":"https:\/\/wordpress.nibis.de\/gskleebl\/wp-json\/wp\/v2\/posts\/3709","targetHints":{"allow":["GET"]}}],"collection":[{"href":"https:\/\/wordpress.nibis.de\/gskleebl\/wp-json\/wp\/v2\/posts"}],"about":[{"href":"https:\/\/wordpress.nibis.de\/gskleebl\/wp-json\/wp\/v2\/types\/post"}],"author":[{"embeddable":true,"href":"https:\/\/wordpress.nibis.de\/gskleebl\/wp-json\/wp\/v2\/users\/722"}],"replies":[{"embeddable":true,"href":"https:\/\/wordpress.nibis.de\/gskleebl\/wp-json\/wp\/v2\/comments?post=3709"}],"version-history":[{"count":4,"href":"https:\/\/wordpress.nibis.de\/gskleebl\/wp-json\/wp\/v2\/posts\/3709\/revisions"}],"predecessor-version":[{"id":3713,"href":"https:\/\/wordpress.nibis.de\/gskleebl\/wp-json\/wp\/v2\/posts\/3709\/revisions\/3713"}],"wp:attachment":[{"href":"https:\/\/wordpress.nibis.de\/gskleebl\/wp-json\/wp\/v2\/media?parent=3709"}],"wp:term":[{"taxonomy":"category","embeddable":true,"href":"https:\/\/wordpress.nibis.de\/gskleebl\/wp-json\/wp\/v2\/categories?post=3709"},{"taxonomy":"post_tag","embeddable":true,"href":"https:\/\/wordpress.nibis.de\/gskleebl\/wp-json\/wp\/v2\/tags?post=3709"}],"curies":[{"name":"wp","href":"https:\/\/api.w.org\/{rel}","templated":true}]}}