{"id":3736,"date":"2021-05-21T08:16:06","date_gmt":"2021-05-21T06:16:06","guid":{"rendered":"https:\/\/wordpress.nibis.de\/gskleebl\/?p=3736"},"modified":"2021-05-21T08:16:06","modified_gmt":"2021-05-21T06:16:06","slug":"ferienbetreuung-2021-in-dassel","status":"publish","type":"post","link":"https:\/\/wordpress.nibis.de\/gskleebl\/ferienbetreuung-2021-in-dassel\/","title":{"rendered":"Ferienbetreuung 2021 in Dassel"},"content":{"rendered":"<p style=\"text-align: justify\"><span style=\"font-family: verdana, geneva, sans-serif\">In den Sommerferien 2021 wird in der Zeit vom 26.07. \u2013 27.08.2021 f\u00fcr Grundschulkinder und Kinder aus dem Stadtgebiet Dassel, die im Sommer 2021 eingeschult werden, wieder eine verl\u00e4ssliche Betreuung in der Grundschule Markoldendorf angeboten. Die Betreuung findet t\u00e4glich in der Zeit von 7:30 \u2013 13:30 Uhr statt.<\/span><\/p>\n<p style=\"text-align: justify\"><span style=\"font-family: verdana, geneva, sans-serif\">Die Anmeldungen k\u00f6nnen bis zum 01.06.2021 \u00fcber die Homepage der Stadt Dassel durchgef\u00fchrt werden. W\u00e4hlen Sie den Link \u201ezum Ferienprogramm\u201c aus und registrieren Sie sich dort. Anschlie\u00dfend k\u00f6nnen f\u00fcr die Ferienbetreuung Anmeldungen f\u00fcr die jeweilige Ferienwoche durchgef\u00fchrt werden. Die Anmeldung kann nur f\u00fcr volle Wochen \u2013 nicht f\u00fcr einzelne Tage erfolgen. Pro Woche stehen 10 Pl\u00e4tze zur Verf\u00fcgung. Nach dem 01.06.2021 werden nach Reihenfolge der Anmeldung die Pl\u00e4tze vergeben. Sie werden informiert und k\u00f6nnen im Portal nachsehen, in welcher Woche Ihr Kind einen Platz erhalten hat. Die Geb\u00fchren werden nach dem Einkommen gestaffelt und in einem Bescheid festgelegt.<\/span><\/p>\n<p style=\"text-align: justify\"><span style=\"font-family: verdana, geneva, sans-serif\">Die Betreuung ist abh\u00e4ngig von den Inzidenzwerten im Landkreis Northeim und richtet sich nach der jeweils g\u00fcltigen Fassung der Nieders\u00e4chsischen Verordnung \u00fcber Ma\u00dfnahmen zur Eind\u00e4mmung des Corona-Virus SARS-CoV-2 (Nieders\u00e4chsische Corona-Verordnung).<\/span><\/p>\n","protected":false},"excerpt":{"rendered":"<p>In den Sommerferien 2021 wird in der Zeit vom 26.07. \u2013 27.08.2021 f\u00fcr Grundschulkinder und Kinder aus dem Stadtgebiet Dassel, die im Sommer 2021 eingeschult werden, wieder eine verl\u00e4ssliche Betreuung in der Grundschule Markoldendorf angeboten. Die Betreuung findet t\u00e4glich in &hellip; <a href=\"https:\/\/wordpress.nibis.de\/gskleebl\/ferienbetreuung-2021-in-dassel\/\">Weiterlesen <span class=\"meta-nav\">&rarr;<\/span><\/a><\/p>\n","protected":false},"author":722,"featured_media":0,"comment_status":"closed","ping_status":"closed","sticky":false,"template":"","format":"standard","meta":{"footnotes":""},"categories":[1],"tags":[],"class_list":["post-3736","post","type-post","status-publish","format-standard","hentry","category-allgemein"],"_links":{"self":[{"href":"https:\/\/wordpress.nibis.de\/gskleebl\/wp-json\/wp\/v2\/posts\/3736","targetHints":{"allow":["GET"]}}],"collection":[{"href":"https:\/\/wordpress.nibis.de\/gskleebl\/wp-json\/wp\/v2\/posts"}],"about":[{"href":"https:\/\/wordpress.nibis.de\/gskleebl\/wp-json\/wp\/v2\/types\/post"}],"author":[{"embeddable":true,"href":"https:\/\/wordpress.nibis.de\/gskleebl\/wp-json\/wp\/v2\/users\/722"}],"replies":[{"embeddable":true,"href":"https:\/\/wordpress.nibis.de\/gskleebl\/wp-json\/wp\/v2\/comments?post=3736"}],"version-history":[{"count":1,"href":"https:\/\/wordpress.nibis.de\/gskleebl\/wp-json\/wp\/v2\/posts\/3736\/revisions"}],"predecessor-version":[{"id":3737,"href":"https:\/\/wordpress.nibis.de\/gskleebl\/wp-json\/wp\/v2\/posts\/3736\/revisions\/3737"}],"wp:attachment":[{"href":"https:\/\/wordpress.nibis.de\/gskleebl\/wp-json\/wp\/v2\/media?parent=3736"}],"wp:term":[{"taxonomy":"category","embeddable":true,"href":"https:\/\/wordpress.nibis.de\/gskleebl\/wp-json\/wp\/v2\/categories?post=3736"},{"taxonomy":"post_tag","embeddable":true,"href":"https:\/\/wordpress.nibis.de\/gskleebl\/wp-json\/wp\/v2\/tags?post=3736"}],"curies":[{"name":"wp","href":"https:\/\/api.w.org\/{rel}","templated":true}]}}