{"id":3796,"date":"2021-08-26T13:18:17","date_gmt":"2021-08-26T11:18:17","guid":{"rendered":"https:\/\/wordpress.nibis.de\/gskleebl\/?p=3796"},"modified":"2021-08-26T13:18:17","modified_gmt":"2021-08-26T11:18:17","slug":"wichtige-hinweise-zu-den-einschulungsfeierlichkeiten-am-04-09-21","status":"publish","type":"post","link":"https:\/\/wordpress.nibis.de\/gskleebl\/wichtige-hinweise-zu-den-einschulungsfeierlichkeiten-am-04-09-21\/","title":{"rendered":"Wichtige Hinweise zu den Einschulungsfeierlichkeiten am 04.09.21"},"content":{"rendered":"<p class=\"Text\" style=\"text-align: justify\"><span style=\"font-size: 12.0pt;font-family: 'Arial',sans-serif\">Liebe Eltern und G\u00e4ste der Einschulungsfeiern am 04.09.2021. Auf folgende erg\u00e4nzende Regelungen m\u00fcssen wir Sie aufmerksam machen: <\/span><\/p>\n<p class=\"Text\" style=\"text-align: justify\"><b><span style=\"font-size: 12.0pt;font-family: 'Arial',sans-serif\">\u201eDie Eltern sind darauf hinzuweisen, dass sie und andere teilnehmenden Gste an der Einschulung nur mit einem negativen Testnachweis (PCR-Test 48 Stunden g\u00fcltig oder PoC-Antigen-Test 24 Stunden g\u00fcltig) oder einem Impfnachweis (gem\u00e4\u00df \u00a7 2 Nr. 3 SchAusnahmV) oder einem Genesenennachweis (gem\u00e4\u00df \u00a7 2 Nr. 5 SchAufnahmV) die Schule betreten d\u00fcrfen. Kinder bis zur Vollendung des 6. Lebensjahres sind von der Testpflicht ausgenommen.\u201c<\/span><\/b><\/p>\n<p class=\"Text\" style=\"text-align: justify\"><span style=\"font-size: 12.0pt;font-family: 'Arial',sans-serif\">F\u00fcr die zuk\u00fcnftigen Erstkl\u00e4ssler werden Ihnen Selbsttests am Donnerstag und Freitag (02.+ 03.09.21) in der Schule zur Abholung bereitgestellt. Diese Selbst-Tests reichen f\u00fcr die Sch\u00fclerinnen und Sch\u00fcler aus. <\/span><\/p>\n","protected":false},"excerpt":{"rendered":"<p>Liebe Eltern und G\u00e4ste der Einschulungsfeiern am 04.09.2021. Auf folgende erg\u00e4nzende Regelungen m\u00fcssen wir Sie aufmerksam machen: \u201eDie Eltern sind darauf hinzuweisen, dass sie und andere teilnehmenden Gste an der Einschulung nur mit einem negativen Testnachweis (PCR-Test 48 Stunden g\u00fcltig &hellip; <a href=\"https:\/\/wordpress.nibis.de\/gskleebl\/wichtige-hinweise-zu-den-einschulungsfeierlichkeiten-am-04-09-21\/\">Weiterlesen <span class=\"meta-nav\">&rarr;<\/span><\/a><\/p>\n","protected":false},"author":722,"featured_media":0,"comment_status":"closed","ping_status":"closed","sticky":false,"template":"","format":"standard","meta":{"footnotes":""},"categories":[1],"tags":[],"class_list":["post-3796","post","type-post","status-publish","format-standard","hentry","category-allgemein"],"_links":{"self":[{"href":"https:\/\/wordpress.nibis.de\/gskleebl\/wp-json\/wp\/v2\/posts\/3796","targetHints":{"allow":["GET"]}}],"collection":[{"href":"https:\/\/wordpress.nibis.de\/gskleebl\/wp-json\/wp\/v2\/posts"}],"about":[{"href":"https:\/\/wordpress.nibis.de\/gskleebl\/wp-json\/wp\/v2\/types\/post"}],"author":[{"embeddable":true,"href":"https:\/\/wordpress.nibis.de\/gskleebl\/wp-json\/wp\/v2\/users\/722"}],"replies":[{"embeddable":true,"href":"https:\/\/wordpress.nibis.de\/gskleebl\/wp-json\/wp\/v2\/comments?post=3796"}],"version-history":[{"count":1,"href":"https:\/\/wordpress.nibis.de\/gskleebl\/wp-json\/wp\/v2\/posts\/3796\/revisions"}],"predecessor-version":[{"id":3797,"href":"https:\/\/wordpress.nibis.de\/gskleebl\/wp-json\/wp\/v2\/posts\/3796\/revisions\/3797"}],"wp:attachment":[{"href":"https:\/\/wordpress.nibis.de\/gskleebl\/wp-json\/wp\/v2\/media?parent=3796"}],"wp:term":[{"taxonomy":"category","embeddable":true,"href":"https:\/\/wordpress.nibis.de\/gskleebl\/wp-json\/wp\/v2\/categories?post=3796"},{"taxonomy":"post_tag","embeddable":true,"href":"https:\/\/wordpress.nibis.de\/gskleebl\/wp-json\/wp\/v2\/tags?post=3796"}],"curies":[{"name":"wp","href":"https:\/\/api.w.org\/{rel}","templated":true}]}}