{"id":3853,"date":"2021-09-10T08:10:41","date_gmt":"2021-09-10T06:10:41","guid":{"rendered":"https:\/\/wordpress.nibis.de\/gskleebl\/?p=3853"},"modified":"2021-09-10T08:10:41","modified_gmt":"2021-09-10T06:10:41","slug":"einschulung-unserer-erstklaessler-2021","status":"publish","type":"post","link":"https:\/\/wordpress.nibis.de\/gskleebl\/einschulung-unserer-erstklaessler-2021\/","title":{"rendered":"Einschulung unserer Erstkl\u00e4ssler 2021"},"content":{"rendered":"<p><img loading=\"lazy\" decoding=\"async\" class=\"alignnone  wp-image-3856\" src=\"https:\/\/wordpress.nibis.de\/gskleebl\/files\/2021\/09\/Erstklaessler-2021-300x169.jpeg\" alt=\"\" width=\"627\" height=\"353\" srcset=\"https:\/\/wordpress.nibis.de\/gskleebl\/files\/2021\/09\/Erstklaessler-2021-300x169.jpeg 300w, https:\/\/wordpress.nibis.de\/gskleebl\/files\/2021\/09\/Erstklaessler-2021-640x360.jpeg 640w, https:\/\/wordpress.nibis.de\/gskleebl\/files\/2021\/09\/Erstklaessler-2021-768x432.jpeg 768w, https:\/\/wordpress.nibis.de\/gskleebl\/files\/2021\/09\/Erstklaessler-2021-1536x864.jpeg 1536w, https:\/\/wordpress.nibis.de\/gskleebl\/files\/2021\/09\/Erstklaessler-2021.jpeg 1600w\" sizes=\"auto, (max-width: 627px) 100vw, 627px\" \/><\/p>\n<p style=\"text-align: justify\"><span style=\"font-family: verdana, geneva, sans-serif\">Am Samstag, den 04.09.2021 wurden auch in Markoldendorf die neuen Erstkl\u00e4ssler eingeschult und herzlich an der Kleeblattgrundschule willkommen gehei\u00dfen. Coronabedingt gab es f\u00fcr jede Klasse zuerst einen eigenen Gottesdienst in der Martinskirche und anschlie\u00dfend eine Einschulungszeremonie mit anschlie\u00dfender Kennenlernstunde und Catering des F\u00f6rdervereins in der Kleeblattgrundschule. Die Einschulungsgottesdienste standen dieses Jahr unter dem Motto \u201eDu stellst meine F\u00fc\u00dfe auf weiten Raum\u201c und wurden von Pastor Christian Coenen und seinem Team gestaltet. In der herausfordernden Zeit, die wir durchleben, w\u00fcnschen wir besonders den Kindern Freiheit und Raum, um sich entfalten zu k\u00f6nnen.<\/span><\/p>\n<p style=\"text-align: justify\"><span style=\"font-family: verdana, geneva, sans-serif\">Nach dem Gottesdienst spazierten die Erstkl\u00e4ssler mit ihren Familien und G\u00e4sten zur Kleeblattgrundschule hin\u00fcber und wurde dort von Schulleiter Philipp Trompell herzlich in der Aula willkommen gehei\u00dfen. In einem Begr\u00fc\u00dfungsfilm kamen alle \u00e4lteren Kinder der Kleeblattgrundschule zu Wort und begr\u00fc\u00dften so die Neuank\u00f6mmlinge mit freundlichen Worten und dem Versprechen sich in der Schule gut um sie zu k\u00fcmmern. In seinen Begr\u00fc\u00dfungsworten \u00fcberraschte Schulleiter Trompell die geladenen G\u00e4ste mit einem Zaubertrick und gab den Schulanf\u00e4ngern mit Vergleichen aus dem Tierreich drei Tipps f\u00fcr ihren Schulstart. Viele Lacher gab es, als die Kinder, die bis dahin glaubten noch nicht lesen zu k\u00f6nnen, bekannte Firmenlogos \u201evorlesen\u201c konnten.\u00a0<\/span><\/p>\n<p style=\"text-align: justify\"><span style=\"font-family: verdana, geneva, sans-serif\">Anschlie\u00dfend riefen die beiden Klassenlehrerinnen Ulrike Washausen und Regina M\u00f6ller ihre neuen Klassen zum ersten Mal zusammen und verbrachten mit ihnen die erste Schulstunde in ihren Klassenzimmern. Die G\u00e4ste und Familien wurden parallel dazu auf dem immer sonniger werdenden Schulhof vom F\u00f6rderverein mit Canapes und Getr\u00e4nken versorgt.<\/span><\/p>\n<p style=\"text-align: justify\"><span style=\"font-family: verdana, geneva, sans-serif\">Wir bedanken uns bei allen Beteiligten f\u00fcr die sch\u00f6ne Feier und w\u00fcnschen den neuen Erstkl\u00e4sslern viel Freude und einen guten Start in unserer Schule. Herzlich willkommen!<\/span><\/p>\n<p><img loading=\"lazy\" decoding=\"async\" class=\"alignnone  wp-image-3854\" src=\"https:\/\/wordpress.nibis.de\/gskleebl\/files\/2021\/09\/Klasse-1a-300x211.jpeg\" alt=\"\" width=\"323\" height=\"227\" srcset=\"https:\/\/wordpress.nibis.de\/gskleebl\/files\/2021\/09\/Klasse-1a-300x211.jpeg 300w, https:\/\/wordpress.nibis.de\/gskleebl\/files\/2021\/09\/Klasse-1a-640x451.jpeg 640w, https:\/\/wordpress.nibis.de\/gskleebl\/files\/2021\/09\/Klasse-1a-768x541.jpeg 768w, https:\/\/wordpress.nibis.de\/gskleebl\/files\/2021\/09\/Klasse-1a-1536x1081.jpeg 1536w, https:\/\/wordpress.nibis.de\/gskleebl\/files\/2021\/09\/Klasse-1a-2048x1442.jpeg 2048w\" sizes=\"auto, (max-width: 323px) 100vw, 323px\" \/> <img loading=\"lazy\" decoding=\"async\" class=\"alignnone size-medium wp-image-3855\" src=\"https:\/\/wordpress.nibis.de\/gskleebl\/files\/2021\/09\/Klasse-1b-300x225.jpeg\" alt=\"\" width=\"300\" height=\"225\" srcset=\"https:\/\/wordpress.nibis.de\/gskleebl\/files\/2021\/09\/Klasse-1b-300x225.jpeg 300w, https:\/\/wordpress.nibis.de\/gskleebl\/files\/2021\/09\/Klasse-1b-640x480.jpeg 640w, https:\/\/wordpress.nibis.de\/gskleebl\/files\/2021\/09\/Klasse-1b-768x576.jpeg 768w, https:\/\/wordpress.nibis.de\/gskleebl\/files\/2021\/09\/Klasse-1b-1536x1152.jpeg 1536w, https:\/\/wordpress.nibis.de\/gskleebl\/files\/2021\/09\/Klasse-1b-2048x1536.jpeg 2048w\" sizes=\"auto, (max-width: 300px) 100vw, 300px\" \/><\/p>\n","protected":false},"excerpt":{"rendered":"<p>Am Samstag, den 04.09.2021 wurden auch in Markoldendorf die neuen Erstkl\u00e4ssler eingeschult und herzlich an der Kleeblattgrundschule willkommen gehei\u00dfen. Coronabedingt gab es f\u00fcr jede Klasse zuerst einen eigenen Gottesdienst in der Martinskirche und anschlie\u00dfend eine Einschulungszeremonie mit anschlie\u00dfender Kennenlernstunde und &hellip; <a href=\"https:\/\/wordpress.nibis.de\/gskleebl\/einschulung-unserer-erstklaessler-2021\/\">Weiterlesen <span class=\"meta-nav\">&rarr;<\/span><\/a><\/p>\n","protected":false},"author":722,"featured_media":0,"comment_status":"closed","ping_status":"closed","sticky":false,"template":"","format":"standard","meta":{"footnotes":""},"categories":[1],"tags":[],"class_list":["post-3853","post","type-post","status-publish","format-standard","hentry","category-allgemein"],"_links":{"self":[{"href":"https:\/\/wordpress.nibis.de\/gskleebl\/wp-json\/wp\/v2\/posts\/3853","targetHints":{"allow":["GET"]}}],"collection":[{"href":"https:\/\/wordpress.nibis.de\/gskleebl\/wp-json\/wp\/v2\/posts"}],"about":[{"href":"https:\/\/wordpress.nibis.de\/gskleebl\/wp-json\/wp\/v2\/types\/post"}],"author":[{"embeddable":true,"href":"https:\/\/wordpress.nibis.de\/gskleebl\/wp-json\/wp\/v2\/users\/722"}],"replies":[{"embeddable":true,"href":"https:\/\/wordpress.nibis.de\/gskleebl\/wp-json\/wp\/v2\/comments?post=3853"}],"version-history":[{"count":1,"href":"https:\/\/wordpress.nibis.de\/gskleebl\/wp-json\/wp\/v2\/posts\/3853\/revisions"}],"predecessor-version":[{"id":3857,"href":"https:\/\/wordpress.nibis.de\/gskleebl\/wp-json\/wp\/v2\/posts\/3853\/revisions\/3857"}],"wp:attachment":[{"href":"https:\/\/wordpress.nibis.de\/gskleebl\/wp-json\/wp\/v2\/media?parent=3853"}],"wp:term":[{"taxonomy":"category","embeddable":true,"href":"https:\/\/wordpress.nibis.de\/gskleebl\/wp-json\/wp\/v2\/categories?post=3853"},{"taxonomy":"post_tag","embeddable":true,"href":"https:\/\/wordpress.nibis.de\/gskleebl\/wp-json\/wp\/v2\/tags?post=3853"}],"curies":[{"name":"wp","href":"https:\/\/api.w.org\/{rel}","templated":true}]}}