{"id":4050,"date":"2022-04-11T08:06:17","date_gmt":"2022-04-11T06:06:17","guid":{"rendered":"https:\/\/wordpress.nibis.de\/gskleebl\/?p=4050"},"modified":"2022-05-10T09:43:48","modified_gmt":"2022-05-10T07:43:48","slug":"sponsoring-projekt-schulhofgestaltung-2022","status":"publish","type":"post","link":"https:\/\/wordpress.nibis.de\/gskleebl\/sponsoring-projekt-schulhofgestaltung-2022\/","title":{"rendered":"Sponsoring &#8211; Projekt \/ Schulhofgestaltung 2022"},"content":{"rendered":"<p style=\"text-align: justify\"><span style=\"font-family: verdana, geneva, sans-serif\">Gemeinsam mit der Schulleitung, den Lehrern und der Sch\u00fclervertretung wurden die<\/span>\u00a0<span style=\"font-family: verdana, geneva, sans-serif\">W\u00fcnsche an den F\u00f6rderverein herangetragen. Auf dieser Basis hat der F\u00f6rderverein ein<\/span>\u00a0<span style=\"font-family: verdana, geneva, sans-serif\">Konzept ausgearbeitet und mit dem Tr\u00e4ger der Schule (Stadt Dassel) abgestimmt:<\/span><\/p>\n<p style=\"text-align: justify\"><span style=\"font-family: verdana, geneva, sans-serif\">Es sollen eine Kletterpyramide sowie ein Balancierparcours in zwei Bauabschnitten errichtet werden.<\/span><\/p>\n<div id=\"attachment_4044\" style=\"width: 650px\" class=\"wp-caption alignnone\"><img loading=\"lazy\" decoding=\"async\" aria-describedby=\"caption-attachment-4044\" class=\"wp-image-4044 size-large\" src=\"https:\/\/wordpress.nibis.de\/gskleebl\/files\/2022\/04\/Planung-Schulhof-2022-1-1-640x265.jpg\" alt=\"\" width=\"640\" height=\"265\" srcset=\"https:\/\/wordpress.nibis.de\/gskleebl\/files\/2022\/04\/Planung-Schulhof-2022-1-1-640x265.jpg 640w, https:\/\/wordpress.nibis.de\/gskleebl\/files\/2022\/04\/Planung-Schulhof-2022-1-1-300x124.jpg 300w, https:\/\/wordpress.nibis.de\/gskleebl\/files\/2022\/04\/Planung-Schulhof-2022-1-1-768x318.jpg 768w, https:\/\/wordpress.nibis.de\/gskleebl\/files\/2022\/04\/Planung-Schulhof-2022-1-1.jpg 1042w\" sizes=\"auto, (max-width: 640px) 100vw, 640px\" \/><p id=\"caption-attachment-4044\" class=\"wp-caption-text\"><span style=\"font-family: verdana, geneva, sans-serif\">Planung Schulhof 2022<\/span><\/p><\/div>\n<p style=\"text-align: justify\"><span style=\"font-family: verdana, geneva, sans-serif\">Bisher gewonnene F\u00f6rderer des Projektes <\/span><span style=\"font-family: verdana, geneva, sans-serif\">&#8211; Herzlichen Dank f\u00fcr die Unterst\u00fctzung:<\/span><\/p>\n<p style=\"text-align: justify\"><span style=\"font-family: verdana, geneva, sans-serif\">Regionalstiftung der Nieders\u00e4chsischen Sparkassen <img loading=\"lazy\" decoding=\"async\" class=\" wp-image-4047 alignleft\" src=\"https:\/\/wordpress.nibis.de\/gskleebl\/files\/2022\/04\/Regionalstiftung-Sparkasse-Nds-300x173.jpg\" alt=\"\" width=\"175\" height=\"101\" srcset=\"https:\/\/wordpress.nibis.de\/gskleebl\/files\/2022\/04\/Regionalstiftung-Sparkasse-Nds-300x173.jpg 300w, https:\/\/wordpress.nibis.de\/gskleebl\/files\/2022\/04\/Regionalstiftung-Sparkasse-Nds-640x369.jpg 640w, https:\/\/wordpress.nibis.de\/gskleebl\/files\/2022\/04\/Regionalstiftung-Sparkasse-Nds-768x443.jpg 768w, https:\/\/wordpress.nibis.de\/gskleebl\/files\/2022\/04\/Regionalstiftung-Sparkasse-Nds-1536x885.jpg 1536w, https:\/\/wordpress.nibis.de\/gskleebl\/files\/2022\/04\/Regionalstiftung-Sparkasse-Nds.jpg 1562w\" sizes=\"auto, (max-width: 175px) 100vw, 175px\" \/><\/span><\/p>\n<p>&nbsp;<\/p>\n<p>&nbsp;<\/p>\n<p style=\"text-align: justify\"><span style=\"font-family: verdana, geneva, sans-serif\"><img loading=\"lazy\" decoding=\"async\" class=\"wp-image-4046 alignleft\" src=\"https:\/\/wordpress.nibis.de\/gskleebl\/files\/2022\/04\/Jugenstiftung-LK-NOM-300x230.jpg\" alt=\"\" width=\"171\" height=\"132\" srcset=\"https:\/\/wordpress.nibis.de\/gskleebl\/files\/2022\/04\/Jugenstiftung-LK-NOM-300x230.jpg 300w, https:\/\/wordpress.nibis.de\/gskleebl\/files\/2022\/04\/Jugenstiftung-LK-NOM.jpg 318w\" sizes=\"auto, (max-width: 171px) 100vw, 171px\" \/> Jugendstiftung Landkreis Northeim<\/span><\/p>\n<p>&nbsp;<\/p>\n<p>&nbsp;<\/p>\n<p>&nbsp;<\/p>\n<p style=\"text-align: justify\"><span style=\"font-family: verdana, geneva, sans-serif\">Auf Grund des hohen Investitionsaufkommens sind weitere Unterst\u00fctzungen erforderlich.<\/span><\/p>\n<pre><span style=\"font-family: verdana, geneva, sans-serif\"><strong>Kontoverbindung des F\u00f6rdervereins Kleeblattgrundschule Markoldendorf e.V.:<\/strong>\r\nVolksbank Seesen eG\r\nIBAN DE74 2789 3760 0060 1616 00<\/span><\/pre>\n<p style=\"text-align: justify\"><span style=\"font-family: verdana, geneva, sans-serif\">Bitte geben Sie bei Ihrer Spende als Betreff: <strong>Schulhofprojekt<\/strong> ein\u00a0ab 200,&#8211; \u20ac stellen wir Spendenquittungen auf Wunsch aus.<\/span><\/p>\n<p><span style=\"font-family: verdana, geneva, sans-serif\">(F\u00f6rderverein der Kleeblattgrundschule Markoldendorf)<\/span><\/p>\n","protected":false},"excerpt":{"rendered":"<p>Gemeinsam mit der Schulleitung, den Lehrern und der Sch\u00fclervertretung wurden die\u00a0W\u00fcnsche an den F\u00f6rderverein herangetragen. Auf dieser Basis hat der F\u00f6rderverein ein\u00a0Konzept ausgearbeitet und mit dem Tr\u00e4ger der Schule (Stadt Dassel) abgestimmt: Es sollen eine Kletterpyramide sowie ein Balancierparcours in &hellip; <a href=\"https:\/\/wordpress.nibis.de\/gskleebl\/sponsoring-projekt-schulhofgestaltung-2022\/\">Weiterlesen <span class=\"meta-nav\">&rarr;<\/span><\/a><\/p>\n","protected":false},"author":722,"featured_media":0,"comment_status":"closed","ping_status":"closed","sticky":false,"template":"","format":"standard","meta":{"footnotes":""},"categories":[1],"tags":[],"class_list":["post-4050","post","type-post","status-publish","format-standard","hentry","category-allgemein"],"_links":{"self":[{"href":"https:\/\/wordpress.nibis.de\/gskleebl\/wp-json\/wp\/v2\/posts\/4050","targetHints":{"allow":["GET"]}}],"collection":[{"href":"https:\/\/wordpress.nibis.de\/gskleebl\/wp-json\/wp\/v2\/posts"}],"about":[{"href":"https:\/\/wordpress.nibis.de\/gskleebl\/wp-json\/wp\/v2\/types\/post"}],"author":[{"embeddable":true,"href":"https:\/\/wordpress.nibis.de\/gskleebl\/wp-json\/wp\/v2\/users\/722"}],"replies":[{"embeddable":true,"href":"https:\/\/wordpress.nibis.de\/gskleebl\/wp-json\/wp\/v2\/comments?post=4050"}],"version-history":[{"count":6,"href":"https:\/\/wordpress.nibis.de\/gskleebl\/wp-json\/wp\/v2\/posts\/4050\/revisions"}],"predecessor-version":[{"id":4060,"href":"https:\/\/wordpress.nibis.de\/gskleebl\/wp-json\/wp\/v2\/posts\/4050\/revisions\/4060"}],"wp:attachment":[{"href":"https:\/\/wordpress.nibis.de\/gskleebl\/wp-json\/wp\/v2\/media?parent=4050"}],"wp:term":[{"taxonomy":"category","embeddable":true,"href":"https:\/\/wordpress.nibis.de\/gskleebl\/wp-json\/wp\/v2\/categories?post=4050"},{"taxonomy":"post_tag","embeddable":true,"href":"https:\/\/wordpress.nibis.de\/gskleebl\/wp-json\/wp\/v2\/tags?post=4050"}],"curies":[{"name":"wp","href":"https:\/\/api.w.org\/{rel}","templated":true}]}}