{"id":4254,"date":"2023-11-29T21:42:15","date_gmt":"2023-11-29T20:42:15","guid":{"rendered":"https:\/\/wordpress.nibis.de\/gskleebl\/?p=4254"},"modified":"2023-11-29T21:50:19","modified_gmt":"2023-11-29T20:50:19","slug":"die-bremer-stadtmusikanten","status":"publish","type":"post","link":"https:\/\/wordpress.nibis.de\/gskleebl\/die-bremer-stadtmusikanten\/","title":{"rendered":"Die Bremer Stadtmusikanten"},"content":{"rendered":"<p><span style=\"font-family: verdana, geneva, sans-serif;font-size: 12pt\">Am 9. November war das Tournee Theater Hamburg bei uns an der Schule zu Gast und hat das Theaterst\u00fcck &#8222;Die Bremer Stadtmusikanten&#8220; aufgef\u00fchrt. Mit detailverliebten Kost\u00fcmen und bildgewaltigen Kulissen konnten die Kinder mit strahlenden Augen eine Darbietung erleben, wie man sie sonst nur in gro\u00dfen Theaterh\u00e4usern zusehen bekommt.<\/span><\/p>\n<div id='gallery-1' class='gallery galleryid-4254 gallery-columns-3 gallery-size-thumbnail'><dl class='gallery-item'>\n\t\t\t<dt class='gallery-icon landscape'>\n\t\t\t\t<a href='https:\/\/wordpress.nibis.de\/gskleebl\/die-bremer-stadtmusikanten\/img-20231109-wa0025\/'><img loading=\"lazy\" decoding=\"async\" width=\"150\" height=\"150\" src=\"https:\/\/wordpress.nibis.de\/gskleebl\/files\/2023\/11\/IMG-20231109-WA0025-150x150.jpg\" class=\"attachment-thumbnail size-thumbnail\" alt=\"\" aria-describedby=\"gallery-1-4259\" \/><\/a>\n\t\t\t<\/dt>\n\t\t\t\t<dd class='wp-caption-text gallery-caption' id='gallery-1-4259'>\n\t\t\t\tTournee Theater Hamburg\n\t\t\t\t<\/dd><\/dl><dl class='gallery-item'>\n\t\t\t<dt class='gallery-icon landscape'>\n\t\t\t\t<a href='https:\/\/wordpress.nibis.de\/gskleebl\/die-bremer-stadtmusikanten\/img-20231115-wa0011\/'><img loading=\"lazy\" decoding=\"async\" width=\"150\" height=\"150\" src=\"https:\/\/wordpress.nibis.de\/gskleebl\/files\/2023\/11\/IMG-20231115-WA0011-150x150.jpg\" class=\"attachment-thumbnail size-thumbnail\" alt=\"\" \/><\/a>\n\t\t\t<\/dt><\/dl><dl class='gallery-item'>\n\t\t\t<dt class='gallery-icon landscape'>\n\t\t\t\t<a href='https:\/\/wordpress.nibis.de\/gskleebl\/die-bremer-stadtmusikanten\/img-20231109-wa0023\/'><img loading=\"lazy\" decoding=\"async\" width=\"150\" height=\"150\" src=\"https:\/\/wordpress.nibis.de\/gskleebl\/files\/2023\/11\/IMG-20231109-WA0023-150x150.jpg\" class=\"attachment-thumbnail size-thumbnail\" alt=\"\" \/><\/a>\n\t\t\t<\/dt><\/dl><br style=\"clear: both\" \/><dl class='gallery-item'>\n\t\t\t<dt class='gallery-icon landscape'>\n\t\t\t\t<a href='https:\/\/wordpress.nibis.de\/gskleebl\/die-bremer-stadtmusikanten\/img-20231115-wa0009\/'><img loading=\"lazy\" decoding=\"async\" width=\"150\" height=\"150\" src=\"https:\/\/wordpress.nibis.de\/gskleebl\/files\/2023\/11\/IMG-20231115-WA0009-150x150.jpg\" class=\"attachment-thumbnail size-thumbnail\" alt=\"\" \/><\/a>\n\t\t\t<\/dt><\/dl><dl class='gallery-item'>\n\t\t\t<dt class='gallery-icon landscape'>\n\t\t\t\t<a href='https:\/\/wordpress.nibis.de\/gskleebl\/die-bremer-stadtmusikanten\/img-20231109-wa0008\/'><img loading=\"lazy\" decoding=\"async\" width=\"150\" height=\"150\" src=\"https:\/\/wordpress.nibis.de\/gskleebl\/files\/2023\/11\/IMG-20231109-WA0008-150x150.jpg\" class=\"attachment-thumbnail size-thumbnail\" alt=\"\" \/><\/a>\n\t\t\t<\/dt><\/dl><dl class='gallery-item'>\n\t\t\t<dt class='gallery-icon landscape'>\n\t\t\t\t<a href='https:\/\/wordpress.nibis.de\/gskleebl\/die-bremer-stadtmusikanten\/img-20231109-wa0014\/'><img loading=\"lazy\" decoding=\"async\" width=\"150\" height=\"150\" src=\"https:\/\/wordpress.nibis.de\/gskleebl\/files\/2023\/11\/IMG-20231109-WA0014-150x150.jpg\" class=\"attachment-thumbnail size-thumbnail\" alt=\"\" \/><\/a>\n\t\t\t<\/dt><\/dl><br style=\"clear: both\" \/><dl class='gallery-item'>\n\t\t\t<dt class='gallery-icon landscape'>\n\t\t\t\t<a href='https:\/\/wordpress.nibis.de\/gskleebl\/die-bremer-stadtmusikanten\/img-20231115-wa0012\/'><img loading=\"lazy\" decoding=\"async\" width=\"150\" height=\"150\" src=\"https:\/\/wordpress.nibis.de\/gskleebl\/files\/2023\/11\/IMG-20231115-WA0012-150x150.jpg\" class=\"attachment-thumbnail size-thumbnail\" alt=\"\" \/><\/a>\n\t\t\t<\/dt><\/dl><dl class='gallery-item'>\n\t\t\t<dt class='gallery-icon portrait'>\n\t\t\t\t<a href='https:\/\/wordpress.nibis.de\/gskleebl\/die-bremer-stadtmusikanten\/img-20231109-wa0006\/'><img loading=\"lazy\" decoding=\"async\" width=\"150\" height=\"150\" src=\"https:\/\/wordpress.nibis.de\/gskleebl\/files\/2023\/11\/IMG-20231109-WA0006-150x150.jpg\" class=\"attachment-thumbnail size-thumbnail\" alt=\"\" \/><\/a>\n\t\t\t<\/dt><\/dl>\n\t\t\t<br style='clear: both' \/>\n\t\t<\/div>\n\n","protected":false},"excerpt":{"rendered":"<p>Am 9. November war das Tournee Theater Hamburg bei uns an der Schule zu Gast und hat das Theaterst\u00fcck &#8222;Die Bremer Stadtmusikanten&#8220; aufgef\u00fchrt. Mit detailverliebten Kost\u00fcmen und bildgewaltigen Kulissen konnten die Kinder mit strahlenden Augen eine Darbietung erleben, wie man &hellip; <a href=\"https:\/\/wordpress.nibis.de\/gskleebl\/die-bremer-stadtmusikanten\/\">Weiterlesen <span class=\"meta-nav\">&rarr;<\/span><\/a><\/p>\n","protected":false},"author":722,"featured_media":0,"comment_status":"closed","ping_status":"closed","sticky":false,"template":"","format":"standard","meta":{"footnotes":""},"categories":[1],"tags":[],"class_list":["post-4254","post","type-post","status-publish","format-standard","hentry","category-allgemein"],"_links":{"self":[{"href":"https:\/\/wordpress.nibis.de\/gskleebl\/wp-json\/wp\/v2\/posts\/4254","targetHints":{"allow":["GET"]}}],"collection":[{"href":"https:\/\/wordpress.nibis.de\/gskleebl\/wp-json\/wp\/v2\/posts"}],"about":[{"href":"https:\/\/wordpress.nibis.de\/gskleebl\/wp-json\/wp\/v2\/types\/post"}],"author":[{"embeddable":true,"href":"https:\/\/wordpress.nibis.de\/gskleebl\/wp-json\/wp\/v2\/users\/722"}],"replies":[{"embeddable":true,"href":"https:\/\/wordpress.nibis.de\/gskleebl\/wp-json\/wp\/v2\/comments?post=4254"}],"version-history":[{"count":2,"href":"https:\/\/wordpress.nibis.de\/gskleebl\/wp-json\/wp\/v2\/posts\/4254\/revisions"}],"predecessor-version":[{"id":4264,"href":"https:\/\/wordpress.nibis.de\/gskleebl\/wp-json\/wp\/v2\/posts\/4254\/revisions\/4264"}],"wp:attachment":[{"href":"https:\/\/wordpress.nibis.de\/gskleebl\/wp-json\/wp\/v2\/media?parent=4254"}],"wp:term":[{"taxonomy":"category","embeddable":true,"href":"https:\/\/wordpress.nibis.de\/gskleebl\/wp-json\/wp\/v2\/categories?post=4254"},{"taxonomy":"post_tag","embeddable":true,"href":"https:\/\/wordpress.nibis.de\/gskleebl\/wp-json\/wp\/v2\/tags?post=4254"}],"curies":[{"name":"wp","href":"https:\/\/api.w.org\/{rel}","templated":true}]}}