{"id":507,"date":"2021-11-17T14:49:13","date_gmt":"2021-11-17T13:49:13","guid":{"rendered":"https:\/\/wordpress.nibis.de\/gskleinberkel\/?p=507"},"modified":"2021-11-17T14:49:13","modified_gmt":"2021-11-17T13:49:13","slug":"themenecke-umweltschutz","status":"publish","type":"post","link":"https:\/\/wordpress.nibis.de\/gskleinberkel\/2021\/11\/17\/themenecke-umweltschutz\/","title":{"rendered":"Themenecke Umweltschutz"},"content":{"rendered":"\n<figure class=\"wp-block-image size-large\"><img loading=\"lazy\" decoding=\"async\" width=\"1024\" height=\"768\" src=\"https:\/\/wordpress.nibis.de\/gskleinberkel\/files\/2021\/11\/C672EFBB-40A6-4207-BBBA-3FBB46D9E994-1024x768.jpeg\" alt=\"\" class=\"wp-image-508\" srcset=\"https:\/\/wordpress.nibis.de\/gskleinberkel\/files\/2021\/11\/C672EFBB-40A6-4207-BBBA-3FBB46D9E994-1024x768.jpeg 1024w, https:\/\/wordpress.nibis.de\/gskleinberkel\/files\/2021\/11\/C672EFBB-40A6-4207-BBBA-3FBB46D9E994-300x225.jpeg 300w, https:\/\/wordpress.nibis.de\/gskleinberkel\/files\/2021\/11\/C672EFBB-40A6-4207-BBBA-3FBB46D9E994-768x576.jpeg 768w, https:\/\/wordpress.nibis.de\/gskleinberkel\/files\/2021\/11\/C672EFBB-40A6-4207-BBBA-3FBB46D9E994-1536x1152.jpeg 1536w, https:\/\/wordpress.nibis.de\/gskleinberkel\/files\/2021\/11\/C672EFBB-40A6-4207-BBBA-3FBB46D9E994-2048x1536.jpeg 2048w, https:\/\/wordpress.nibis.de\/gskleinberkel\/files\/2021\/11\/C672EFBB-40A6-4207-BBBA-3FBB46D9E994-360x270.jpeg 360w\" sizes=\"auto, (max-width: 1024px) 100vw, 1024px\" \/><\/figure>\n\n\n\n<p>Seit heute k\u00f6nnen unsere Sch\u00fclerinnen und Sch\u00fcler beim Besuch der Schulb\u00fccherei in verschieden B\u00fcchern zum Thema Umweltschutz schm\u00f6kern. <br>Neben verschiedenen Sachb\u00fcchern gibt es auch die spannenden Umweltkrimis der Gr\u00fcnen Piraten. <br><\/p>\n\n\n\n<p>Die Gr\u00fcnen Piraten &#8211; so nennen sich die Freunde Pauline, Ben, Flora, Lennart und Jannik. Da, wo sie zum Schutz der Umwelt eingreifen, bleibt als Zeichen der gr\u00fcne Totenkopf zur\u00fcck. Bei ihren heimlichen Eins\u00e4tzen kommen sie immer wieder in brenzlige Situationen. Zum Gl\u00fcck gibt es da noch Miranda, die auf einem Hausboot lebt und f\u00fcr jedes Abenteuer zu haben ist.<br><\/p>\n\n\n\n<p><\/p>\n","protected":false},"excerpt":{"rendered":"<p>Seit heute k\u00f6nnen unsere Sch\u00fclerinnen und Sch\u00fcler beim Besuch der Schulb\u00fccherei in verschieden B\u00fcchern zum Thema Umweltschutz schm\u00f6kern. Neben verschiedenen Sachb\u00fcchern gibt es auch die spannenden Umweltkrimis der Gr\u00fcnen Piraten. Die Gr\u00fcnen Piraten &#8211; so nennen sich die Freunde Pauline, Ben, Flora, Lennart und Jannik. Da, wo sie zum Schutz der Umwelt eingreifen, bleibt als Zeichen der gr\u00fcne Totenkopf zur\u00fcck. Bei ihren heimlichen Eins\u00e4tzen kommen sie immer wieder in brenzlige Situationen. Zum Gl\u00fcck gibt es da noch Miranda, die auf&#8230;<\/p>\n<p class=\"read-more\"><a class=\"btn btn-default\" href=\"https:\/\/wordpress.nibis.de\/gskleinberkel\/2021\/11\/17\/themenecke-umweltschutz\/\">Weiterlesen<span class=\"screen-reader-text\"> Weiterlesen<\/span><\/a><\/p>\n","protected":false},"author":9193710,"featured_media":0,"comment_status":"closed","ping_status":"closed","sticky":false,"template":"","format":"standard","meta":{"footnotes":""},"categories":[1],"tags":[],"class_list":["post-507","post","type-post","status-publish","format-standard","hentry","category-allgemein"],"_links":{"self":[{"href":"https:\/\/wordpress.nibis.de\/gskleinberkel\/wp-json\/wp\/v2\/posts\/507","targetHints":{"allow":["GET"]}}],"collection":[{"href":"https:\/\/wordpress.nibis.de\/gskleinberkel\/wp-json\/wp\/v2\/posts"}],"about":[{"href":"https:\/\/wordpress.nibis.de\/gskleinberkel\/wp-json\/wp\/v2\/types\/post"}],"author":[{"embeddable":true,"href":"https:\/\/wordpress.nibis.de\/gskleinberkel\/wp-json\/wp\/v2\/users\/9193710"}],"replies":[{"embeddable":true,"href":"https:\/\/wordpress.nibis.de\/gskleinberkel\/wp-json\/wp\/v2\/comments?post=507"}],"version-history":[{"count":1,"href":"https:\/\/wordpress.nibis.de\/gskleinberkel\/wp-json\/wp\/v2\/posts\/507\/revisions"}],"predecessor-version":[{"id":509,"href":"https:\/\/wordpress.nibis.de\/gskleinberkel\/wp-json\/wp\/v2\/posts\/507\/revisions\/509"}],"wp:attachment":[{"href":"https:\/\/wordpress.nibis.de\/gskleinberkel\/wp-json\/wp\/v2\/media?parent=507"}],"wp:term":[{"taxonomy":"category","embeddable":true,"href":"https:\/\/wordpress.nibis.de\/gskleinberkel\/wp-json\/wp\/v2\/categories?post=507"},{"taxonomy":"post_tag","embeddable":true,"href":"https:\/\/wordpress.nibis.de\/gskleinberkel\/wp-json\/wp\/v2\/tags?post=507"}],"curies":[{"name":"wp","href":"https:\/\/api.w.org\/{rel}","templated":true}]}}