{"id":534,"date":"2021-12-11T11:03:09","date_gmt":"2021-12-11T10:03:09","guid":{"rendered":"https:\/\/wordpress.nibis.de\/gskleinberkel\/?p=534"},"modified":"2021-12-11T11:03:09","modified_gmt":"2021-12-11T10:03:09","slug":"der-kleine-prinz","status":"publish","type":"post","link":"https:\/\/wordpress.nibis.de\/gskleinberkel\/2021\/12\/11\/der-kleine-prinz\/","title":{"rendered":"Der kleine Prinz"},"content":{"rendered":"\n<figure class=\"wp-block-image size-large\"><img loading=\"lazy\" decoding=\"async\" width=\"1024\" height=\"768\" src=\"https:\/\/wordpress.nibis.de\/gskleinberkel\/files\/2021\/12\/D54BB596-65F8-4241-891A-48BE989B29FD-1024x768.jpeg\" alt=\"\" class=\"wp-image-532\" srcset=\"https:\/\/wordpress.nibis.de\/gskleinberkel\/files\/2021\/12\/D54BB596-65F8-4241-891A-48BE989B29FD-1024x768.jpeg 1024w, https:\/\/wordpress.nibis.de\/gskleinberkel\/files\/2021\/12\/D54BB596-65F8-4241-891A-48BE989B29FD-300x225.jpeg 300w, https:\/\/wordpress.nibis.de\/gskleinberkel\/files\/2021\/12\/D54BB596-65F8-4241-891A-48BE989B29FD-768x576.jpeg 768w, https:\/\/wordpress.nibis.de\/gskleinberkel\/files\/2021\/12\/D54BB596-65F8-4241-891A-48BE989B29FD-1536x1152.jpeg 1536w, https:\/\/wordpress.nibis.de\/gskleinberkel\/files\/2021\/12\/D54BB596-65F8-4241-891A-48BE989B29FD-2048x1536.jpeg 2048w, https:\/\/wordpress.nibis.de\/gskleinberkel\/files\/2021\/12\/D54BB596-65F8-4241-891A-48BE989B29FD-360x270.jpeg 360w\" sizes=\"auto, (max-width: 1024px) 100vw, 1024px\" \/><\/figure>\n\n\n\n<p class=\"has-text-align-center\"><em>Man sieht nur mit dem Herzen gut.<\/em><\/p>\n\n\n\n<p class=\"has-text-align-center\"><em>Das Wesentliche ist f\u00fcr die Augen unsichtbar.<\/em><\/p>\n\n\n\n<p class=\"has-text-align-left\">Ein besonderes Highlight in der diesj\u00e4hrigen Adventszeit war der Besuch der Nimmerland Theaterproduktion mit dem Theaterst\u00fcck der \u201eDer kleine Prinz\u201c.  <br>Die Geschichte des kleinen Prinzen von Antoine de Saint-Exup\u00e9ry wurde mit zwei Schauspielern und Puppen in einer liebevoll gestalteten Kulisse zum Leben erweckt. Im Mittelpunkt des Theaterst\u00fccks standen die Themen Achtsamkeit und Freundschaft. <br><\/p>\n\n\n\n<p>Der kleine Prinz lebt alleine auf einem winzigen Stern, bis eines Tages eine Blume aus dem Boden erw\u00e4chst und ihn bezaubert. Er liebt diese Blume, doch er glaubt ihren Anspr\u00fcchen nicht gerecht zu werden. Von einem Tag auf den anderen l\u00e4sst er die Blume zur\u00fcck und zieht mit einer Schar vorbeifliegender Wildg\u00e4nse hinaus ins Ungewisse. Er kommt auf die Erde und h\u00e4lt an einem Garten mit Rosen erstaunt inne. All diese Rosen sehen aus wie seine Blume daheim. Dabei dachte er, seine Blume w\u00e4re einzigartig auf der Welt. Der kleine Prinz verf\u00e4llt in tiefe Traurigkeit. Zum Gl\u00fcck bemerkt das ein Fuchs, der ihn aus der N\u00e4he beobachtet. Sie werden Freunde. Der Fuchs hilft dem Prinzen auf seinem Weg zur\u00fcck.<\/p>\n\n\n\n<p><\/p>\n\n\n\n<p>Die Philosophie Saint-Exup\u00e9rys zeigt auf, dass das Besondere eines Menschen erst durch die Vertrautheit zu Tage tritt und nicht sichtbar wird durch \u00e4u\u00dferliche Faktoren. Sich vertraut machen oder jemanden \u201ez\u00e4hmen\u201d ist die Basis von Beziehungen unter uns Menschen. Aus ihr entspringt unsere moralische Verantwortung f\u00fcreinander.<\/p>\n\n\n\n<p>Durch umfangreiches Material k\u00f6nnen die Themen auch im Unterricht noch aufgegriffen und vertieft werden.<\/p>\n\n\n\n<p>Die Finanzierung dieses kulturellen Projekts lief in diesem Jahr \u00fcber das Sonderbudget des Landes Niedersachsen zur Kompensation von coronabedingten Lern- und Entwicklungsr\u00fcckst\u00e4nden &#8211; Startklar in die Zukunft.<\/p>\n","protected":false},"excerpt":{"rendered":"<p>Man sieht nur mit dem Herzen gut. Das Wesentliche ist f\u00fcr die Augen unsichtbar. Ein besonderes Highlight in der diesj\u00e4hrigen Adventszeit war der Besuch der Nimmerland Theaterproduktion mit dem Theaterst\u00fcck der \u201eDer kleine Prinz\u201c. Die Geschichte des kleinen Prinzen von Antoine de Saint-Exup\u00e9ry wurde mit zwei Schauspielern und Puppen in einer liebevoll gestalteten Kulisse zum Leben erweckt. Im Mittelpunkt des Theaterst\u00fccks standen die Themen Achtsamkeit und Freundschaft. Der kleine Prinz lebt alleine auf einem winzigen Stern, bis eines Tages eine&#8230;<\/p>\n<p class=\"read-more\"><a class=\"btn btn-default\" href=\"https:\/\/wordpress.nibis.de\/gskleinberkel\/2021\/12\/11\/der-kleine-prinz\/\">Weiterlesen<span class=\"screen-reader-text\"> Weiterlesen<\/span><\/a><\/p>\n","protected":false},"author":9193710,"featured_media":0,"comment_status":"closed","ping_status":"closed","sticky":false,"template":"","format":"standard","meta":{"footnotes":""},"categories":[1],"tags":[],"class_list":["post-534","post","type-post","status-publish","format-standard","hentry","category-allgemein"],"_links":{"self":[{"href":"https:\/\/wordpress.nibis.de\/gskleinberkel\/wp-json\/wp\/v2\/posts\/534","targetHints":{"allow":["GET"]}}],"collection":[{"href":"https:\/\/wordpress.nibis.de\/gskleinberkel\/wp-json\/wp\/v2\/posts"}],"about":[{"href":"https:\/\/wordpress.nibis.de\/gskleinberkel\/wp-json\/wp\/v2\/types\/post"}],"author":[{"embeddable":true,"href":"https:\/\/wordpress.nibis.de\/gskleinberkel\/wp-json\/wp\/v2\/users\/9193710"}],"replies":[{"embeddable":true,"href":"https:\/\/wordpress.nibis.de\/gskleinberkel\/wp-json\/wp\/v2\/comments?post=534"}],"version-history":[{"count":1,"href":"https:\/\/wordpress.nibis.de\/gskleinberkel\/wp-json\/wp\/v2\/posts\/534\/revisions"}],"predecessor-version":[{"id":535,"href":"https:\/\/wordpress.nibis.de\/gskleinberkel\/wp-json\/wp\/v2\/posts\/534\/revisions\/535"}],"wp:attachment":[{"href":"https:\/\/wordpress.nibis.de\/gskleinberkel\/wp-json\/wp\/v2\/media?parent=534"}],"wp:term":[{"taxonomy":"category","embeddable":true,"href":"https:\/\/wordpress.nibis.de\/gskleinberkel\/wp-json\/wp\/v2\/categories?post=534"},{"taxonomy":"post_tag","embeddable":true,"href":"https:\/\/wordpress.nibis.de\/gskleinberkel\/wp-json\/wp\/v2\/tags?post=534"}],"curies":[{"name":"wp","href":"https:\/\/api.w.org\/{rel}","templated":true}]}}