{"id":621,"date":"2022-06-09T16:58:43","date_gmt":"2022-06-09T14:58:43","guid":{"rendered":"https:\/\/wordpress.nibis.de\/gskleinberkel\/?p=621"},"modified":"2022-06-09T16:58:43","modified_gmt":"2022-06-09T14:58:43","slug":"leseflohmarkt","status":"publish","type":"post","link":"https:\/\/wordpress.nibis.de\/gskleinberkel\/2022\/06\/09\/leseflohmarkt\/","title":{"rendered":"Leseflohmarkt"},"content":{"rendered":"\n<p><strong>Besuch der Schulanf\u00e4nger 2022<\/strong><\/p>\n\n\n\n<p>Am 09. Juni 2022 waren die neuen Schulanf\u00e4nger zu Besuch bei uns an der Schule.<br>Gemeinsam mit einigen Eltern, Erzieherinnen und Erziehern sind die Kinder zu uns gekommen, um an unserem Leseflohmarkt teilzunehmen.<\/p>\n\n\n\n<p>F\u00fcr die ersten und zweiten Klassen sowie die Schulanf\u00e4nger gab es sechs unterschiedliche  Leseangebote. Neben K\u00e4pt\u2018n Sharky, der Kuh Lieselotte und der kleinen Hexe gab es noch die bekannte Geschichte der Freunde von Helme Heine, Schlemihl und Schneck und eine Geschichte von wilden Kerlen.<br>Das war ganz sch\u00f6n aufregend, hat aber auch viel Spa\u00df gemacht. Es wurde flei\u00dfig gelesen, gelauscht, gemalt, geklebt und ausgeschnitten.<\/p>\n\n\n\n<figure class=\"wp-block-gallery has-nested-images columns-default is-cropped wp-block-gallery-1 is-layout-flex wp-block-gallery-is-layout-flex\">\n<figure class=\"wp-block-image size-large\"><img loading=\"lazy\" decoding=\"async\" width=\"1024\" height=\"688\" data-id=\"622\" src=\"https:\/\/wordpress.nibis.de\/gskleinberkel\/files\/2022\/06\/362E4AFE-AE28-4EC1-8B90-886A06D76DB5.jpeg\" alt=\"\" class=\"wp-image-622\" srcset=\"https:\/\/wordpress.nibis.de\/gskleinberkel\/files\/2022\/06\/362E4AFE-AE28-4EC1-8B90-886A06D76DB5.jpeg 1024w, https:\/\/wordpress.nibis.de\/gskleinberkel\/files\/2022\/06\/362E4AFE-AE28-4EC1-8B90-886A06D76DB5-300x202.jpeg 300w, https:\/\/wordpress.nibis.de\/gskleinberkel\/files\/2022\/06\/362E4AFE-AE28-4EC1-8B90-886A06D76DB5-768x516.jpeg 768w, https:\/\/wordpress.nibis.de\/gskleinberkel\/files\/2022\/06\/362E4AFE-AE28-4EC1-8B90-886A06D76DB5-402x270.jpeg 402w\" sizes=\"auto, (max-width: 1024px) 100vw, 1024px\" \/><\/figure>\n\n\n\n<figure class=\"wp-block-image size-large\"><img loading=\"lazy\" decoding=\"async\" width=\"768\" height=\"1024\" data-id=\"623\" src=\"https:\/\/wordpress.nibis.de\/gskleinberkel\/files\/2022\/06\/89E40312-EC49-4AF3-9940-6B6A2196A11B-768x1024.jpeg\" alt=\"\" class=\"wp-image-623\" srcset=\"https:\/\/wordpress.nibis.de\/gskleinberkel\/files\/2022\/06\/89E40312-EC49-4AF3-9940-6B6A2196A11B-768x1024.jpeg 768w, https:\/\/wordpress.nibis.de\/gskleinberkel\/files\/2022\/06\/89E40312-EC49-4AF3-9940-6B6A2196A11B-225x300.jpeg 225w, https:\/\/wordpress.nibis.de\/gskleinberkel\/files\/2022\/06\/89E40312-EC49-4AF3-9940-6B6A2196A11B-1152x1536.jpeg 1152w, https:\/\/wordpress.nibis.de\/gskleinberkel\/files\/2022\/06\/89E40312-EC49-4AF3-9940-6B6A2196A11B-1536x2048.jpeg 1536w, https:\/\/wordpress.nibis.de\/gskleinberkel\/files\/2022\/06\/89E40312-EC49-4AF3-9940-6B6A2196A11B-203x270.jpeg 203w, https:\/\/wordpress.nibis.de\/gskleinberkel\/files\/2022\/06\/89E40312-EC49-4AF3-9940-6B6A2196A11B-scaled.jpeg 1920w\" sizes=\"auto, (max-width: 768px) 100vw, 768px\" \/><\/figure>\n<\/figure>\n\n\n\n<p><br>Wir hoffen, dass die zuk\u00fcnftigen Erstkl\u00e4ssler viele neue Eindr\u00fccke mit nach Hause nehmen konnten und sich nun hoffentlich noch ein bisschen mehr auf die Einschulung in ein paar Wochen freuen k\u00f6nnen.<\/p>\n","protected":false},"excerpt":{"rendered":"<p>Besuch der Schulanf\u00e4nger 2022 Am 09. Juni 2022 waren die neuen Schulanf\u00e4nger zu Besuch bei uns an der Schule.Gemeinsam mit einigen Eltern, Erzieherinnen und Erziehern sind die Kinder zu uns gekommen, um an unserem Leseflohmarkt teilzunehmen. F\u00fcr die ersten und zweiten Klassen sowie die Schulanf\u00e4nger gab es sechs unterschiedliche Leseangebote. Neben K\u00e4pt\u2018n Sharky, der Kuh Lieselotte und der kleinen Hexe gab es noch die bekannte Geschichte der Freunde von Helme Heine, Schlemihl und Schneck und eine Geschichte von wilden Kerlen.Das&#8230;<\/p>\n<p class=\"read-more\"><a class=\"btn btn-default\" href=\"https:\/\/wordpress.nibis.de\/gskleinberkel\/2022\/06\/09\/leseflohmarkt\/\">Weiterlesen<span class=\"screen-reader-text\"> Weiterlesen<\/span><\/a><\/p>\n","protected":false},"author":9193710,"featured_media":0,"comment_status":"closed","ping_status":"closed","sticky":false,"template":"","format":"standard","meta":{"footnotes":""},"categories":[1],"tags":[10],"class_list":["post-621","post","type-post","status-publish","format-standard","hentry","category-allgemein","tag-schulanfaenger"],"_links":{"self":[{"href":"https:\/\/wordpress.nibis.de\/gskleinberkel\/wp-json\/wp\/v2\/posts\/621","targetHints":{"allow":["GET"]}}],"collection":[{"href":"https:\/\/wordpress.nibis.de\/gskleinberkel\/wp-json\/wp\/v2\/posts"}],"about":[{"href":"https:\/\/wordpress.nibis.de\/gskleinberkel\/wp-json\/wp\/v2\/types\/post"}],"author":[{"embeddable":true,"href":"https:\/\/wordpress.nibis.de\/gskleinberkel\/wp-json\/wp\/v2\/users\/9193710"}],"replies":[{"embeddable":true,"href":"https:\/\/wordpress.nibis.de\/gskleinberkel\/wp-json\/wp\/v2\/comments?post=621"}],"version-history":[{"count":2,"href":"https:\/\/wordpress.nibis.de\/gskleinberkel\/wp-json\/wp\/v2\/posts\/621\/revisions"}],"predecessor-version":[{"id":625,"href":"https:\/\/wordpress.nibis.de\/gskleinberkel\/wp-json\/wp\/v2\/posts\/621\/revisions\/625"}],"wp:attachment":[{"href":"https:\/\/wordpress.nibis.de\/gskleinberkel\/wp-json\/wp\/v2\/media?parent=621"}],"wp:term":[{"taxonomy":"category","embeddable":true,"href":"https:\/\/wordpress.nibis.de\/gskleinberkel\/wp-json\/wp\/v2\/categories?post=621"},{"taxonomy":"post_tag","embeddable":true,"href":"https:\/\/wordpress.nibis.de\/gskleinberkel\/wp-json\/wp\/v2\/tags?post=621"}],"curies":[{"name":"wp","href":"https:\/\/api.w.org\/{rel}","templated":true}]}}