{"id":1002,"date":"2021-09-04T10:20:00","date_gmt":"2021-09-04T08:20:00","guid":{"rendered":"https:\/\/wordpress.nibis.de\/gskuesten\/?p=1002"},"modified":"2021-09-06T10:29:49","modified_gmt":"2021-09-06T08:29:49","slug":"einschulung-4","status":"publish","type":"post","link":"https:\/\/wordpress.nibis.de\/gskuesten\/einschulung-4\/","title":{"rendered":"Einschulung"},"content":{"rendered":"\n<p>Auch in diesem Jahr feierten wir die Einschulung im kleinen Kreis hinter der Kirche auf der Wiese. Die neuen Erstklasskinder wurden wie immer mit Liedern und einem Theaterst\u00fcck begr\u00fc\u00dft, bevor der gro\u00dfe Augenblick kam: Die \u00dcberreichung der Schult\u00fcten und die anschlie\u00dfende, erste Schulstunde im Schulhaus. <span style=\"color: #3366ff\"><strong>Al<span style=\"color: #ff0000\">len<\/span> neu<span style=\"color: #ff0000\">en<\/span> Kin<span style=\"color: #ff0000\">dern<\/span> w\u00fcn<span style=\"color: #ff0000\">schen<\/span> wir viel Er<span style=\"color: #ff0000\">folg<\/span> und Freu<span style=\"color: #ff0000\">de<\/span> beim Ler<span style=\"color: #ff0000\">nen<\/span>. <\/strong><\/span><\/p>\n<p><img loading=\"lazy\" decoding=\"async\" class=\"alignnone size-full wp-image-1003\" src=\"https:\/\/wordpress.nibis.de\/gskuesten\/files\/2021\/09\/2021-Einschulung.jpg\" alt=\"\" width=\"1400\" height=\"272\" srcset=\"https:\/\/wordpress.nibis.de\/gskuesten\/files\/2021\/09\/2021-Einschulung.jpg 1400w, https:\/\/wordpress.nibis.de\/gskuesten\/files\/2021\/09\/2021-Einschulung-300x58.jpg 300w, https:\/\/wordpress.nibis.de\/gskuesten\/files\/2021\/09\/2021-Einschulung-1024x199.jpg 1024w, https:\/\/wordpress.nibis.de\/gskuesten\/files\/2021\/09\/2021-Einschulung-768x149.jpg 768w\" sizes=\"auto, (max-width: 1400px) 100vw, 1400px\" \/><\/p>\n","protected":false},"excerpt":{"rendered":"<p>Auch in diesem Jahr feierten wir die Einschulung im kleinen Kreis hinter der Kirche auf der Wiese. Die neuen Erstklasskinder wurden wie immer mit Liedern und einem Theaterst\u00fcck begr\u00fc\u00dft, bevor der gro\u00dfe Augenblick kam: Die \u00dcberreichung der Schult\u00fcten und die anschlie\u00dfende, erste Schulstunde im Schulhaus. Allen neuen Kindern w\u00fcnschen wir viel Erfolg und Freude beim &#8230; <a title=\"Einschulung\" class=\"read-more\" href=\"https:\/\/wordpress.nibis.de\/gskuesten\/einschulung-4\/\" aria-label=\"Mehr Informationen \u00fcber Einschulung\">Weiterlesen<\/a><\/p>\n","protected":false},"author":1181,"featured_media":0,"comment_status":"closed","ping_status":"closed","sticky":false,"template":"","format":"standard","meta":{"footnotes":""},"categories":[5],"tags":[],"class_list":["post-1002","post","type-post","status-publish","format-standard","hentry","category-veranstaltung"],"_links":{"self":[{"href":"https:\/\/wordpress.nibis.de\/gskuesten\/wp-json\/wp\/v2\/posts\/1002","targetHints":{"allow":["GET"]}}],"collection":[{"href":"https:\/\/wordpress.nibis.de\/gskuesten\/wp-json\/wp\/v2\/posts"}],"about":[{"href":"https:\/\/wordpress.nibis.de\/gskuesten\/wp-json\/wp\/v2\/types\/post"}],"author":[{"embeddable":true,"href":"https:\/\/wordpress.nibis.de\/gskuesten\/wp-json\/wp\/v2\/users\/1181"}],"replies":[{"embeddable":true,"href":"https:\/\/wordpress.nibis.de\/gskuesten\/wp-json\/wp\/v2\/comments?post=1002"}],"version-history":[{"count":1,"href":"https:\/\/wordpress.nibis.de\/gskuesten\/wp-json\/wp\/v2\/posts\/1002\/revisions"}],"predecessor-version":[{"id":1004,"href":"https:\/\/wordpress.nibis.de\/gskuesten\/wp-json\/wp\/v2\/posts\/1002\/revisions\/1004"}],"wp:attachment":[{"href":"https:\/\/wordpress.nibis.de\/gskuesten\/wp-json\/wp\/v2\/media?parent=1002"}],"wp:term":[{"taxonomy":"category","embeddable":true,"href":"https:\/\/wordpress.nibis.de\/gskuesten\/wp-json\/wp\/v2\/categories?post=1002"},{"taxonomy":"post_tag","embeddable":true,"href":"https:\/\/wordpress.nibis.de\/gskuesten\/wp-json\/wp\/v2\/tags?post=1002"}],"curies":[{"name":"wp","href":"https:\/\/api.w.org\/{rel}","templated":true}]}}