{"id":1050,"date":"2021-12-09T12:58:26","date_gmt":"2021-12-09T11:58:26","guid":{"rendered":"https:\/\/wordpress.nibis.de\/gskuesten\/?p=1050"},"modified":"2021-12-13T13:04:44","modified_gmt":"2021-12-13T12:04:44","slug":"corona-news","status":"publish","type":"post","link":"https:\/\/wordpress.nibis.de\/gskuesten\/corona-news\/","title":{"rendered":"CoronaNews &#8211; Coronafall in der Schule"},"content":{"rendered":"\n<p>Liebe Eltern,<\/p>\n\n\n\n<p>wie leider irgendwann zu bef\u00fcrchten war, hat uns jetzt der Corona Virus auch ereilt und wir haben einen ersten positiv-getesteten Fall an unserer Schule.<\/p>\n\n\n\n<p>Uns ist bewusst, dass so ein Fall Anlass gibt, sich Gedanken und vielleicht auch Sorgen zu machen. Wenn wir Sie dabei irgendwie unterst\u00fctzen k\u00f6nnen, Sie Fragen haben, helfen wir gern.<\/p>\n\n\n\n<p>Zum Schutz aller Kinder, aller KollegInnen und MitarbeiterInnen in unserer Schule, sowie aller Kontaktpersonen werden wir folgende Ma\u00dfnahmen, die in Absprache mit dem Gesundheitsamt festgelegt wurden, treffen bzw. fortsetzen:<\/p>\n\n\n\n<ul class=\"wp-block-list\"><li><strong><u>jeden Morgen<\/u> weiter  eine Testung zu Hause<\/strong><\/li><li><strong>Maskenpflicht <\/strong><\/li><li><strong>auch bei ersten Erk\u00e4ltungssymptomen bitte Ihr Kind zu Hause lassen<\/strong>!!<\/li><\/ul>\n\n\n\n<p>Wir hoffen sehr, dass dadurch Ansteckungen, n\u00f6tige Quarant\u00e4nen oder im schlimmsten Fall eine Schulschlie\u00dfung vermieden werden kann.&nbsp;<\/p>\n\n\n\n<p>Im Namen des ganzen Schulteams&nbsp; gr\u00fc\u00dfe ich Sie ganz herzlich, w\u00fcnsche Ihnen und Ihren Familien weiterhin alles Gute, passen Sie auf sich auf und bleiben Sie gesund und zuversichtlich.<\/p>\n\n\n\n<p>Jenny Mummelthey<\/p>\n","protected":false},"excerpt":{"rendered":"<p>Liebe Eltern, wie leider irgendwann zu bef\u00fcrchten war, hat uns jetzt der Corona Virus auch ereilt und wir haben einen ersten positiv-getesteten Fall an unserer Schule. Uns ist bewusst, dass so ein Fall Anlass gibt, sich Gedanken und vielleicht auch Sorgen zu machen. Wenn wir Sie dabei irgendwie unterst\u00fctzen k\u00f6nnen, Sie Fragen haben, helfen wir &#8230; <a title=\"CoronaNews &#8211; Coronafall in der Schule\" class=\"read-more\" href=\"https:\/\/wordpress.nibis.de\/gskuesten\/corona-news\/\" aria-label=\"Mehr Informationen \u00fcber CoronaNews &#8211; Coronafall in der Schule\">Weiterlesen<\/a><\/p>\n","protected":false},"author":1181,"featured_media":0,"comment_status":"closed","ping_status":"closed","sticky":false,"template":"","format":"standard","meta":{"footnotes":""},"categories":[1],"tags":[],"class_list":["post-1050","post","type-post","status-publish","format-standard","hentry","category-allgemein"],"_links":{"self":[{"href":"https:\/\/wordpress.nibis.de\/gskuesten\/wp-json\/wp\/v2\/posts\/1050","targetHints":{"allow":["GET"]}}],"collection":[{"href":"https:\/\/wordpress.nibis.de\/gskuesten\/wp-json\/wp\/v2\/posts"}],"about":[{"href":"https:\/\/wordpress.nibis.de\/gskuesten\/wp-json\/wp\/v2\/types\/post"}],"author":[{"embeddable":true,"href":"https:\/\/wordpress.nibis.de\/gskuesten\/wp-json\/wp\/v2\/users\/1181"}],"replies":[{"embeddable":true,"href":"https:\/\/wordpress.nibis.de\/gskuesten\/wp-json\/wp\/v2\/comments?post=1050"}],"version-history":[{"count":4,"href":"https:\/\/wordpress.nibis.de\/gskuesten\/wp-json\/wp\/v2\/posts\/1050\/revisions"}],"predecessor-version":[{"id":1060,"href":"https:\/\/wordpress.nibis.de\/gskuesten\/wp-json\/wp\/v2\/posts\/1050\/revisions\/1060"}],"wp:attachment":[{"href":"https:\/\/wordpress.nibis.de\/gskuesten\/wp-json\/wp\/v2\/media?parent=1050"}],"wp:term":[{"taxonomy":"category","embeddable":true,"href":"https:\/\/wordpress.nibis.de\/gskuesten\/wp-json\/wp\/v2\/categories?post=1050"},{"taxonomy":"post_tag","embeddable":true,"href":"https:\/\/wordpress.nibis.de\/gskuesten\/wp-json\/wp\/v2\/tags?post=1050"}],"curies":[{"name":"wp","href":"https:\/\/api.w.org\/{rel}","templated":true}]}}