{"id":1056,"date":"2021-12-13T12:54:45","date_gmt":"2021-12-13T11:54:45","guid":{"rendered":"https:\/\/wordpress.nibis.de\/gskuesten\/?p=1056"},"modified":"2021-12-13T12:54:52","modified_gmt":"2021-12-13T11:54:52","slug":"coronanews-weihnachtsferien","status":"publish","type":"post","link":"https:\/\/wordpress.nibis.de\/gskuesten\/coronanews-weihnachtsferien\/","title":{"rendered":"CoronaNews: Weihnachtsferien"},"content":{"rendered":"\n<p><span style=\"color: #993300\">Am Freitag fiel die Entscheidung des nieders\u00e4chsischen Kultusministeriums wie der Schulbetrieb vor und nach den Ferien gestaltet wird. Bitte nehmen Sie zur Kenntnis:<\/span><\/p>\n<p>Keine \u00c4nderung an der <strong><span style=\"color: #993300\">Ferienzeit<\/span>. <\/strong>Letzter Schultag ist Mittwoch, 22.12.2021, erster Schultag im neuen Jahr ist Montag, der 10.01.2022.<\/p>\n<p><span style=\"color: #993300\"><strong>Aufgehobene<\/strong> <strong>Pr\u00e4senzpflicht<\/strong><\/span> f\u00fcr die drei Tage vor den Ferien, 20. bis 22. Dezember. Per Antrag k\u00f6nnen Sie Ihr Kind vom Unterricht befreien. Der Lernstoff muss Zuhause erarbeitet werden.<\/p>\n<p><span style=\"color: #993300\"><strong>Sicherheitswoche<\/strong> <\/span>nach den Ferien, vom 10.01.2022 bis 14.01.2022. Alle Kinder testen sich t\u00e4glich.<\/p>\n<p><span style=\"color: #993300\"><strong>OP-Maskenpflicht<\/strong><\/span> ab 10.01.2022. Stoffmasken sind nicht mehr erlaubt.<\/p>\n<p>Normale <span style=\"color: #993300\"><strong>Testroutine<\/strong><\/span> ab 17.01.2022. Montags, mittwochs und freitags finden h\u00e4usliche Testungen statt. Bei einem Infektionsverdacht testen sich alle Kinder f\u00fcr f\u00fcnf Tage t\u00e4glich.<\/p>\n<p>Im gesamten Schulgeb\u00e4ude gilt die <span style=\"color: #993300\"><strong>3G-Regel<\/strong><\/span>.<\/p>\n","protected":false},"excerpt":{"rendered":"<p>Am Freitag fiel die Entscheidung des nieders\u00e4chsischen Kultusministeriums wie der Schulbetrieb vor und nach den Ferien gestaltet wird. Bitte nehmen Sie zur Kenntnis: Keine \u00c4nderung an der Ferienzeit. Letzter Schultag ist Mittwoch, 22.12.2021, erster Schultag im neuen Jahr ist Montag, der 10.01.2022. Aufgehobene Pr\u00e4senzpflicht f\u00fcr die drei Tage vor den Ferien, 20. bis 22. Dezember. &#8230; <a title=\"CoronaNews: Weihnachtsferien\" class=\"read-more\" href=\"https:\/\/wordpress.nibis.de\/gskuesten\/coronanews-weihnachtsferien\/\" aria-label=\"Mehr Informationen \u00fcber CoronaNews: Weihnachtsferien\">Weiterlesen<\/a><\/p>\n","protected":false},"author":1181,"featured_media":0,"comment_status":"closed","ping_status":"closed","sticky":false,"template":"","format":"standard","meta":{"footnotes":""},"categories":[1],"tags":[],"class_list":["post-1056","post","type-post","status-publish","format-standard","hentry","category-allgemein"],"_links":{"self":[{"href":"https:\/\/wordpress.nibis.de\/gskuesten\/wp-json\/wp\/v2\/posts\/1056","targetHints":{"allow":["GET"]}}],"collection":[{"href":"https:\/\/wordpress.nibis.de\/gskuesten\/wp-json\/wp\/v2\/posts"}],"about":[{"href":"https:\/\/wordpress.nibis.de\/gskuesten\/wp-json\/wp\/v2\/types\/post"}],"author":[{"embeddable":true,"href":"https:\/\/wordpress.nibis.de\/gskuesten\/wp-json\/wp\/v2\/users\/1181"}],"replies":[{"embeddable":true,"href":"https:\/\/wordpress.nibis.de\/gskuesten\/wp-json\/wp\/v2\/comments?post=1056"}],"version-history":[{"count":1,"href":"https:\/\/wordpress.nibis.de\/gskuesten\/wp-json\/wp\/v2\/posts\/1056\/revisions"}],"predecessor-version":[{"id":1057,"href":"https:\/\/wordpress.nibis.de\/gskuesten\/wp-json\/wp\/v2\/posts\/1056\/revisions\/1057"}],"wp:attachment":[{"href":"https:\/\/wordpress.nibis.de\/gskuesten\/wp-json\/wp\/v2\/media?parent=1056"}],"wp:term":[{"taxonomy":"category","embeddable":true,"href":"https:\/\/wordpress.nibis.de\/gskuesten\/wp-json\/wp\/v2\/categories?post=1056"},{"taxonomy":"post_tag","embeddable":true,"href":"https:\/\/wordpress.nibis.de\/gskuesten\/wp-json\/wp\/v2\/tags?post=1056"}],"curies":[{"name":"wp","href":"https:\/\/api.w.org\/{rel}","templated":true}]}}