{"id":1144,"date":"2022-05-24T15:39:37","date_gmt":"2022-05-24T13:39:37","guid":{"rendered":"https:\/\/wordpress.nibis.de\/gskuesten\/?p=1144"},"modified":"2022-05-24T15:40:17","modified_gmt":"2022-05-24T13:40:17","slug":"maskenpflicht-im-bus","status":"publish","type":"post","link":"https:\/\/wordpress.nibis.de\/gskuesten\/maskenpflicht-im-bus\/","title":{"rendered":"Maskenpflicht im Bus"},"content":{"rendered":"\n<p>I<span style=\"color: #800000\">m Auftrag des Landkreises leiten wir folgende Information an Sie weiter:<\/span><\/p>\n<p>Gem\u00e4\u00df der Nieders\u00e4chsischen Verordnung \u00fcber Schutzma\u00dfnahmen gegen das Corona-Virus SARS-CoV-2 und dessen Varianten (Nieders\u00e4chsische Corona-Verordnung) mit G\u00fcltigkeit ab dem 02.05.2022 <span style=\"background-color: #ffff99\">gilt weiterhin in s\u00e4mtlichen Bussen des \u00d6PNV<\/span> sowie &#8222;vollst\u00e4ndig geschlossenen R\u00e4umen&#8220; wie Vorverkaufsstellen<\/p>\n<ul>\n<li><span style=\"background-color: #ffff99\">die medizinische Maskenpflicht f\u00fcr Kinder und Jugendliche von 6 bis 13 Jahren<\/span> (FFP2, Standards KN95\/N95, OP-Masken oder gleichwertiges Schutzniveau)<\/li>\n<\/ul>\n<p>Kinder bis einschlie\u00dflich 5 Jahren sind von der Pflicht zum Tragen einer Maske ausgenommen. <span style=\"background-color: #ffff99\">F\u00fcr Kinder zwischen dem 6. und 14. Geburtstag reicht eine einfache medizinische Maske<\/span>. Ab dem 14. Lebensjahr gilt dann die FFP2-Maskenpflicht.<\/p>\n<p>Jeder B\u00fcrger und jede B\u00fcrgerin ist f\u00fcr das Mitf\u00fchren der jeweiligen Maskenart selbst verantwortlich. \u00a0F\u00fcr den Ausnahmefall, das eine Maske vergessen wurde, sind auf den Bussen OP-Masken und FFP2-Masken vorr\u00e4tig.<\/p>\n","protected":false},"excerpt":{"rendered":"<p>Im Auftrag des Landkreises leiten wir folgende Information an Sie weiter: Gem\u00e4\u00df der Nieders\u00e4chsischen Verordnung \u00fcber Schutzma\u00dfnahmen gegen das Corona-Virus SARS-CoV-2 und dessen Varianten (Nieders\u00e4chsische Corona-Verordnung) mit G\u00fcltigkeit ab dem 02.05.2022 gilt weiterhin in s\u00e4mtlichen Bussen des \u00d6PNV sowie &#8222;vollst\u00e4ndig geschlossenen R\u00e4umen&#8220; wie Vorverkaufsstellen die medizinische Maskenpflicht f\u00fcr Kinder und Jugendliche von 6 bis 13 &#8230; <a title=\"Maskenpflicht im Bus\" class=\"read-more\" href=\"https:\/\/wordpress.nibis.de\/gskuesten\/maskenpflicht-im-bus\/\" aria-label=\"Mehr Informationen \u00fcber Maskenpflicht im Bus\">Weiterlesen<\/a><\/p>\n","protected":false},"author":1181,"featured_media":0,"comment_status":"closed","ping_status":"closed","sticky":false,"template":"","format":"standard","meta":{"footnotes":""},"categories":[1],"tags":[],"class_list":["post-1144","post","type-post","status-publish","format-standard","hentry","category-allgemein"],"_links":{"self":[{"href":"https:\/\/wordpress.nibis.de\/gskuesten\/wp-json\/wp\/v2\/posts\/1144","targetHints":{"allow":["GET"]}}],"collection":[{"href":"https:\/\/wordpress.nibis.de\/gskuesten\/wp-json\/wp\/v2\/posts"}],"about":[{"href":"https:\/\/wordpress.nibis.de\/gskuesten\/wp-json\/wp\/v2\/types\/post"}],"author":[{"embeddable":true,"href":"https:\/\/wordpress.nibis.de\/gskuesten\/wp-json\/wp\/v2\/users\/1181"}],"replies":[{"embeddable":true,"href":"https:\/\/wordpress.nibis.de\/gskuesten\/wp-json\/wp\/v2\/comments?post=1144"}],"version-history":[{"count":2,"href":"https:\/\/wordpress.nibis.de\/gskuesten\/wp-json\/wp\/v2\/posts\/1144\/revisions"}],"predecessor-version":[{"id":1146,"href":"https:\/\/wordpress.nibis.de\/gskuesten\/wp-json\/wp\/v2\/posts\/1144\/revisions\/1146"}],"wp:attachment":[{"href":"https:\/\/wordpress.nibis.de\/gskuesten\/wp-json\/wp\/v2\/media?parent=1144"}],"wp:term":[{"taxonomy":"category","embeddable":true,"href":"https:\/\/wordpress.nibis.de\/gskuesten\/wp-json\/wp\/v2\/categories?post=1144"},{"taxonomy":"post_tag","embeddable":true,"href":"https:\/\/wordpress.nibis.de\/gskuesten\/wp-json\/wp\/v2\/tags?post=1144"}],"curies":[{"name":"wp","href":"https:\/\/api.w.org\/{rel}","templated":true}]}}