{"id":1429,"date":"2024-10-02T10:51:09","date_gmt":"2024-10-02T08:51:09","guid":{"rendered":"https:\/\/wordpress.nibis.de\/gskuesten\/?p=1429"},"modified":"2024-10-02T10:51:17","modified_gmt":"2024-10-02T08:51:17","slug":"herbstprojekttage-2","status":"publish","type":"post","link":"https:\/\/wordpress.nibis.de\/gskuesten\/herbstprojekttage-2\/","title":{"rendered":"Herbstprojekttage"},"content":{"rendered":"\n<p><span style=\"color: #993300\">Hurra<\/span><span style=\"color: #ff0000\">,<\/span> <span style=\"color: #ff6600\">Hurra<\/span><span style=\"color: #ff0000\"> &#8211;<\/span> <span style=\"color: #ffcc00\">Der<\/span> <span style=\"color: #993366\">Herbst<\/span> <span style=\"color: #993300\">ist<\/span> <span style=\"color: #ff6600\">da<\/span><span style=\"color: #ff0000\">!<\/span> Die Bl\u00e4tter werden bunt, die Tage k\u00fcrzer und k\u00fchler. Und somit wurde es auch wieder Zeit f\u00fcr unsere traditionellen Herbstprojekttage vor den Herbstferien.<\/p>\n<p>Die Kinder konnten wieder aus einer breiten Palette an herbstlichen Angeboten w\u00e4hlen. Zu den angebotenen Aktivit\u00e4ten geh\u00f6rten unter anderem das Vertonen von Herbstgeschichten, das Basteln von stimmungsvollen Teelichtern, Filzfiguren, H\u00fchnern aus Maiskolben und leuchtenden Fackeln. Eine Gruppe stellte herbstliche Kunstwerke mit Hilfe des Kartoffeldruckes her. Au\u00dferdem wurden der Schulgarten und das Spielehaus winterfit gemacht. In der Werkstatt wurden herbstliche Waldlandschaften ges\u00e4gt und der K\u00fcstener Wald wurde mit J\u00e4ger Willi Kattau erforscht. In der Schulk\u00fcche duftete es herrlich nach selbstgemachter Apfel-Birnen-Marmelade. Diese durften sich alle Kinder am Mittwoch, zum Abschluss der Projekttage, schmecken lassen. Die Tage vergingen wie im Flug und boten eine willkommene Abwechslung zum \u201cnormalen\u201d Unterrichtsalltag.<\/p>\n<p>Nun w\u00fcnschen wir allen Kindern und Familien erholsame Herbstferientage.\u00a0\u00a0\u00a0\u00a0\u00a0\u00a0\u00a0\u00a0\u00a0\u00a0\u00a0\u00a0\u00a0\u00a0\u00a0\u00a0\u00a0\u00a0\u00a0\u00a0\u00a0\u00a0\u00a0\u00a0\u00a0\u00a0\u00a0\u00a0\u00a0\u00a0\u00a0 Am Montag, 21.10. 2024, sehen wir uns dann alle wieder in der Schule.\u00a0<\/p>\n<p><img loading=\"lazy\" decoding=\"async\" class=\"alignnone size-full wp-image-1423\" src=\"https:\/\/wordpress.nibis.de\/gskuesten\/files\/2024\/10\/Paint-1-scaled.jpg\" alt=\"\" width=\"2560\" height=\"1498\" srcset=\"https:\/\/wordpress.nibis.de\/gskuesten\/files\/2024\/10\/Paint-1-scaled.jpg 2560w, https:\/\/wordpress.nibis.de\/gskuesten\/files\/2024\/10\/Paint-1-300x175.jpg 300w, https:\/\/wordpress.nibis.de\/gskuesten\/files\/2024\/10\/Paint-1-1024x599.jpg 1024w, https:\/\/wordpress.nibis.de\/gskuesten\/files\/2024\/10\/Paint-1-768x449.jpg 768w, https:\/\/wordpress.nibis.de\/gskuesten\/files\/2024\/10\/Paint-1-1536x899.jpg 1536w, https:\/\/wordpress.nibis.de\/gskuesten\/files\/2024\/10\/Paint-1-2048x1198.jpg 2048w\" sizes=\"auto, (max-width: 2560px) 100vw, 2560px\" \/><\/p>\n","protected":false},"excerpt":{"rendered":"<p>Hurra, Hurra &#8211; Der Herbst ist da! Die Bl\u00e4tter werden bunt, die Tage k\u00fcrzer und k\u00fchler. Und somit wurde es auch wieder Zeit f\u00fcr unsere traditionellen Herbstprojekttage vor den Herbstferien. Die Kinder konnten wieder aus einer breiten Palette an herbstlichen Angeboten w\u00e4hlen. Zu den angebotenen Aktivit\u00e4ten geh\u00f6rten unter anderem das Vertonen von Herbstgeschichten, das Basteln &#8230; <a title=\"Herbstprojekttage\" class=\"read-more\" href=\"https:\/\/wordpress.nibis.de\/gskuesten\/herbstprojekttage-2\/\" aria-label=\"Mehr Informationen \u00fcber Herbstprojekttage\">Weiterlesen<\/a><\/p>\n","protected":false},"author":1181,"featured_media":0,"comment_status":"closed","ping_status":"closed","sticky":false,"template":"","format":"standard","meta":{"footnotes":""},"categories":[1],"tags":[],"class_list":["post-1429","post","type-post","status-publish","format-standard","hentry","category-allgemein"],"_links":{"self":[{"href":"https:\/\/wordpress.nibis.de\/gskuesten\/wp-json\/wp\/v2\/posts\/1429","targetHints":{"allow":["GET"]}}],"collection":[{"href":"https:\/\/wordpress.nibis.de\/gskuesten\/wp-json\/wp\/v2\/posts"}],"about":[{"href":"https:\/\/wordpress.nibis.de\/gskuesten\/wp-json\/wp\/v2\/types\/post"}],"author":[{"embeddable":true,"href":"https:\/\/wordpress.nibis.de\/gskuesten\/wp-json\/wp\/v2\/users\/1181"}],"replies":[{"embeddable":true,"href":"https:\/\/wordpress.nibis.de\/gskuesten\/wp-json\/wp\/v2\/comments?post=1429"}],"version-history":[{"count":2,"href":"https:\/\/wordpress.nibis.de\/gskuesten\/wp-json\/wp\/v2\/posts\/1429\/revisions"}],"predecessor-version":[{"id":1431,"href":"https:\/\/wordpress.nibis.de\/gskuesten\/wp-json\/wp\/v2\/posts\/1429\/revisions\/1431"}],"wp:attachment":[{"href":"https:\/\/wordpress.nibis.de\/gskuesten\/wp-json\/wp\/v2\/media?parent=1429"}],"wp:term":[{"taxonomy":"category","embeddable":true,"href":"https:\/\/wordpress.nibis.de\/gskuesten\/wp-json\/wp\/v2\/categories?post=1429"},{"taxonomy":"post_tag","embeddable":true,"href":"https:\/\/wordpress.nibis.de\/gskuesten\/wp-json\/wp\/v2\/tags?post=1429"}],"curies":[{"name":"wp","href":"https:\/\/api.w.org\/{rel}","templated":true}]}}