{"id":932,"date":"2021-02-23T19:29:46","date_gmt":"2021-02-23T18:29:46","guid":{"rendered":"https:\/\/wordpress.nibis.de\/gskuesten\/?p=932"},"modified":"2021-02-24T11:14:24","modified_gmt":"2021-02-24T10:14:24","slug":"aenderung-ab-1-maerz-2020","status":"publish","type":"post","link":"https:\/\/wordpress.nibis.de\/gskuesten\/aenderung-ab-1-maerz-2020\/","title":{"rendered":"\u00c4nderung ab 1. M\u00e4rz 2020"},"content":{"rendered":"\n<p class=\"has-text-color has-vivid-red-color\"><strong>Ab dem<\/strong> <strong>1. M\u00e4rz werden wieder alle Kinder t\u00e4glich beschult. <\/strong><\/p>\n\n\n\n<p class=\"has-text-color has-very-dark-gray-color\">Die <strong>Klassen 1 und 2<\/strong> werden von der <strong>1. bis zur<\/strong> <strong>4. Stunde<\/strong> unterrichtet. Bitte holen Sie Ihr Kind um 11.20 Uhr ab. Wenn Sie eine Betreuung bis 12.30 Uhr ben\u00f6tigen, wenden Sie sich an die Klassenlehrer. <\/p>\n\n\n\n<p>Die <strong>Klassen 3 und 4<\/strong> werden von der <strong>1. bis zur<\/strong> <strong>5. Stunde<\/strong> unterrichtet. Der Bus f\u00e4hrt alle Kinder, die nicht abgeholt werden k\u00f6nnen. <\/p>\n\n\n\n<p class=\"has-text-color has-vivid-red-color\"><strong>Warum kein Wechselunterricht an unserer Grundschule?<\/strong><\/p>\n\n\n\n<p>Keine unserer Klassen \u00fcberschreitet eine Gesamtpersonenanzahl (Kinder und Erwachsene) von 16. Damit brauchen wir die Klassen nicht teilen und abwechselnd alle zwei Tage beschulen. <\/p>\n","protected":false},"excerpt":{"rendered":"<p>Ab dem 1. M\u00e4rz werden wieder alle Kinder t\u00e4glich beschult. Die Klassen 1 und 2 werden von der 1. bis zur 4. Stunde unterrichtet. Bitte holen Sie Ihr Kind um 11.20 Uhr ab. Wenn Sie eine Betreuung bis 12.30 Uhr ben\u00f6tigen, wenden Sie sich an die Klassenlehrer. Die Klassen 3 und 4 werden von der &#8230; <a title=\"\u00c4nderung ab 1. M\u00e4rz 2020\" class=\"read-more\" href=\"https:\/\/wordpress.nibis.de\/gskuesten\/aenderung-ab-1-maerz-2020\/\" aria-label=\"Mehr Informationen \u00fcber \u00c4nderung ab 1. M\u00e4rz 2020\">Weiterlesen<\/a><\/p>\n","protected":false},"author":1181,"featured_media":0,"comment_status":"closed","ping_status":"closed","sticky":false,"template":"","format":"standard","meta":{"footnotes":""},"categories":[1],"tags":[],"class_list":["post-932","post","type-post","status-publish","format-standard","hentry","category-allgemein"],"_links":{"self":[{"href":"https:\/\/wordpress.nibis.de\/gskuesten\/wp-json\/wp\/v2\/posts\/932","targetHints":{"allow":["GET"]}}],"collection":[{"href":"https:\/\/wordpress.nibis.de\/gskuesten\/wp-json\/wp\/v2\/posts"}],"about":[{"href":"https:\/\/wordpress.nibis.de\/gskuesten\/wp-json\/wp\/v2\/types\/post"}],"author":[{"embeddable":true,"href":"https:\/\/wordpress.nibis.de\/gskuesten\/wp-json\/wp\/v2\/users\/1181"}],"replies":[{"embeddable":true,"href":"https:\/\/wordpress.nibis.de\/gskuesten\/wp-json\/wp\/v2\/comments?post=932"}],"version-history":[{"count":6,"href":"https:\/\/wordpress.nibis.de\/gskuesten\/wp-json\/wp\/v2\/posts\/932\/revisions"}],"predecessor-version":[{"id":940,"href":"https:\/\/wordpress.nibis.de\/gskuesten\/wp-json\/wp\/v2\/posts\/932\/revisions\/940"}],"wp:attachment":[{"href":"https:\/\/wordpress.nibis.de\/gskuesten\/wp-json\/wp\/v2\/media?parent=932"}],"wp:term":[{"taxonomy":"category","embeddable":true,"href":"https:\/\/wordpress.nibis.de\/gskuesten\/wp-json\/wp\/v2\/categories?post=932"},{"taxonomy":"post_tag","embeddable":true,"href":"https:\/\/wordpress.nibis.de\/gskuesten\/wp-json\/wp\/v2\/tags?post=932"}],"curies":[{"name":"wp","href":"https:\/\/api.w.org\/{rel}","templated":true}]}}