{"id":53,"date":"2012-02-08T10:24:13","date_gmt":"2012-02-08T10:24:13","guid":{"rendered":"http:\/\/loensweg.wordpress.com\/?p=53"},"modified":"2012-02-08T10:24:13","modified_gmt":"2012-02-08T10:24:13","slug":"kritik-an-vorschulischer-sprachforderung","status":"publish","type":"post","link":"https:\/\/wordpress.nibis.de\/gsloens\/2012\/02\/08\/kritik-an-vorschulischer-sprachforderung\/","title":{"rendered":"Kritik an vorschulischer Sprachf\u00f6rderung"},"content":{"rendered":"<p>Anl\u00e4sslich des diesj\u00e4hrigen \u201e17. Grundschultags Im Oldenburger M\u00fcnsterland\u201c im Kreishaus Cloppenburg hat Franz-Josef Meyer (VBE) die bisherige Sprachf\u00f6rderung in Kita und Grundschule infrage gestellt und neue Wege in der Sprachf\u00f6rderung aufgezeigt. Mehr dazu <a title=\"VBE\" href=\"http:\/\/www.gs-am-loensweg.de\/pdf\/VBE Presse 2012 02.doc\" target=\"_blank\">hier<\/a>.<\/p>\n","protected":false},"excerpt":{"rendered":"<p>Anl\u00e4sslich des diesj\u00e4hrigen \u201e17. Grundschultags Im Oldenburger M\u00fcnsterland\u201c im Kreishaus Cloppenburg hat Franz-Josef Meyer (VBE) die bisherige Sprachf\u00f6rderung in Kita und Grundschule infrage gestellt und neue Wege in der Sprachf\u00f6rderung aufgezeigt. Mehr dazu hier.<\/p>\n","protected":false},"author":9192880,"featured_media":0,"comment_status":"open","ping_status":"open","sticky":false,"template":"","format":"standard","meta":{"footnotes":""},"categories":[9],"tags":[368,405],"class_list":["post-53","post","type-post","status-publish","format-standard","hentry","category-kindergarten","tag-sprachforderung","tag-vbe"],"_links":{"self":[{"href":"https:\/\/wordpress.nibis.de\/gsloens\/wp-json\/wp\/v2\/posts\/53","targetHints":{"allow":["GET"]}}],"collection":[{"href":"https:\/\/wordpress.nibis.de\/gsloens\/wp-json\/wp\/v2\/posts"}],"about":[{"href":"https:\/\/wordpress.nibis.de\/gsloens\/wp-json\/wp\/v2\/types\/post"}],"author":[{"embeddable":true,"href":"https:\/\/wordpress.nibis.de\/gsloens\/wp-json\/wp\/v2\/users\/9192880"}],"replies":[{"embeddable":true,"href":"https:\/\/wordpress.nibis.de\/gsloens\/wp-json\/wp\/v2\/comments?post=53"}],"version-history":[{"count":0,"href":"https:\/\/wordpress.nibis.de\/gsloens\/wp-json\/wp\/v2\/posts\/53\/revisions"}],"wp:attachment":[{"href":"https:\/\/wordpress.nibis.de\/gsloens\/wp-json\/wp\/v2\/media?parent=53"}],"wp:term":[{"taxonomy":"category","embeddable":true,"href":"https:\/\/wordpress.nibis.de\/gsloens\/wp-json\/wp\/v2\/categories?post=53"},{"taxonomy":"post_tag","embeddable":true,"href":"https:\/\/wordpress.nibis.de\/gsloens\/wp-json\/wp\/v2\/tags?post=53"}],"curies":[{"name":"wp","href":"https:\/\/api.w.org\/{rel}","templated":true}]}}