{"id":1912,"date":"2019-12-02T11:34:34","date_gmt":"2019-12-02T10:34:34","guid":{"rendered":"https:\/\/wordpress.nibis.de\/gsmartinus\/?p=1912"},"modified":"2019-12-02T11:34:34","modified_gmt":"2019-12-02T10:34:34","slug":"adventsbasar","status":"publish","type":"post","link":"https:\/\/wordpress.nibis.de\/gsmartinus\/adventsbasar\/","title":{"rendered":"Adventsbasar"},"content":{"rendered":"\n<figure class=\"wp-block-image\"><img loading=\"lazy\" decoding=\"async\" width=\"1024\" height=\"575\" src=\"https:\/\/wordpress.nibis.de\/gsmartinus\/files\/2019\/12\/Adventstisch.jpeg\" alt=\"\" class=\"wp-image-1923\" srcset=\"https:\/\/wordpress.nibis.de\/gsmartinus\/files\/2019\/12\/Adventstisch.jpeg 1024w, https:\/\/wordpress.nibis.de\/gsmartinus\/files\/2019\/12\/Adventstisch-250x141.jpeg 250w, https:\/\/wordpress.nibis.de\/gsmartinus\/files\/2019\/12\/Adventstisch-850x478.jpeg 850w, https:\/\/wordpress.nibis.de\/gsmartinus\/files\/2019\/12\/Adventstisch-768x431.jpeg 768w\" sizes=\"auto, (max-width: 1024px) 100vw, 1024px\" \/><\/figure>\n\n\n\n<p>Am Samstag,\n30.11.2019 fand ein gro\u00dfer Adventsbasar statt. Hierf\u00fcr hatten nicht nur die\nSch\u00fclerinnen und Sch\u00fcler im Kunstunterricht flei\u00dfig gebastelt. Auch Eltern und\nLehrerinnen hatten sich an mehreren Nachmittagen und Abenden zum geselligen\nBasteln getroffen. <\/p>\n\n\n\n<p><br><\/p>\n\n\n\n<div class=\"wp-block-media-text alignwide\"><figure class=\"wp-block-media-text__media\"><img loading=\"lazy\" decoding=\"async\" width=\"1200\" height=\"675\" src=\"https:\/\/wordpress.nibis.de\/gsmartinus\/files\/2019\/12\/Kerzen-ziehen-1200x675.jpeg\" alt=\"\" class=\"wp-image-1914\" srcset=\"https:\/\/wordpress.nibis.de\/gsmartinus\/files\/2019\/12\/Kerzen-ziehen-1200x675.jpeg 1200w, https:\/\/wordpress.nibis.de\/gsmartinus\/files\/2019\/12\/Kerzen-ziehen-250x141.jpeg 250w, https:\/\/wordpress.nibis.de\/gsmartinus\/files\/2019\/12\/Kerzen-ziehen-850x478.jpeg 850w\" sizes=\"auto, (max-width: 1200px) 100vw, 1200px\" \/><\/figure><div class=\"wp-block-media-text__content\">\n<p>W\u00e4hrend in der Pausenhalle Basteleien, Deko, Kekse uvm. verkauft wurden,  gab es in den Klassenr\u00e4umen die M\u00f6glichkeit, Karten zu basteln, Kerzen  zu ziehen oder sich beim Erz\u00e4hltheater oder Vorlesen eine Geschichte  anzuh\u00f6ren. <\/p>\n<\/div><\/div>\n\n\n\n<p><\/p>\n\n\n\n<div class=\"wp-block-media-text alignwide\"><figure class=\"wp-block-media-text__media\"><img loading=\"lazy\" decoding=\"async\" width=\"1200\" height=\"675\" src=\"https:\/\/wordpress.nibis.de\/gsmartinus\/files\/2019\/12\/Adventsbasar-Aula-2-1200x675.jpeg\" alt=\"\" class=\"wp-image-1920\" srcset=\"https:\/\/wordpress.nibis.de\/gsmartinus\/files\/2019\/12\/Adventsbasar-Aula-2-1200x675.jpeg 1200w, https:\/\/wordpress.nibis.de\/gsmartinus\/files\/2019\/12\/Adventsbasar-Aula-2-250x141.jpeg 250w, https:\/\/wordpress.nibis.de\/gsmartinus\/files\/2019\/12\/Adventsbasar-Aula-2-850x478.jpeg 850w\" sizes=\"auto, (max-width: 1200px) 100vw, 1200px\" \/><\/figure><div class=\"wp-block-media-text__content\">\n<p> Es war ein gelungener Nachmittag mit besonderem vorweihnachtlichem  Besuch, der die Kinderherzen h\u00f6her schlagen lie\u00df! Ein besonderer Dank  gilt allen Beteiligten f\u00fcr Ihren tatkr\u00e4ftigen Einsatz! <br><\/p>\n<\/div><\/div>\n\n\n\n<p><\/p>\n","protected":false},"excerpt":{"rendered":"<p>Am Samstag, 30.11.2019 fand ein gro\u00dfer Adventsbasar statt. Hierf\u00fcr hatten nicht nur die Sch\u00fclerinnen und Sch\u00fcler im Kunstunterricht flei\u00dfig gebastelt. Auch Eltern und Lehrerinnen hatten sich an mehreren Nachmittagen und Abenden zum geselligen Basteln getroffen. W\u00e4hrend in der Pausenhalle Basteleien, &hellip; <a href=\"https:\/\/wordpress.nibis.de\/gsmartinus\/adventsbasar\/\">Weiterlesen <span class=\"meta-nav\">&rarr;<\/span><\/a><\/p>\n","protected":false},"author":9192899,"featured_media":0,"comment_status":"closed","ping_status":"closed","sticky":false,"template":"","format":"standard","meta":{"footnotes":""},"categories":[1],"tags":[],"class_list":["post-1912","post","type-post","status-publish","format-standard","hentry","category-allgemein"],"_links":{"self":[{"href":"https:\/\/wordpress.nibis.de\/gsmartinus\/wp-json\/wp\/v2\/posts\/1912","targetHints":{"allow":["GET"]}}],"collection":[{"href":"https:\/\/wordpress.nibis.de\/gsmartinus\/wp-json\/wp\/v2\/posts"}],"about":[{"href":"https:\/\/wordpress.nibis.de\/gsmartinus\/wp-json\/wp\/v2\/types\/post"}],"author":[{"embeddable":true,"href":"https:\/\/wordpress.nibis.de\/gsmartinus\/wp-json\/wp\/v2\/users\/9192899"}],"replies":[{"embeddable":true,"href":"https:\/\/wordpress.nibis.de\/gsmartinus\/wp-json\/wp\/v2\/comments?post=1912"}],"version-history":[{"count":5,"href":"https:\/\/wordpress.nibis.de\/gsmartinus\/wp-json\/wp\/v2\/posts\/1912\/revisions"}],"predecessor-version":[{"id":1924,"href":"https:\/\/wordpress.nibis.de\/gsmartinus\/wp-json\/wp\/v2\/posts\/1912\/revisions\/1924"}],"wp:attachment":[{"href":"https:\/\/wordpress.nibis.de\/gsmartinus\/wp-json\/wp\/v2\/media?parent=1912"}],"wp:term":[{"taxonomy":"category","embeddable":true,"href":"https:\/\/wordpress.nibis.de\/gsmartinus\/wp-json\/wp\/v2\/categories?post=1912"},{"taxonomy":"post_tag","embeddable":true,"href":"https:\/\/wordpress.nibis.de\/gsmartinus\/wp-json\/wp\/v2\/tags?post=1912"}],"curies":[{"name":"wp","href":"https:\/\/api.w.org\/{rel}","templated":true}]}}