{"id":2127,"date":"2020-11-20T12:12:44","date_gmt":"2020-11-20T11:12:44","guid":{"rendered":"https:\/\/wordpress.nibis.de\/gsmartinus\/?p=2127"},"modified":"2020-11-20T12:12:44","modified_gmt":"2020-11-20T11:12:44","slug":"vorlesetag","status":"publish","type":"post","link":"https:\/\/wordpress.nibis.de\/gsmartinus\/vorlesetag\/","title":{"rendered":"Vorlesetag"},"content":{"rendered":"\n<figure class=\"wp-block-image size-full\"><img decoding=\"async\" src=\"https:\/\/wordpress.nibis.de\/gsmartinus\/files\/2020\/11\/01062A43-A674-4C46-BDFB-C8A9C97EF03F-scaled.jpeg\" alt=\"\" class=\"wp-image-2128\" \/><\/figure>\n\n\n\n<p>Am 20.11.2020 war wieder der bundesweite Vorlesetag unter dem Motto \u201eEuropa und die Welt\u201c. Durch die aktuelle Situation konnten dieses Jahr leider keine G\u00e4ste in die Schule eingeladen werden. Stattdessen lasen Lehrer, Sch\u00fcler per Videokonferenz und Prominente digital wie z. B. Thomas M\u00fcller, Cornelia Funke und Annette Frier den Sch\u00fclern vor.<\/p>\n","protected":false},"excerpt":{"rendered":"<p>Am 20.11.2020 war wieder der bundesweite Vorlesetag unter dem Motto \u201eEuropa und die Welt\u201c. Durch die aktuelle Situation konnten dieses Jahr leider keine G\u00e4ste in die Schule eingeladen werden. Stattdessen lasen Lehrer, Sch\u00fcler per Videokonferenz und Prominente digital wie z. &hellip; <a href=\"https:\/\/wordpress.nibis.de\/gsmartinus\/vorlesetag\/\">Weiterlesen <span class=\"meta-nav\">&rarr;<\/span><\/a><\/p>\n","protected":false},"author":9192899,"featured_media":0,"comment_status":"closed","ping_status":"closed","sticky":false,"template":"","format":"standard","meta":{"footnotes":""},"categories":[1],"tags":[],"class_list":["post-2127","post","type-post","status-publish","format-standard","hentry","category-allgemein"],"_links":{"self":[{"href":"https:\/\/wordpress.nibis.de\/gsmartinus\/wp-json\/wp\/v2\/posts\/2127","targetHints":{"allow":["GET"]}}],"collection":[{"href":"https:\/\/wordpress.nibis.de\/gsmartinus\/wp-json\/wp\/v2\/posts"}],"about":[{"href":"https:\/\/wordpress.nibis.de\/gsmartinus\/wp-json\/wp\/v2\/types\/post"}],"author":[{"embeddable":true,"href":"https:\/\/wordpress.nibis.de\/gsmartinus\/wp-json\/wp\/v2\/users\/9192899"}],"replies":[{"embeddable":true,"href":"https:\/\/wordpress.nibis.de\/gsmartinus\/wp-json\/wp\/v2\/comments?post=2127"}],"version-history":[{"count":1,"href":"https:\/\/wordpress.nibis.de\/gsmartinus\/wp-json\/wp\/v2\/posts\/2127\/revisions"}],"predecessor-version":[{"id":2129,"href":"https:\/\/wordpress.nibis.de\/gsmartinus\/wp-json\/wp\/v2\/posts\/2127\/revisions\/2129"}],"wp:attachment":[{"href":"https:\/\/wordpress.nibis.de\/gsmartinus\/wp-json\/wp\/v2\/media?parent=2127"}],"wp:term":[{"taxonomy":"category","embeddable":true,"href":"https:\/\/wordpress.nibis.de\/gsmartinus\/wp-json\/wp\/v2\/categories?post=2127"},{"taxonomy":"post_tag","embeddable":true,"href":"https:\/\/wordpress.nibis.de\/gsmartinus\/wp-json\/wp\/v2\/tags?post=2127"}],"curies":[{"name":"wp","href":"https:\/\/api.w.org\/{rel}","templated":true}]}}