{"id":2141,"date":"2021-01-06T17:21:42","date_gmt":"2021-01-06T16:21:42","guid":{"rendered":"https:\/\/wordpress.nibis.de\/gsmartinus\/?p=2141"},"modified":"2021-01-06T18:10:40","modified_gmt":"2021-01-06T17:10:40","slug":"neue-beschluesse-und-deren-umsetzungen","status":"publish","type":"post","link":"https:\/\/wordpress.nibis.de\/gsmartinus\/neue-beschluesse-und-deren-umsetzungen\/","title":{"rendered":"Neue Beschl\u00fcsse und deren Umsetzungen"},"content":{"rendered":"\n<p>Liebe Eltern und Erziehungsberechtigte, <\/p>\n\n\n\n<p>wir w\u00fcnschen Ihnen ein frohes neues Jahr mit soviel Zuversicht wie nur m\u00f6glich! <\/p>\n\n\n\n<p>F\u00fcr die Zeit nach den Weihnachtsferien ergeben sich aus aktuellem Anlass folgende \u00c4nderungen: <\/p>\n\n\n\n<p>11.01. &#8211; 15.01.2021: Szenario C: Lernen zu Hause, kein Ganztag.                   Die Notbetreuung von 7.30 bis 12.30 Uhr muss m\u00f6glichst zeitnah bei der Schulleitung beantragt werden: <a rel=\"noreferrer noopener\" href=\"&#109;a&#105;l&#116;o&#x3a;m&#x61;r&#x74;i&#x6e;u&#x73;s&#x63;h&#x75;l&#x65;&#46;&#x62;r&#x61;&#109;&#x73;&#99;&#x68;&#101;&#x40;&#116;&#x2d;&#111;&#x6e;&#108;&#x69;&#110;&#x65;&#46;&#x64;&#101;\" target=\"_blank\">m&#97;&#114;&#x74;&#x69;nu&#115;&#115;&#x63;&#x68;ul&#101;&#46;&#x62;&#x72;am&#115;&#x63;&#x68;&#x65;&#64;&#116;&#45;&#x6f;&#x6e;&#x6c;i&#110;&#101;&#x2e;&#x64;&#x65;<\/a>                                                                 Die Notbetreuung dient nur dazu, Kinder aufzunehmen, bei denen Eltern in betriebsnotwendiger Stellung in einem Berufszweig von allgemeinem \u00f6ffentlichen Interesse t\u00e4tig sind. Legen Sie im Antrag bitte die Gr\u00fcnde dar, warum Sie eine Notbetreuung in Anspruch nehmen m\u00fcssen. <br><\/p>\n\n\n\n<p>18.01.2021 &#8211; 29.01.2021: Szenario B: Wechselunterricht, Gruppe A beginnt, kein Ganztag.                                                                                          Informationen zur Notbetreuung in Szenario B folgen in der n\u00e4chsten Woche. <\/p>\n\n\n<p><a href=\"https:\/\/wordpress.nibis.de\/gsmartinus\/files\/2021\/01\/2021-01-05_Brief_an_Eltern.pdf\">2021-01-05_Brief_an_Eltern<\/a><\/p>\n\n\n\n\n<p>Das Team der Martinusschule<\/p>\n","protected":false},"excerpt":{"rendered":"<p>Liebe Eltern und Erziehungsberechtigte, wir w\u00fcnschen Ihnen ein frohes neues Jahr mit soviel Zuversicht wie nur m\u00f6glich! F\u00fcr die Zeit nach den Weihnachtsferien ergeben sich aus aktuellem Anlass folgende \u00c4nderungen: 11.01. &#8211; 15.01.2021: Szenario C: Lernen zu Hause, kein Ganztag. &hellip; <a href=\"https:\/\/wordpress.nibis.de\/gsmartinus\/neue-beschluesse-und-deren-umsetzungen\/\">Weiterlesen <span class=\"meta-nav\">&rarr;<\/span><\/a><\/p>\n","protected":false},"author":9192899,"featured_media":0,"comment_status":"closed","ping_status":"closed","sticky":false,"template":"","format":"standard","meta":{"footnotes":""},"categories":[1],"tags":[],"class_list":["post-2141","post","type-post","status-publish","format-standard","hentry","category-allgemein"],"_links":{"self":[{"href":"https:\/\/wordpress.nibis.de\/gsmartinus\/wp-json\/wp\/v2\/posts\/2141","targetHints":{"allow":["GET"]}}],"collection":[{"href":"https:\/\/wordpress.nibis.de\/gsmartinus\/wp-json\/wp\/v2\/posts"}],"about":[{"href":"https:\/\/wordpress.nibis.de\/gsmartinus\/wp-json\/wp\/v2\/types\/post"}],"author":[{"embeddable":true,"href":"https:\/\/wordpress.nibis.de\/gsmartinus\/wp-json\/wp\/v2\/users\/9192899"}],"replies":[{"embeddable":true,"href":"https:\/\/wordpress.nibis.de\/gsmartinus\/wp-json\/wp\/v2\/comments?post=2141"}],"version-history":[{"count":3,"href":"https:\/\/wordpress.nibis.de\/gsmartinus\/wp-json\/wp\/v2\/posts\/2141\/revisions"}],"predecessor-version":[{"id":2146,"href":"https:\/\/wordpress.nibis.de\/gsmartinus\/wp-json\/wp\/v2\/posts\/2141\/revisions\/2146"}],"wp:attachment":[{"href":"https:\/\/wordpress.nibis.de\/gsmartinus\/wp-json\/wp\/v2\/media?parent=2141"}],"wp:term":[{"taxonomy":"category","embeddable":true,"href":"https:\/\/wordpress.nibis.de\/gsmartinus\/wp-json\/wp\/v2\/categories?post=2141"},{"taxonomy":"post_tag","embeddable":true,"href":"https:\/\/wordpress.nibis.de\/gsmartinus\/wp-json\/wp\/v2\/tags?post=2141"}],"curies":[{"name":"wp","href":"https:\/\/api.w.org\/{rel}","templated":true}]}}