{"id":2266,"date":"2021-09-20T13:22:35","date_gmt":"2021-09-20T11:22:35","guid":{"rendered":"https:\/\/wordpress.nibis.de\/gsmartinus\/?p=2266"},"modified":"2021-09-20T13:23:28","modified_gmt":"2021-09-20T11:23:28","slug":"weltkindertag","status":"publish","type":"post","link":"https:\/\/wordpress.nibis.de\/gsmartinus\/weltkindertag\/","title":{"rendered":"Weltkindertag"},"content":{"rendered":"\n<figure class=\"wp-block-image size-large\"><img loading=\"lazy\" decoding=\"async\" width=\"1200\" height=\"675\" src=\"https:\/\/wordpress.nibis.de\/gsmartinus\/files\/2021\/09\/Weltkindertag-1-1-1200x675.jpg\" alt=\"\" class=\"wp-image-2267\" srcset=\"https:\/\/wordpress.nibis.de\/gsmartinus\/files\/2021\/09\/Weltkindertag-1-1-1200x675.jpg 1200w, https:\/\/wordpress.nibis.de\/gsmartinus\/files\/2021\/09\/Weltkindertag-1-1-850x478.jpg 850w, https:\/\/wordpress.nibis.de\/gsmartinus\/files\/2021\/09\/Weltkindertag-1-1-250x141.jpg 250w\" sizes=\"auto, (max-width: 1200px) 100vw, 1200px\" \/><\/figure>\n\n\n<p>Zum Weltkindertag am 20.09.21 hatte die Stadtjugendpflege die 4. Klassen der Martinusschule auf den M\u00fcnsterplatz eingeladen. Die Sch\u00fclerInnen konnten mit Stra\u00dfenkreide malen, Buttons herstellen und sich \u00fcber die geltenden Kinderrechte informieren.<\/p>\n<p>Die anderen Sch\u00fclerInnen der Martinusschule gestalteten mit bunter Kreide den Schulhof zum Thema &#8222;Was w\u00fcnsche ich mir&#8220;.<\/p>\n<p>\u00a0<\/p>\n\n\n<figure class=\"wp-block-image size-large\"><img loading=\"lazy\" decoding=\"async\" width=\"1200\" height=\"675\" src=\"https:\/\/wordpress.nibis.de\/gsmartinus\/files\/2021\/09\/Weltkindertag-Schulhof-1200x675.jpeg\" alt=\"\" class=\"wp-image-2268\" srcset=\"https:\/\/wordpress.nibis.de\/gsmartinus\/files\/2021\/09\/Weltkindertag-Schulhof-1200x675.jpeg 1200w, https:\/\/wordpress.nibis.de\/gsmartinus\/files\/2021\/09\/Weltkindertag-Schulhof-850x478.jpeg 850w, https:\/\/wordpress.nibis.de\/gsmartinus\/files\/2021\/09\/Weltkindertag-Schulhof-250x141.jpeg 250w\" sizes=\"auto, (max-width: 1200px) 100vw, 1200px\" \/><\/figure>\n\n\n","protected":false},"excerpt":{"rendered":"<p>Zum Weltkindertag am 20.09.21 hatte die Stadtjugendpflege die 4. Klassen der Martinusschule auf den M\u00fcnsterplatz eingeladen. Die Sch\u00fclerInnen konnten mit Stra\u00dfenkreide malen, Buttons herstellen und sich \u00fcber die geltenden Kinderrechte informieren. Die anderen Sch\u00fclerInnen der Martinusschule gestalteten mit bunter Kreide &hellip; <a href=\"https:\/\/wordpress.nibis.de\/gsmartinus\/weltkindertag\/\">Weiterlesen <span class=\"meta-nav\">&rarr;<\/span><\/a><\/p>\n","protected":false},"author":9192899,"featured_media":0,"comment_status":"closed","ping_status":"closed","sticky":false,"template":"","format":"standard","meta":{"footnotes":""},"categories":[1],"tags":[],"class_list":["post-2266","post","type-post","status-publish","format-standard","hentry","category-allgemein"],"_links":{"self":[{"href":"https:\/\/wordpress.nibis.de\/gsmartinus\/wp-json\/wp\/v2\/posts\/2266","targetHints":{"allow":["GET"]}}],"collection":[{"href":"https:\/\/wordpress.nibis.de\/gsmartinus\/wp-json\/wp\/v2\/posts"}],"about":[{"href":"https:\/\/wordpress.nibis.de\/gsmartinus\/wp-json\/wp\/v2\/types\/post"}],"author":[{"embeddable":true,"href":"https:\/\/wordpress.nibis.de\/gsmartinus\/wp-json\/wp\/v2\/users\/9192899"}],"replies":[{"embeddable":true,"href":"https:\/\/wordpress.nibis.de\/gsmartinus\/wp-json\/wp\/v2\/comments?post=2266"}],"version-history":[{"count":2,"href":"https:\/\/wordpress.nibis.de\/gsmartinus\/wp-json\/wp\/v2\/posts\/2266\/revisions"}],"predecessor-version":[{"id":2270,"href":"https:\/\/wordpress.nibis.de\/gsmartinus\/wp-json\/wp\/v2\/posts\/2266\/revisions\/2270"}],"wp:attachment":[{"href":"https:\/\/wordpress.nibis.de\/gsmartinus\/wp-json\/wp\/v2\/media?parent=2266"}],"wp:term":[{"taxonomy":"category","embeddable":true,"href":"https:\/\/wordpress.nibis.de\/gsmartinus\/wp-json\/wp\/v2\/categories?post=2266"},{"taxonomy":"post_tag","embeddable":true,"href":"https:\/\/wordpress.nibis.de\/gsmartinus\/wp-json\/wp\/v2\/tags?post=2266"}],"curies":[{"name":"wp","href":"https:\/\/api.w.org\/{rel}","templated":true}]}}