{"id":2360,"date":"2022-05-17T12:29:35","date_gmt":"2022-05-17T10:29:35","guid":{"rendered":"https:\/\/wordpress.nibis.de\/gsmartinus\/?p=2360"},"modified":"2022-05-17T12:31:02","modified_gmt":"2022-05-17T10:31:02","slug":"art-explosion","status":"publish","type":"post","link":"https:\/\/wordpress.nibis.de\/gsmartinus\/art-explosion\/","title":{"rendered":"art explosion."},"content":{"rendered":"\n<p><img loading=\"lazy\" decoding=\"async\" class=\"alignnone size-medium wp-image-2361\" src=\"https:\/\/wordpress.nibis.de\/gsmartinus\/files\/2022\/05\/art-explsion-3-850x478.jpeg\" alt=\"\" width=\"850\" height=\"478\" srcset=\"https:\/\/wordpress.nibis.de\/gsmartinus\/files\/2022\/05\/art-explsion-3-850x478.jpeg 850w, https:\/\/wordpress.nibis.de\/gsmartinus\/files\/2022\/05\/art-explsion-3-1200x675.jpeg 1200w, https:\/\/wordpress.nibis.de\/gsmartinus\/files\/2022\/05\/art-explsion-3-250x141.jpeg 250w\" sizes=\"auto, (max-width: 850px) 100vw, 850px\" \/><\/p>\n\n\n<p>Vom Kunstwerk zur\u00a0 Ausstellung oder art explosion.<\/p>\n<p>Im Mai fuhren alle Sch\u00fcler klassenweise nach Osnabr\u00fcck um am Kunstprojekt art explosion. teilzunehmen. Der kreative Tag fand in den R\u00e4umen des KunstvermittlungsRaumes KunstSprung in den Martinih\u00f6fen statt. Das Projekt wurde von Frau Kannengie\u00dfer durchgef\u00fchrt. Die K\u00fcnstlerin Conny Borck pr\u00e4sentierte den Kindern f\u00fcnf Bilder, die sie mit bewegter Kamera aufgenommen hatte. Die Kinder \u00e4u\u00dferten sich zu den Bildern und stellten Fragen. Im Anschluss gestalteten sie selbst in Gruppen Landschaftsbilder, die\u00a0 durch die Frottage- Technik bewegt aussahen. Die Kinder entwickelten viele kreative Ideen bei der Umsetzung ihrer Kunstwerke. Die fertigen Bilder wurden anschlie\u00dfend zu einem Gesamtkunstwerk zusammengesetzt.<\/p>\n<p>Das Projekt, dass den Kindern viel Spa\u00df gemacht hat, wurde durch die &#8222;felicitas und werner +egerland stiftung+&#8220; erm\u00f6glicht.<\/p>\n<p>Die Kunstwerke k\u00f6nnen am 1. Juli 2022 im Rahmen des Schulfestes bestaunt werden.<\/p>\n<p>\u00a0<\/p>","protected":false},"excerpt":{"rendered":"<p>Vom Kunstwerk zur\u00a0 Ausstellung oder art explosion. Im Mai fuhren alle Sch\u00fcler klassenweise nach Osnabr\u00fcck um am Kunstprojekt art explosion. teilzunehmen. Der kreative Tag fand in den R\u00e4umen des KunstvermittlungsRaumes KunstSprung in den Martinih\u00f6fen statt. Das Projekt wurde von Frau &hellip; <a href=\"https:\/\/wordpress.nibis.de\/gsmartinus\/art-explosion\/\">Weiterlesen <span class=\"meta-nav\">&rarr;<\/span><\/a><\/p>\n","protected":false},"author":9192899,"featured_media":0,"comment_status":"closed","ping_status":"closed","sticky":false,"template":"","format":"standard","meta":{"footnotes":""},"categories":[1],"tags":[],"class_list":["post-2360","post","type-post","status-publish","format-standard","hentry","category-allgemein"],"_links":{"self":[{"href":"https:\/\/wordpress.nibis.de\/gsmartinus\/wp-json\/wp\/v2\/posts\/2360","targetHints":{"allow":["GET"]}}],"collection":[{"href":"https:\/\/wordpress.nibis.de\/gsmartinus\/wp-json\/wp\/v2\/posts"}],"about":[{"href":"https:\/\/wordpress.nibis.de\/gsmartinus\/wp-json\/wp\/v2\/types\/post"}],"author":[{"embeddable":true,"href":"https:\/\/wordpress.nibis.de\/gsmartinus\/wp-json\/wp\/v2\/users\/9192899"}],"replies":[{"embeddable":true,"href":"https:\/\/wordpress.nibis.de\/gsmartinus\/wp-json\/wp\/v2\/comments?post=2360"}],"version-history":[{"count":2,"href":"https:\/\/wordpress.nibis.de\/gsmartinus\/wp-json\/wp\/v2\/posts\/2360\/revisions"}],"predecessor-version":[{"id":2363,"href":"https:\/\/wordpress.nibis.de\/gsmartinus\/wp-json\/wp\/v2\/posts\/2360\/revisions\/2363"}],"wp:attachment":[{"href":"https:\/\/wordpress.nibis.de\/gsmartinus\/wp-json\/wp\/v2\/media?parent=2360"}],"wp:term":[{"taxonomy":"category","embeddable":true,"href":"https:\/\/wordpress.nibis.de\/gsmartinus\/wp-json\/wp\/v2\/categories?post=2360"},{"taxonomy":"post_tag","embeddable":true,"href":"https:\/\/wordpress.nibis.de\/gsmartinus\/wp-json\/wp\/v2\/tags?post=2360"}],"curies":[{"name":"wp","href":"https:\/\/api.w.org\/{rel}","templated":true}]}}