{"id":3294,"date":"2026-04-16T13:27:25","date_gmt":"2026-04-16T11:27:25","guid":{"rendered":"https:\/\/wordpress.nibis.de\/gsmartinus\/?p=3294"},"modified":"2026-04-16T13:27:25","modified_gmt":"2026-04-16T11:27:25","slug":"interreligioese-fuehrung-jahrgang-4","status":"publish","type":"post","link":"https:\/\/wordpress.nibis.de\/gsmartinus\/interreligioese-fuehrung-jahrgang-4\/","title":{"rendered":"Interreligi\u00f6se F\u00fchrung Jahrgang 4"},"content":{"rendered":"\n<div class=\"wp-block-image\"><img loading=\"lazy\" decoding=\"async\" class=\"wpa-warning wpa-image-missing-alt alignnone size-medium wp-image-3295\" src=\"https:\/\/wordpress.nibis.de\/gsmartinus\/files\/2026\/04\/IMG_3342-850x478.jpeg\" alt=\"\" width=\"850\" height=\"478\" data-warning=\"Missing alt text\" srcset=\"https:\/\/wordpress.nibis.de\/gsmartinus\/files\/2026\/04\/IMG_3342-850x478.jpeg 850w, https:\/\/wordpress.nibis.de\/gsmartinus\/files\/2026\/04\/IMG_3342-1200x675.jpeg 1200w, https:\/\/wordpress.nibis.de\/gsmartinus\/files\/2026\/04\/IMG_3342-250x141.jpeg 250w\" sizes=\"auto, (max-width: 850px) 100vw, 850px\" \/><\/div>\n\n\n\n<p>Als Sch\u00fcler und Sch\u00fclerinnen einer kath. Grundschule sind christliche Gottesh\u00e4user den Kindern auf jeden Fall bekannt. Dennoch ist eine F\u00fchrung im Dom doch noch ein ganz eigenes Erlebnis und die Atmosph\u00e4re im Dom besonders. Beeindruckend war dann f\u00fcr die Kinder der Besuch in einer Moschee, in der die meisten Kinder das erste Mal gewesen sind. Die Gebetsr\u00e4ume einmal &#8222;in echt&#8220; zu sehen und nicht nur in B\u00fcchern und auf Bildern&#8230;das wird niemand so schnell vergessen.<\/p>\n","protected":false},"excerpt":{"rendered":"<p>Als Sch\u00fcler und Sch\u00fclerinnen einer kath. Grundschule sind christliche Gottesh\u00e4user den Kindern auf jeden Fall bekannt. Dennoch ist eine F\u00fchrung im Dom doch noch ein ganz eigenes Erlebnis und die Atmosph\u00e4re im Dom besonders. Beeindruckend war dann f\u00fcr die Kinder &hellip; <a href=\"https:\/\/wordpress.nibis.de\/gsmartinus\/interreligioese-fuehrung-jahrgang-4\/\">Weiterlesen <span class=\"meta-nav\">&rarr;<\/span><\/a><\/p>\n","protected":false},"author":9192899,"featured_media":0,"comment_status":"open","ping_status":"open","sticky":false,"template":"","format":"standard","meta":{"footnotes":""},"categories":[1],"tags":[],"class_list":["post-3294","post","type-post","status-publish","format-standard","hentry","category-allgemein"],"_links":{"self":[{"href":"https:\/\/wordpress.nibis.de\/gsmartinus\/wp-json\/wp\/v2\/posts\/3294","targetHints":{"allow":["GET"]}}],"collection":[{"href":"https:\/\/wordpress.nibis.de\/gsmartinus\/wp-json\/wp\/v2\/posts"}],"about":[{"href":"https:\/\/wordpress.nibis.de\/gsmartinus\/wp-json\/wp\/v2\/types\/post"}],"author":[{"embeddable":true,"href":"https:\/\/wordpress.nibis.de\/gsmartinus\/wp-json\/wp\/v2\/users\/9192899"}],"replies":[{"embeddable":true,"href":"https:\/\/wordpress.nibis.de\/gsmartinus\/wp-json\/wp\/v2\/comments?post=3294"}],"version-history":[{"count":1,"href":"https:\/\/wordpress.nibis.de\/gsmartinus\/wp-json\/wp\/v2\/posts\/3294\/revisions"}],"predecessor-version":[{"id":3296,"href":"https:\/\/wordpress.nibis.de\/gsmartinus\/wp-json\/wp\/v2\/posts\/3294\/revisions\/3296"}],"wp:attachment":[{"href":"https:\/\/wordpress.nibis.de\/gsmartinus\/wp-json\/wp\/v2\/media?parent=3294"}],"wp:term":[{"taxonomy":"category","embeddable":true,"href":"https:\/\/wordpress.nibis.de\/gsmartinus\/wp-json\/wp\/v2\/categories?post=3294"},{"taxonomy":"post_tag","embeddable":true,"href":"https:\/\/wordpress.nibis.de\/gsmartinus\/wp-json\/wp\/v2\/tags?post=3294"}],"curies":[{"name":"wp","href":"https:\/\/api.w.org\/{rel}","templated":true}]}}