{"id":3465,"date":"2026-09-01T19:06:32","date_gmt":"2026-09-01T17:06:32","guid":{"rendered":"https:\/\/wordpress.nibis.de\/gsmenslage\/?p=3465"},"modified":"2026-09-01T19:06:32","modified_gmt":"2026-09-01T17:06:32","slug":"neuer-schulelternrat-an-unserer-grundschule","status":"publish","type":"post","link":"https:\/\/wordpress.nibis.de\/gsmenslage\/neuer-schulelternrat-an-unserer-grundschule\/","title":{"rendered":"Neuer Schulelternrat an unserer Grundschule"},"content":{"rendered":"\n<p>Frau Nina Wiese wurde nach vier Jahren erfolgreicher Arbeit als Vorsitzende des Schulelternrates verabschiedet.<\/p>\n<p>Frau Carina Hackmann war als stellvertretende Schulelternratsvorsitzende f\u00fcr drei Jahre sehr aktiv im Gremium t\u00e4tig und stand zur Wiederwahl zur Verf\u00fcgung. Sie wurde nun zur Schulelternratsvorsitzenden gew\u00e4hlt.<\/p>\n<p>Stellvertretende Elternratsvorsitzende wurde Natascha Loharens, die schon jahrelang als Klassenelternratsvorsitzende aktiv dabei ist.\u00a0<\/p>\n<p>Wir freuen uns auf die Zusammenarbeit!<\/p>\n\n\n\n<div class=\"wp-block-image\"><img loading=\"lazy\" decoding=\"async\" class=\"wpa-warning wpa-image-missing-alt aligncenter size-full wp-image-3466\" src=\"https:\/\/wordpress.nibis.de\/gsmenslage\/files\/2026\/09\/2026-08-27-Schulelternrat-scaled.jpg\" alt=\"\" width=\"2094\" height=\"2560\" data-warning=\"Missing alt text\" srcset=\"https:\/\/wordpress.nibis.de\/gsmenslage\/files\/2026\/09\/2026-08-27-Schulelternrat-scaled.jpg 2094w, https:\/\/wordpress.nibis.de\/gsmenslage\/files\/2026\/09\/2026-08-27-Schulelternrat-245x300.jpg 245w, https:\/\/wordpress.nibis.de\/gsmenslage\/files\/2026\/09\/2026-08-27-Schulelternrat-838x1024.jpg 838w, https:\/\/wordpress.nibis.de\/gsmenslage\/files\/2026\/09\/2026-08-27-Schulelternrat-768x939.jpg 768w, https:\/\/wordpress.nibis.de\/gsmenslage\/files\/2026\/09\/2026-08-27-Schulelternrat-100x122.jpg 100w, https:\/\/wordpress.nibis.de\/gsmenslage\/files\/2026\/09\/2026-08-27-Schulelternrat-1257x1536.jpg 1257w, https:\/\/wordpress.nibis.de\/gsmenslage\/files\/2026\/09\/2026-08-27-Schulelternrat-1676x2048.jpg 1676w, https:\/\/wordpress.nibis.de\/gsmenslage\/files\/2026\/09\/2026-08-27-Schulelternrat-311x380.jpg 311w\" sizes=\"auto, (max-width: 2094px) 100vw, 2094px\" \/><\/div>\n","protected":false},"excerpt":{"rendered":"<p>Frau Nina Wiese wurde nach vier Jahren erfolgreicher Arbeit als Vorsitzende des Schulelternrates verabschiedet. Frau Carina Hackmann war als stellvertretende Schulelternratsvorsitzende f\u00fcr drei Jahre sehr aktiv im Gremium t\u00e4tig und stand zur Wiederwahl zur Verf\u00fcgung. Sie wurde nun zur Schulelternratsvorsitzenden gew\u00e4hlt. Stellvertretende Elternratsvorsitzende wurde Natascha Loharens, die schon jahrelang als Klassenelternratsvorsitzende aktiv dabei ist.\u00a0 Wir &hellip; <a href=\"https:\/\/wordpress.nibis.de\/gsmenslage\/neuer-schulelternrat-an-unserer-grundschule\/\" class=\"more-link\">Weiterlesen <span class=\"screen-reader-text\">Neuer Schulelternrat an unserer Grundschule<\/span><\/a><\/p>\n","protected":false},"author":1243,"featured_media":0,"comment_status":"closed","ping_status":"closed","sticky":false,"template":"","format":"standard","meta":{"footnotes":""},"categories":[1],"tags":[],"class_list":["post-3465","post","type-post","status-publish","format-standard","hentry","category-allgemein","without-featured-image"],"_links":{"self":[{"href":"https:\/\/wordpress.nibis.de\/gsmenslage\/wp-json\/wp\/v2\/posts\/3465","targetHints":{"allow":["GET"]}}],"collection":[{"href":"https:\/\/wordpress.nibis.de\/gsmenslage\/wp-json\/wp\/v2\/posts"}],"about":[{"href":"https:\/\/wordpress.nibis.de\/gsmenslage\/wp-json\/wp\/v2\/types\/post"}],"author":[{"embeddable":true,"href":"https:\/\/wordpress.nibis.de\/gsmenslage\/wp-json\/wp\/v2\/users\/1243"}],"replies":[{"embeddable":true,"href":"https:\/\/wordpress.nibis.de\/gsmenslage\/wp-json\/wp\/v2\/comments?post=3465"}],"version-history":[{"count":1,"href":"https:\/\/wordpress.nibis.de\/gsmenslage\/wp-json\/wp\/v2\/posts\/3465\/revisions"}],"predecessor-version":[{"id":3467,"href":"https:\/\/wordpress.nibis.de\/gsmenslage\/wp-json\/wp\/v2\/posts\/3465\/revisions\/3467"}],"wp:attachment":[{"href":"https:\/\/wordpress.nibis.de\/gsmenslage\/wp-json\/wp\/v2\/media?parent=3465"}],"wp:term":[{"taxonomy":"category","embeddable":true,"href":"https:\/\/wordpress.nibis.de\/gsmenslage\/wp-json\/wp\/v2\/categories?post=3465"},{"taxonomy":"post_tag","embeddable":true,"href":"https:\/\/wordpress.nibis.de\/gsmenslage\/wp-json\/wp\/v2\/tags?post=3465"}],"curies":[{"name":"wp","href":"https:\/\/api.w.org\/{rel}","templated":true}]}}