{"id":7478,"date":"2026-08-28T20:59:56","date_gmt":"2026-08-28T18:59:56","guid":{"rendered":"https:\/\/wordpress.nibis.de\/gspowe\/?p=7478"},"modified":"2026-08-28T20:59:56","modified_gmt":"2026-08-28T18:59:56","slug":"herzlich-willkommen-liebe-erstklaesslerinnen-und-erstklaessler","status":"publish","type":"post","link":"https:\/\/wordpress.nibis.de\/gspowe\/herzlich-willkommen-liebe-erstklaesslerinnen-und-erstklaessler\/","title":{"rendered":"Herzlich willkommen, liebe Erstkl\u00e4sslerinnen und Erstkl\u00e4ssler!"},"content":{"rendered":"<p>Am 15. August war es endlich soweit: Unsere neuen Erstkl\u00e4sslerinnen und Erstkl\u00e4ssler wurden feierlich eingeschult! Der besondere Tag begann mit einem gemeinsamen Gottesdienst in der Christuskirche. Anschlie\u00dfend ging es in unserer Pausenhalle mit der Einschulungsfeier weiter. Die beiden Patenklassen 3a und 3b hatten daf\u00fcr ein buntes B\u00fchnenprogramm vorbereitet. Es standen vor allem fr\u00f6hliche Lieder auf dem Programm, die f\u00fcr eine tolle Stimmung sorgten. Danach hie\u00df es f\u00fcr die Kinder: Auf in die erste Unterrichtsstunde! In der Klasse 1a lernten sie ihr Klassentier Nila Nilpferd kennen, w\u00e4hrend die Kinder der Klasse 1b ihre Schildkr\u00f6te Fischbr\u00f6tchen begr\u00fc\u00dften. W\u00e4hrend die Kinder ihre erste Unterrichtsstunde erlebten, sorgten die Eltern der dritten Klassen f\u00fcr das leibliche Wohl der G\u00e4ste. Bei Kaffee, belegten Br\u00f6tchen und leckerem Kuchen konnten sich Eltern und Angeh\u00f6rige die Wartezeit gem\u00fctlich vertreiben. Ein rundum sch\u00f6ner und fr\u00f6hlicher Einschulungstag, an dem unsere neuen Erstkl\u00e4sslerinnen und Erstkl\u00e4ssler herzlich in unserer Schulgemeinschaft willkommen gehei\u00dfen wurden. Wir w\u00fcnschen ihnen eine spannende, gl\u00fcckliche und erfolgreiche Grundschulzeit!<\/p>\n<p>&nbsp;<\/p>\n<div class=\"wp-block-image\"><img loading=\"lazy\" decoding=\"async\" class=\"wpa-warning wpa-image-missing-alt aligncenter size-full wp-image-7482\" src=\"https:\/\/wordpress.nibis.de\/gspowe\/files\/IMG_1283.jpeg\" alt=\"\" width=\"561\" height=\"421\" data-warning=\"Missing alt text\" srcset=\"https:\/\/wordpress.nibis.de\/gspowe\/files\/IMG_1283.jpeg 561w, https:\/\/wordpress.nibis.de\/gspowe\/files\/IMG_1283-100x75.jpeg 100w\" sizes=\"auto, (max-width: 561px) 100vw, 561px\" \/><\/div>\n","protected":false},"excerpt":{"rendered":"<p>Am 15. August war es endlich soweit: Unsere neuen Erstkl\u00e4sslerinnen und Erstkl\u00e4ssler wurden feierlich eingeschult! Der besondere Tag begann mit einem gemeinsamen Gottesdienst in der Christuskirche. Anschlie\u00dfend ging es in unserer Pausenhalle mit der Einschulungsfeier weiter. Die beiden Patenklassen 3a und 3b hatten daf\u00fcr ein buntes B\u00fchnenprogramm vorbereitet. Es standen vor allem fr\u00f6hliche Lieder auf [&hellip;]<\/p>\n","protected":false},"author":288,"featured_media":0,"comment_status":"closed","ping_status":"closed","sticky":false,"template":"","format":"standard","meta":{"footnotes":"","_members_access_role":[],"_members_access_error":""},"categories":[1],"tags":[],"class_list":["post-7478","post","type-post","status-publish","format-standard","hentry","category-allgemein"],"_links":{"self":[{"href":"https:\/\/wordpress.nibis.de\/gspowe\/wp-json\/wp\/v2\/posts\/7478","targetHints":{"allow":["GET"]}}],"collection":[{"href":"https:\/\/wordpress.nibis.de\/gspowe\/wp-json\/wp\/v2\/posts"}],"about":[{"href":"https:\/\/wordpress.nibis.de\/gspowe\/wp-json\/wp\/v2\/types\/post"}],"author":[{"embeddable":true,"href":"https:\/\/wordpress.nibis.de\/gspowe\/wp-json\/wp\/v2\/users\/288"}],"replies":[{"embeddable":true,"href":"https:\/\/wordpress.nibis.de\/gspowe\/wp-json\/wp\/v2\/comments?post=7478"}],"version-history":[{"count":2,"href":"https:\/\/wordpress.nibis.de\/gspowe\/wp-json\/wp\/v2\/posts\/7478\/revisions"}],"predecessor-version":[{"id":7486,"href":"https:\/\/wordpress.nibis.de\/gspowe\/wp-json\/wp\/v2\/posts\/7478\/revisions\/7486"}],"wp:attachment":[{"href":"https:\/\/wordpress.nibis.de\/gspowe\/wp-json\/wp\/v2\/media?parent=7478"}],"wp:term":[{"taxonomy":"category","embeddable":true,"href":"https:\/\/wordpress.nibis.de\/gspowe\/wp-json\/wp\/v2\/categories?post=7478"},{"taxonomy":"post_tag","embeddable":true,"href":"https:\/\/wordpress.nibis.de\/gspowe\/wp-json\/wp\/v2\/tags?post=7478"}],"curies":[{"name":"wp","href":"https:\/\/api.w.org\/{rel}","templated":true}]}}