{"id":5201,"date":"2022-09-28T12:00:32","date_gmt":"2022-09-28T10:00:32","guid":{"rendered":"https:\/\/wordpress.nibis.de\/gsrautheim\/?p=5201"},"modified":"2022-09-28T12:04:26","modified_gmt":"2022-09-28T10:04:26","slug":"stadtradeln","status":"publish","type":"post","link":"https:\/\/wordpress.nibis.de\/gsrautheim\/stadtradeln\/","title":{"rendered":"Stadtradeln"},"content":{"rendered":"<p><span style=\"font-family: tahoma, arial, helvetica, sans-serif\">\u00a0<\/span><\/p>\n<p><img loading=\"lazy\" decoding=\"async\" class=\"alignleft wp-image-701 size-thumbnail\" src=\"https:\/\/wordpress.nibis.de\/gsrautheim\/files\/2014\/11\/radfahren-150x150.jpg\" alt=\"\" width=\"150\" height=\"150\" \/><span style=\"font-family: tahoma, arial, helvetica, sans-serif\">Die 36 Stadtradler, die f\u00fcr die Grundschule Rautheim in die Pedale getreten sind, haben eine Strecke von 3519km. Das ist soviel, als w\u00e4re jemand von Braunschweig nach Neapel (Italien<\/span><span style=\"font-family: tahoma, arial, helvetica, sans-serif\">) und zur\u00fcck mit dem Rad gefahren.<\/span><\/p>\n<p><span style=\"font-family: tahoma, arial, helvetica, sans-serif\">Wir haben zusammen 500kg CO2 eingespart.<\/span><\/p>\n<p><span style=\"font-family: tahoma, arial, helvetica, sans-serif\">Danke f\u00fcrs Mitmachen. Im n\u00e4chsten Jahr schaffen wir sicher noch viel mehr!<\/span><\/p>\n<p><span style=\"font-family: tahoma, arial, helvetica, sans-serif\">Hier geht&#8217;s zur Homepage:<\/span><\/p>\n<p><span style=\"font-family: tahoma, arial, helvetica, sans-serif\">https:\/\/www.stadtradeln.de\/braunschweig<\/span><\/p>\n","protected":false},"excerpt":{"rendered":"<p>\u00a0 Die 36 Stadtradler, die f\u00fcr die Grundschule Rautheim in die Pedale getreten sind, haben eine Strecke von 3519km. Das ist soviel, als w\u00e4re jemand von Braunschweig nach Neapel (Italien) und zur\u00fcck mit dem Rad gefahren. Wir haben zusammen 500kg CO2 eingespart. Danke f\u00fcrs Mitmachen. Im n\u00e4chsten Jahr schaffen wir sicher noch viel mehr! Hier &hellip; <a href=\"https:\/\/wordpress.nibis.de\/gsrautheim\/stadtradeln\/\" class=\"more-link\"><span class=\"screen-reader-text\">Stadtradeln<\/span> weiterlesen <span class=\"meta-nav\">&rarr;<\/span><\/a><\/p>\n","protected":false},"author":635,"featured_media":0,"comment_status":"closed","ping_status":"closed","sticky":false,"template":"","format":"standard","meta":{"footnotes":""},"categories":[1],"tags":[],"class_list":["post-5201","post","type-post","status-publish","format-standard","hentry","category-allgemein"],"_links":{"self":[{"href":"https:\/\/wordpress.nibis.de\/gsrautheim\/wp-json\/wp\/v2\/posts\/5201","targetHints":{"allow":["GET"]}}],"collection":[{"href":"https:\/\/wordpress.nibis.de\/gsrautheim\/wp-json\/wp\/v2\/posts"}],"about":[{"href":"https:\/\/wordpress.nibis.de\/gsrautheim\/wp-json\/wp\/v2\/types\/post"}],"author":[{"embeddable":true,"href":"https:\/\/wordpress.nibis.de\/gsrautheim\/wp-json\/wp\/v2\/users\/635"}],"replies":[{"embeddable":true,"href":"https:\/\/wordpress.nibis.de\/gsrautheim\/wp-json\/wp\/v2\/comments?post=5201"}],"version-history":[{"count":4,"href":"https:\/\/wordpress.nibis.de\/gsrautheim\/wp-json\/wp\/v2\/posts\/5201\/revisions"}],"predecessor-version":[{"id":5205,"href":"https:\/\/wordpress.nibis.de\/gsrautheim\/wp-json\/wp\/v2\/posts\/5201\/revisions\/5205"}],"wp:attachment":[{"href":"https:\/\/wordpress.nibis.de\/gsrautheim\/wp-json\/wp\/v2\/media?parent=5201"}],"wp:term":[{"taxonomy":"category","embeddable":true,"href":"https:\/\/wordpress.nibis.de\/gsrautheim\/wp-json\/wp\/v2\/categories?post=5201"},{"taxonomy":"post_tag","embeddable":true,"href":"https:\/\/wordpress.nibis.de\/gsrautheim\/wp-json\/wp\/v2\/tags?post=5201"}],"curies":[{"name":"wp","href":"https:\/\/api.w.org\/{rel}","templated":true}]}}