{"id":4199,"date":"2022-07-13T14:20:05","date_gmt":"2022-07-13T12:20:05","guid":{"rendered":"https:\/\/wordpress.nibis.de\/gsschmedwolt\/?p=4199"},"modified":"2023-04-23T08:40:53","modified_gmt":"2023-04-23T06:40:53","slug":"13-07-2022-umzug-unserer-neuen-drittklaesslerinnen-nach-woltrof","status":"publish","type":"post","link":"https:\/\/wordpress.nibis.de\/gsschmedwolt\/13-07-2022-umzug-unserer-neuen-drittklaesslerinnen-nach-woltrof\/","title":{"rendered":"13.07.2022 &#8211; Umzug unserer neuen Drittkl\u00e4ssler*innen nach Woltorf"},"content":{"rendered":"<p>Am 13.07.2022 haben die Sch\u00fcler*innen des zuk\u00fcnftigen 3. Jahrgangs Abschied vom Standort in Schmedenstedt genommen. Standesgem\u00e4\u00df erfolgte der gemeinsame Umzug nach Woltorf.<\/p>\n<div id='gallery-1' class='gallery galleryid-4199 gallery-columns-3 gallery-size-medium'><figure class='gallery-item'>\n\t\t\t<div class='gallery-icon landscape'>\n\t\t\t\t<a href='https:\/\/wordpress.nibis.de\/gsschmedwolt\/files\/2022\/07\/Umzug1.jpg'><img loading=\"lazy\" decoding=\"async\" width=\"300\" height=\"225\" src=\"https:\/\/wordpress.nibis.de\/gsschmedwolt\/files\/2022\/07\/Umzug1-300x225.jpg\" class=\"attachment-medium size-medium\" alt=\"\" srcset=\"https:\/\/wordpress.nibis.de\/gsschmedwolt\/files\/2022\/07\/Umzug1-300x225.jpg 300w, https:\/\/wordpress.nibis.de\/gsschmedwolt\/files\/2022\/07\/Umzug1.jpg 640w\" sizes=\"auto, (max-width: 300px) 100vw, 300px\" \/><\/a>\n\t\t\t<\/div><\/figure>\n\t\t<\/div>\n\n","protected":false},"excerpt":{"rendered":"<p>Am 13.07.2022 haben die Sch\u00fcler*innen des zuk\u00fcnftigen 3. Jahrgangs Abschied vom Standort in Schmedenstedt genommen. Standesgem\u00e4\u00df erfolgte der gemeinsame Umzug nach Woltorf.<\/p>\n","protected":false},"author":9192595,"featured_media":0,"comment_status":"closed","ping_status":"closed","sticky":false,"template":"","format":"standard","meta":{"footnotes":""},"categories":[1],"tags":[],"class_list":["post-4199","post","type-post","status-publish","format-standard","hentry","category-allgemein"],"_links":{"self":[{"href":"https:\/\/wordpress.nibis.de\/gsschmedwolt\/wp-json\/wp\/v2\/posts\/4199","targetHints":{"allow":["GET"]}}],"collection":[{"href":"https:\/\/wordpress.nibis.de\/gsschmedwolt\/wp-json\/wp\/v2\/posts"}],"about":[{"href":"https:\/\/wordpress.nibis.de\/gsschmedwolt\/wp-json\/wp\/v2\/types\/post"}],"author":[{"embeddable":true,"href":"https:\/\/wordpress.nibis.de\/gsschmedwolt\/wp-json\/wp\/v2\/users\/9192595"}],"replies":[{"embeddable":true,"href":"https:\/\/wordpress.nibis.de\/gsschmedwolt\/wp-json\/wp\/v2\/comments?post=4199"}],"version-history":[{"count":3,"href":"https:\/\/wordpress.nibis.de\/gsschmedwolt\/wp-json\/wp\/v2\/posts\/4199\/revisions"}],"predecessor-version":[{"id":4436,"href":"https:\/\/wordpress.nibis.de\/gsschmedwolt\/wp-json\/wp\/v2\/posts\/4199\/revisions\/4436"}],"wp:attachment":[{"href":"https:\/\/wordpress.nibis.de\/gsschmedwolt\/wp-json\/wp\/v2\/media?parent=4199"}],"wp:term":[{"taxonomy":"category","embeddable":true,"href":"https:\/\/wordpress.nibis.de\/gsschmedwolt\/wp-json\/wp\/v2\/categories?post=4199"},{"taxonomy":"post_tag","embeddable":true,"href":"https:\/\/wordpress.nibis.de\/gsschmedwolt\/wp-json\/wp\/v2\/tags?post=4199"}],"curies":[{"name":"wp","href":"https:\/\/api.w.org\/{rel}","templated":true}]}}