{"id":4401,"date":"2023-03-16T14:09:26","date_gmt":"2023-03-16T13:09:26","guid":{"rendered":"https:\/\/wordpress.nibis.de\/gsschmedwolt\/?p=4401"},"modified":"2023-03-16T14:09:37","modified_gmt":"2023-03-16T13:09:37","slug":"10-03-2023-besuch-der-igs-voehrum","status":"publish","type":"post","link":"https:\/\/wordpress.nibis.de\/gsschmedwolt\/10-03-2023-besuch-der-igs-voehrum\/","title":{"rendered":"10.03.2023 &#8211; Schnuppertag an der IGS V\u00f6hrum"},"content":{"rendered":"<p>Am 10. M\u00e4rz 2023 durften die Sch\u00fcler des 4. Jahrgangs einen spannenden Vormittag in der IGS V\u00f6hrum verbringen. Sie wurden von Sch\u00fclern der 5. Klasse und Herrn Hellmann herumgef\u00fchrt, lernten das Schulgeb\u00e4ude kennen, nahmen am Biologie,- und Franz\u00f6sischunterricht teil, besuchten den \u00d6kogarten und stellten dort ihr eigenes Kr\u00e4utersalz her. Wir bedanken uns f\u00fcr diesen spannenden Vormittag.<\/p>\n<div id='gallery-1' class='gallery galleryid-4401 gallery-columns-3 gallery-size-medium'><figure class='gallery-item'>\n\t\t\t<div class='gallery-icon landscape'>\n\t\t\t\t<a href='https:\/\/wordpress.nibis.de\/gsschmedwolt\/files\/2023\/03\/Besuch-IGS-1.jpeg'><img loading=\"lazy\" decoding=\"async\" width=\"300\" height=\"225\" src=\"https:\/\/wordpress.nibis.de\/gsschmedwolt\/files\/2023\/03\/Besuch-IGS-1-300x225.jpeg\" class=\"attachment-medium size-medium\" alt=\"\" srcset=\"https:\/\/wordpress.nibis.de\/gsschmedwolt\/files\/2023\/03\/Besuch-IGS-1-300x225.jpeg 300w, https:\/\/wordpress.nibis.de\/gsschmedwolt\/files\/2023\/03\/Besuch-IGS-1-800x600.jpeg 800w, https:\/\/wordpress.nibis.de\/gsschmedwolt\/files\/2023\/03\/Besuch-IGS-1-768x576.jpeg 768w, https:\/\/wordpress.nibis.de\/gsschmedwolt\/files\/2023\/03\/Besuch-IGS-1-1536x1152.jpeg 1536w, https:\/\/wordpress.nibis.de\/gsschmedwolt\/files\/2023\/03\/Besuch-IGS-1.jpeg 1824w\" sizes=\"auto, (max-width: 300px) 100vw, 300px\" \/><\/a>\n\t\t\t<\/div><\/figure><figure class='gallery-item'>\n\t\t\t<div class='gallery-icon landscape'>\n\t\t\t\t<a href='https:\/\/wordpress.nibis.de\/gsschmedwolt\/files\/2023\/03\/Besuch-IGS.jpeg'><img loading=\"lazy\" decoding=\"async\" width=\"300\" height=\"225\" src=\"https:\/\/wordpress.nibis.de\/gsschmedwolt\/files\/2023\/03\/Besuch-IGS-300x225.jpeg\" class=\"attachment-medium size-medium\" alt=\"\" srcset=\"https:\/\/wordpress.nibis.de\/gsschmedwolt\/files\/2023\/03\/Besuch-IGS-300x225.jpeg 300w, https:\/\/wordpress.nibis.de\/gsschmedwolt\/files\/2023\/03\/Besuch-IGS-800x600.jpeg 800w, https:\/\/wordpress.nibis.de\/gsschmedwolt\/files\/2023\/03\/Besuch-IGS-768x576.jpeg 768w, https:\/\/wordpress.nibis.de\/gsschmedwolt\/files\/2023\/03\/Besuch-IGS-1536x1152.jpeg 1536w, https:\/\/wordpress.nibis.de\/gsschmedwolt\/files\/2023\/03\/Besuch-IGS.jpeg 1824w\" sizes=\"auto, (max-width: 300px) 100vw, 300px\" \/><\/a>\n\t\t\t<\/div><\/figure>\n\t\t<\/div>\n\n","protected":false},"excerpt":{"rendered":"<p>Am 10. M\u00e4rz 2023 durften die Sch\u00fcler des 4. Jahrgangs einen spannenden Vormittag in der IGS V\u00f6hrum verbringen. Sie wurden von Sch\u00fclern der 5. Klasse und Herrn Hellmann herumgef\u00fchrt, lernten das Schulgeb\u00e4ude kennen, nahmen am Biologie,- und Franz\u00f6sischunterricht teil, besuchten den \u00d6kogarten und stellten dort ihr eigenes Kr\u00e4utersalz her. Wir bedanken uns f\u00fcr diesen spannenden [&hellip;]<\/p>\n","protected":false},"author":9192595,"featured_media":0,"comment_status":"closed","ping_status":"closed","sticky":false,"template":"","format":"standard","meta":{"footnotes":""},"categories":[1],"tags":[],"class_list":["post-4401","post","type-post","status-publish","format-standard","hentry","category-allgemein"],"_links":{"self":[{"href":"https:\/\/wordpress.nibis.de\/gsschmedwolt\/wp-json\/wp\/v2\/posts\/4401","targetHints":{"allow":["GET"]}}],"collection":[{"href":"https:\/\/wordpress.nibis.de\/gsschmedwolt\/wp-json\/wp\/v2\/posts"}],"about":[{"href":"https:\/\/wordpress.nibis.de\/gsschmedwolt\/wp-json\/wp\/v2\/types\/post"}],"author":[{"embeddable":true,"href":"https:\/\/wordpress.nibis.de\/gsschmedwolt\/wp-json\/wp\/v2\/users\/9192595"}],"replies":[{"embeddable":true,"href":"https:\/\/wordpress.nibis.de\/gsschmedwolt\/wp-json\/wp\/v2\/comments?post=4401"}],"version-history":[{"count":3,"href":"https:\/\/wordpress.nibis.de\/gsschmedwolt\/wp-json\/wp\/v2\/posts\/4401\/revisions"}],"predecessor-version":[{"id":4406,"href":"https:\/\/wordpress.nibis.de\/gsschmedwolt\/wp-json\/wp\/v2\/posts\/4401\/revisions\/4406"}],"wp:attachment":[{"href":"https:\/\/wordpress.nibis.de\/gsschmedwolt\/wp-json\/wp\/v2\/media?parent=4401"}],"wp:term":[{"taxonomy":"category","embeddable":true,"href":"https:\/\/wordpress.nibis.de\/gsschmedwolt\/wp-json\/wp\/v2\/categories?post=4401"},{"taxonomy":"post_tag","embeddable":true,"href":"https:\/\/wordpress.nibis.de\/gsschmedwolt\/wp-json\/wp\/v2\/tags?post=4401"}],"curies":[{"name":"wp","href":"https:\/\/api.w.org\/{rel}","templated":true}]}}