{"id":4490,"date":"2023-07-01T11:32:17","date_gmt":"2023-07-01T09:32:17","guid":{"rendered":"https:\/\/wordpress.nibis.de\/gsschmedwolt\/?p=4490"},"modified":"2023-07-01T11:32:17","modified_gmt":"2023-07-01T09:32:17","slug":"23-06-2023-schulfest","status":"publish","type":"post","link":"https:\/\/wordpress.nibis.de\/gsschmedwolt\/23-06-2023-schulfest\/","title":{"rendered":"23.06.2023 &#8211; Schulfest"},"content":{"rendered":"<p>Am 23.06.2023 feierten wir an beiden Standorten unser gro\u00dfes Schulfest.<\/p>\n<p>In den Klassenr\u00e4umen und Fluren in Schmedenstedt erhielten die Besucher*innen Einblicke in die Bereiche Kinderparlament, Umweltschule, digitales Lernen, soziales Lernen und Schulgeschichte. In der Mehrzweckhalle pr\u00e4sentierten die Arbeitsgemeinschaften aus dem Ganztagsbereich ihre Ergebnisse und luden zu zahlreichen Mitmachaktionen ein.<\/p>\n<p>Am Nachmittag wurde die Veranstaltung am Standort Woltorf mit dem H\u00f6hepunkt eines Sponsorenlaufes fortgesetzt. Zum Schluss \u00fcberraschte der Schulelternrat mit der Idee, die Schule unterm Regenbogen f\u00fcr den Deutschen Schulpreis 2024 zu nominieren.<\/p>\n<p>Wir bedanken uns sehr herzlich bei allen Teilnehmer*innen und Helfer*innen f\u00fcr diesen gelungenen und sch\u00f6nen Tag.<\/p>\n<div id='gallery-1' class='gallery galleryid-4490 gallery-columns-3 gallery-size-medium'><figure class='gallery-item'>\n\t\t\t<div class='gallery-icon landscape'>\n\t\t\t\t<a href='https:\/\/wordpress.nibis.de\/gsschmedwolt\/files\/2023\/07\/b7f9c50c-6ca8-4bc2-9226-67adb1f44275.jpeg'><img loading=\"lazy\" decoding=\"async\" width=\"300\" height=\"225\" src=\"https:\/\/wordpress.nibis.de\/gsschmedwolt\/files\/2023\/07\/b7f9c50c-6ca8-4bc2-9226-67adb1f44275-300x225.jpeg\" class=\"attachment-medium size-medium\" alt=\"\" srcset=\"https:\/\/wordpress.nibis.de\/gsschmedwolt\/files\/2023\/07\/b7f9c50c-6ca8-4bc2-9226-67adb1f44275-300x225.jpeg 300w, https:\/\/wordpress.nibis.de\/gsschmedwolt\/files\/2023\/07\/b7f9c50c-6ca8-4bc2-9226-67adb1f44275-800x600.jpeg 800w, https:\/\/wordpress.nibis.de\/gsschmedwolt\/files\/2023\/07\/b7f9c50c-6ca8-4bc2-9226-67adb1f44275-768x576.jpeg 768w, https:\/\/wordpress.nibis.de\/gsschmedwolt\/files\/2023\/07\/b7f9c50c-6ca8-4bc2-9226-67adb1f44275.jpeg 1024w\" sizes=\"auto, (max-width: 300px) 100vw, 300px\" \/><\/a>\n\t\t\t<\/div><\/figure><figure class='gallery-item'>\n\t\t\t<div class='gallery-icon landscape'>\n\t\t\t\t<a href='https:\/\/wordpress.nibis.de\/gsschmedwolt\/files\/2023\/07\/4018ecfd-98c5-401f-a4f7-c54b6f364d88.jpeg'><img loading=\"lazy\" decoding=\"async\" width=\"300\" height=\"225\" src=\"https:\/\/wordpress.nibis.de\/gsschmedwolt\/files\/2023\/07\/4018ecfd-98c5-401f-a4f7-c54b6f364d88-300x225.jpeg\" class=\"attachment-medium size-medium\" alt=\"\" srcset=\"https:\/\/wordpress.nibis.de\/gsschmedwolt\/files\/2023\/07\/4018ecfd-98c5-401f-a4f7-c54b6f364d88-300x225.jpeg 300w, https:\/\/wordpress.nibis.de\/gsschmedwolt\/files\/2023\/07\/4018ecfd-98c5-401f-a4f7-c54b6f364d88-800x600.jpeg 800w, https:\/\/wordpress.nibis.de\/gsschmedwolt\/files\/2023\/07\/4018ecfd-98c5-401f-a4f7-c54b6f364d88-768x576.jpeg 768w, https:\/\/wordpress.nibis.de\/gsschmedwolt\/files\/2023\/07\/4018ecfd-98c5-401f-a4f7-c54b6f364d88.jpeg 1024w\" sizes=\"auto, (max-width: 300px) 100vw, 300px\" \/><\/a>\n\t\t\t<\/div><\/figure><figure class='gallery-item'>\n\t\t\t<div class='gallery-icon portrait'>\n\t\t\t\t<a href='https:\/\/wordpress.nibis.de\/gsschmedwolt\/files\/2023\/07\/1920cfbb-5b3f-4c64-8b45-d7862b9316b6.jpeg'><img loading=\"lazy\" decoding=\"async\" width=\"225\" height=\"300\" src=\"https:\/\/wordpress.nibis.de\/gsschmedwolt\/files\/2023\/07\/1920cfbb-5b3f-4c64-8b45-d7862b9316b6-225x300.jpeg\" class=\"attachment-medium size-medium\" alt=\"\" srcset=\"https:\/\/wordpress.nibis.de\/gsschmedwolt\/files\/2023\/07\/1920cfbb-5b3f-4c64-8b45-d7862b9316b6-225x300.jpeg 225w, https:\/\/wordpress.nibis.de\/gsschmedwolt\/files\/2023\/07\/1920cfbb-5b3f-4c64-8b45-d7862b9316b6-450x600.jpeg 450w, https:\/\/wordpress.nibis.de\/gsschmedwolt\/files\/2023\/07\/1920cfbb-5b3f-4c64-8b45-d7862b9316b6.jpeg 768w\" sizes=\"auto, (max-width: 225px) 100vw, 225px\" \/><\/a>\n\t\t\t<\/div><\/figure><figure class='gallery-item'>\n\t\t\t<div class='gallery-icon landscape'>\n\t\t\t\t<a href='https:\/\/wordpress.nibis.de\/gsschmedwolt\/files\/2023\/07\/4b1bec9e-a6e8-41e3-b026-c042e77ce68f.jpeg'><img loading=\"lazy\" decoding=\"async\" width=\"300\" height=\"225\" src=\"https:\/\/wordpress.nibis.de\/gsschmedwolt\/files\/2023\/07\/4b1bec9e-a6e8-41e3-b026-c042e77ce68f-300x225.jpeg\" class=\"attachment-medium size-medium\" alt=\"\" srcset=\"https:\/\/wordpress.nibis.de\/gsschmedwolt\/files\/2023\/07\/4b1bec9e-a6e8-41e3-b026-c042e77ce68f-300x225.jpeg 300w, https:\/\/wordpress.nibis.de\/gsschmedwolt\/files\/2023\/07\/4b1bec9e-a6e8-41e3-b026-c042e77ce68f-800x600.jpeg 800w, https:\/\/wordpress.nibis.de\/gsschmedwolt\/files\/2023\/07\/4b1bec9e-a6e8-41e3-b026-c042e77ce68f-768x576.jpeg 768w, https:\/\/wordpress.nibis.de\/gsschmedwolt\/files\/2023\/07\/4b1bec9e-a6e8-41e3-b026-c042e77ce68f.jpeg 1024w\" sizes=\"auto, (max-width: 300px) 100vw, 300px\" \/><\/a>\n\t\t\t<\/div><\/figure>\n\t\t<\/div>\n\n","protected":false},"excerpt":{"rendered":"<p>Am 23.06.2023 feierten wir an beiden Standorten unser gro\u00dfes Schulfest. In den Klassenr\u00e4umen und Fluren in Schmedenstedt erhielten die Besucher*innen Einblicke in die Bereiche Kinderparlament, Umweltschule, digitales Lernen, soziales Lernen und Schulgeschichte. In der Mehrzweckhalle pr\u00e4sentierten die Arbeitsgemeinschaften aus dem Ganztagsbereich ihre Ergebnisse und luden zu zahlreichen Mitmachaktionen ein. Am Nachmittag wurde die Veranstaltung am [&hellip;]<\/p>\n","protected":false},"author":9192595,"featured_media":0,"comment_status":"closed","ping_status":"closed","sticky":false,"template":"","format":"standard","meta":{"footnotes":""},"categories":[1],"tags":[],"class_list":["post-4490","post","type-post","status-publish","format-standard","hentry","category-allgemein"],"_links":{"self":[{"href":"https:\/\/wordpress.nibis.de\/gsschmedwolt\/wp-json\/wp\/v2\/posts\/4490","targetHints":{"allow":["GET"]}}],"collection":[{"href":"https:\/\/wordpress.nibis.de\/gsschmedwolt\/wp-json\/wp\/v2\/posts"}],"about":[{"href":"https:\/\/wordpress.nibis.de\/gsschmedwolt\/wp-json\/wp\/v2\/types\/post"}],"author":[{"embeddable":true,"href":"https:\/\/wordpress.nibis.de\/gsschmedwolt\/wp-json\/wp\/v2\/users\/9192595"}],"replies":[{"embeddable":true,"href":"https:\/\/wordpress.nibis.de\/gsschmedwolt\/wp-json\/wp\/v2\/comments?post=4490"}],"version-history":[{"count":9,"href":"https:\/\/wordpress.nibis.de\/gsschmedwolt\/wp-json\/wp\/v2\/posts\/4490\/revisions"}],"predecessor-version":[{"id":4509,"href":"https:\/\/wordpress.nibis.de\/gsschmedwolt\/wp-json\/wp\/v2\/posts\/4490\/revisions\/4509"}],"wp:attachment":[{"href":"https:\/\/wordpress.nibis.de\/gsschmedwolt\/wp-json\/wp\/v2\/media?parent=4490"}],"wp:term":[{"taxonomy":"category","embeddable":true,"href":"https:\/\/wordpress.nibis.de\/gsschmedwolt\/wp-json\/wp\/v2\/categories?post=4490"},{"taxonomy":"post_tag","embeddable":true,"href":"https:\/\/wordpress.nibis.de\/gsschmedwolt\/wp-json\/wp\/v2\/tags?post=4490"}],"curies":[{"name":"wp","href":"https:\/\/api.w.org\/{rel}","templated":true}]}}