{"id":4523,"date":"2023-07-01T11:59:22","date_gmt":"2023-07-01T09:59:22","guid":{"rendered":"https:\/\/wordpress.nibis.de\/gsschmedwolt\/?p=4523"},"modified":"2023-07-01T11:59:22","modified_gmt":"2023-07-01T09:59:22","slug":"27-06-2023-das-geheime-leben-der-piraten","status":"publish","type":"post","link":"https:\/\/wordpress.nibis.de\/gsschmedwolt\/27-06-2023-das-geheime-leben-der-piraten\/","title":{"rendered":"27.06.2023 &#8211; &#8222;Das geheime Leben der Piraten&#8220;"},"content":{"rendered":"<p>Am 27.6.2023 war es nun endlich soweit. Unser Musical &#8222;Das geheime Leben der Piraten&#8220; wurde endlich aufgef\u00fchrt. Ein halbes Jahr lang haben die Kinder des Schulchores f\u00fcr diesen Tag geprobt. Und die M\u00fchen haben sich gelohnt. Die zahlreichen Zuschauer waren begeistert.<\/p>\n<div id='gallery-1' class='gallery galleryid-4523 gallery-columns-3 gallery-size-medium'><figure class='gallery-item'>\n\t\t\t<div class='gallery-icon landscape'>\n\t\t\t\t<a href='https:\/\/wordpress.nibis.de\/gsschmedwolt\/files\/2023\/07\/IMG_9655.jpg'><img loading=\"lazy\" decoding=\"async\" width=\"300\" height=\"225\" src=\"https:\/\/wordpress.nibis.de\/gsschmedwolt\/files\/2023\/07\/IMG_9655-300x225.jpg\" class=\"attachment-medium size-medium\" alt=\"\" srcset=\"https:\/\/wordpress.nibis.de\/gsschmedwolt\/files\/2023\/07\/IMG_9655-300x225.jpg 300w, https:\/\/wordpress.nibis.de\/gsschmedwolt\/files\/2023\/07\/IMG_9655.jpg 640w\" sizes=\"auto, (max-width: 300px) 100vw, 300px\" \/><\/a>\n\t\t\t<\/div><\/figure><figure class='gallery-item'>\n\t\t\t<div class='gallery-icon landscape'>\n\t\t\t\t<a href='https:\/\/wordpress.nibis.de\/gsschmedwolt\/files\/2023\/07\/IMG_9679.jpg'><img loading=\"lazy\" decoding=\"async\" width=\"300\" height=\"225\" src=\"https:\/\/wordpress.nibis.de\/gsschmedwolt\/files\/2023\/07\/IMG_9679-300x225.jpg\" class=\"attachment-medium size-medium\" alt=\"\" srcset=\"https:\/\/wordpress.nibis.de\/gsschmedwolt\/files\/2023\/07\/IMG_9679-300x225.jpg 300w, https:\/\/wordpress.nibis.de\/gsschmedwolt\/files\/2023\/07\/IMG_9679.jpg 640w\" sizes=\"auto, (max-width: 300px) 100vw, 300px\" \/><\/a>\n\t\t\t<\/div><\/figure>\n\t\t<\/div>\n\n","protected":false},"excerpt":{"rendered":"<p>Am 27.6.2023 war es nun endlich soweit. Unser Musical &#8222;Das geheime Leben der Piraten&#8220; wurde endlich aufgef\u00fchrt. Ein halbes Jahr lang haben die Kinder des Schulchores f\u00fcr diesen Tag geprobt. Und die M\u00fchen haben sich gelohnt. Die zahlreichen Zuschauer waren begeistert.<\/p>\n","protected":false},"author":9192595,"featured_media":0,"comment_status":"closed","ping_status":"closed","sticky":false,"template":"","format":"standard","meta":{"footnotes":""},"categories":[1],"tags":[],"class_list":["post-4523","post","type-post","status-publish","format-standard","hentry","category-allgemein"],"_links":{"self":[{"href":"https:\/\/wordpress.nibis.de\/gsschmedwolt\/wp-json\/wp\/v2\/posts\/4523","targetHints":{"allow":["GET"]}}],"collection":[{"href":"https:\/\/wordpress.nibis.de\/gsschmedwolt\/wp-json\/wp\/v2\/posts"}],"about":[{"href":"https:\/\/wordpress.nibis.de\/gsschmedwolt\/wp-json\/wp\/v2\/types\/post"}],"author":[{"embeddable":true,"href":"https:\/\/wordpress.nibis.de\/gsschmedwolt\/wp-json\/wp\/v2\/users\/9192595"}],"replies":[{"embeddable":true,"href":"https:\/\/wordpress.nibis.de\/gsschmedwolt\/wp-json\/wp\/v2\/comments?post=4523"}],"version-history":[{"count":1,"href":"https:\/\/wordpress.nibis.de\/gsschmedwolt\/wp-json\/wp\/v2\/posts\/4523\/revisions"}],"predecessor-version":[{"id":4534,"href":"https:\/\/wordpress.nibis.de\/gsschmedwolt\/wp-json\/wp\/v2\/posts\/4523\/revisions\/4534"}],"wp:attachment":[{"href":"https:\/\/wordpress.nibis.de\/gsschmedwolt\/wp-json\/wp\/v2\/media?parent=4523"}],"wp:term":[{"taxonomy":"category","embeddable":true,"href":"https:\/\/wordpress.nibis.de\/gsschmedwolt\/wp-json\/wp\/v2\/categories?post=4523"},{"taxonomy":"post_tag","embeddable":true,"href":"https:\/\/wordpress.nibis.de\/gsschmedwolt\/wp-json\/wp\/v2\/tags?post=4523"}],"curies":[{"name":"wp","href":"https:\/\/api.w.org\/{rel}","templated":true}]}}