{"id":4548,"date":"2023-07-07T09:44:07","date_gmt":"2023-07-07T07:44:07","guid":{"rendered":"https:\/\/wordpress.nibis.de\/gsschmedwolt\/?p=4548"},"modified":"2023-07-07T09:44:07","modified_gmt":"2023-07-07T07:44:07","slug":"05-07-2023-verabschiedung-unserer-viertklaesslerinnen","status":"publish","type":"post","link":"https:\/\/wordpress.nibis.de\/gsschmedwolt\/05-07-2023-verabschiedung-unserer-viertklaesslerinnen\/","title":{"rendered":"05.07.2023 &#8211; Verabschiedung unserer Viertkl\u00e4ssler*innen"},"content":{"rendered":"<p>Mit einer gemeinsamen Verabschiedungsfeier wurden am 05.07.2023 die ehemaligen Viertkl\u00e4ssler*innen auf dem Schulhof in Woltorf verabschiedet. Wir w\u00fcnschen unseren ehemaligen Sch\u00fcler*innen wundersch\u00f6ne Sommerferien und einen guten Start an ihren neuen Schule. Wir werden euch vermissen!<\/p>\n<div id='gallery-1' class='gallery galleryid-4548 gallery-columns-3 gallery-size-medium'><figure class='gallery-item'>\n\t\t\t<div class='gallery-icon portrait'>\n\t\t\t\t<a href='https:\/\/wordpress.nibis.de\/gsschmedwolt\/files\/2023\/07\/2a613f9c-c821-4499-abcb-8756ea739d28.jpg'><img loading=\"lazy\" decoding=\"async\" width=\"225\" height=\"300\" src=\"https:\/\/wordpress.nibis.de\/gsschmedwolt\/files\/2023\/07\/2a613f9c-c821-4499-abcb-8756ea739d28-225x300.jpg\" class=\"attachment-medium size-medium\" alt=\"\" srcset=\"https:\/\/wordpress.nibis.de\/gsschmedwolt\/files\/2023\/07\/2a613f9c-c821-4499-abcb-8756ea739d28-225x300.jpg 225w, https:\/\/wordpress.nibis.de\/gsschmedwolt\/files\/2023\/07\/2a613f9c-c821-4499-abcb-8756ea739d28-450x600.jpg 450w, https:\/\/wordpress.nibis.de\/gsschmedwolt\/files\/2023\/07\/2a613f9c-c821-4499-abcb-8756ea739d28.jpg 480w\" sizes=\"auto, (max-width: 225px) 100vw, 225px\" \/><\/a>\n\t\t\t<\/div><\/figure><figure class='gallery-item'>\n\t\t\t<div class='gallery-icon portrait'>\n\t\t\t\t<a href='https:\/\/wordpress.nibis.de\/gsschmedwolt\/files\/2023\/07\/0444ef2f-cd12-49ab-9035-d204a5dcb30e.jpg'><img loading=\"lazy\" decoding=\"async\" width=\"225\" height=\"300\" src=\"https:\/\/wordpress.nibis.de\/gsschmedwolt\/files\/2023\/07\/0444ef2f-cd12-49ab-9035-d204a5dcb30e-225x300.jpg\" class=\"attachment-medium size-medium\" alt=\"\" srcset=\"https:\/\/wordpress.nibis.de\/gsschmedwolt\/files\/2023\/07\/0444ef2f-cd12-49ab-9035-d204a5dcb30e-225x300.jpg 225w, https:\/\/wordpress.nibis.de\/gsschmedwolt\/files\/2023\/07\/0444ef2f-cd12-49ab-9035-d204a5dcb30e-450x600.jpg 450w, https:\/\/wordpress.nibis.de\/gsschmedwolt\/files\/2023\/07\/0444ef2f-cd12-49ab-9035-d204a5dcb30e-768x1024.jpg 768w, https:\/\/wordpress.nibis.de\/gsschmedwolt\/files\/2023\/07\/0444ef2f-cd12-49ab-9035-d204a5dcb30e-1152x1536.jpg 1152w, https:\/\/wordpress.nibis.de\/gsschmedwolt\/files\/2023\/07\/0444ef2f-cd12-49ab-9035-d204a5dcb30e.jpg 1536w\" sizes=\"auto, (max-width: 225px) 100vw, 225px\" \/><\/a>\n\t\t\t<\/div><\/figure>\n\t\t<\/div>\n\n","protected":false},"excerpt":{"rendered":"<p>Mit einer gemeinsamen Verabschiedungsfeier wurden am 05.07.2023 die ehemaligen Viertkl\u00e4ssler*innen auf dem Schulhof in Woltorf verabschiedet. Wir w\u00fcnschen unseren ehemaligen Sch\u00fcler*innen wundersch\u00f6ne Sommerferien und einen guten Start an ihren neuen Schule. Wir werden euch vermissen!<\/p>\n","protected":false},"author":9192595,"featured_media":0,"comment_status":"closed","ping_status":"closed","sticky":false,"template":"","format":"standard","meta":{"footnotes":""},"categories":[1],"tags":[],"class_list":["post-4548","post","type-post","status-publish","format-standard","hentry","category-allgemein"],"_links":{"self":[{"href":"https:\/\/wordpress.nibis.de\/gsschmedwolt\/wp-json\/wp\/v2\/posts\/4548","targetHints":{"allow":["GET"]}}],"collection":[{"href":"https:\/\/wordpress.nibis.de\/gsschmedwolt\/wp-json\/wp\/v2\/posts"}],"about":[{"href":"https:\/\/wordpress.nibis.de\/gsschmedwolt\/wp-json\/wp\/v2\/types\/post"}],"author":[{"embeddable":true,"href":"https:\/\/wordpress.nibis.de\/gsschmedwolt\/wp-json\/wp\/v2\/users\/9192595"}],"replies":[{"embeddable":true,"href":"https:\/\/wordpress.nibis.de\/gsschmedwolt\/wp-json\/wp\/v2\/comments?post=4548"}],"version-history":[{"count":2,"href":"https:\/\/wordpress.nibis.de\/gsschmedwolt\/wp-json\/wp\/v2\/posts\/4548\/revisions"}],"predecessor-version":[{"id":4557,"href":"https:\/\/wordpress.nibis.de\/gsschmedwolt\/wp-json\/wp\/v2\/posts\/4548\/revisions\/4557"}],"wp:attachment":[{"href":"https:\/\/wordpress.nibis.de\/gsschmedwolt\/wp-json\/wp\/v2\/media?parent=4548"}],"wp:term":[{"taxonomy":"category","embeddable":true,"href":"https:\/\/wordpress.nibis.de\/gsschmedwolt\/wp-json\/wp\/v2\/categories?post=4548"},{"taxonomy":"post_tag","embeddable":true,"href":"https:\/\/wordpress.nibis.de\/gsschmedwolt\/wp-json\/wp\/v2\/tags?post=4548"}],"curies":[{"name":"wp","href":"https:\/\/api.w.org\/{rel}","templated":true}]}}